{"id":454,"date":"2012-08-15T00:11:43","date_gmt":"2012-08-15T00:11:43","guid":{"rendered":"http:\/\/www.rumoasantiago.com\/viadelaplata\/?p=454"},"modified":"2012-08-15T00:11:43","modified_gmt":"2012-08-15T00:11:43","slug":"10-de-agosto-etapa-15-e-travessia-terminada","status":"publish","type":"post","link":"https:\/\/www.rumoasantiago.com\/viadelaplata\/10-de-agosto-etapa-15-e-travessia-terminada\/","title":{"rendered":"10 de Agosto &#8211; etapa 15 (e travessia) terminada"},"content":{"rendered":"<p><a href=\"https:\/\/www.rumoasantiago.com\/viadelaplata\/files\/2012\/08\/P1020007.jpg\"><img decoding=\"async\" loading=\"lazy\" class=\"alignleft size-medium wp-image-455\" style=\"margin: 5px;\" title=\"P1020007\" src=\"https:\/\/www.rumoasantiago.com\/viadelaplata\/files\/2012\/08\/P1020007-300x225.jpg\" alt=\"\" width=\"300\" height=\"225\" srcset=\"https:\/\/www.rumoasantiago.com\/viadelaplata\/files\/2012\/08\/P1020007-300x225.jpg 300w, https:\/\/www.rumoasantiago.com\/viadelaplata\/files\/2012\/08\/P1020007.jpg 1024w\" sizes=\"(max-width: 300px) 100vw, 300px\" \/><\/a><\/p>\n<p>Passados 15 dias, a 15\u00aa etapa, e consequentemente a nossa travessia da Via de la Plata, chegou ao fim.<\/p>\n<p>Como no dia anterior realiz\u00e1mos mais 10 quil\u00f3metros do que o previsto, esta manh\u00e3 est\u00e1vamos muito \u00e0 vontade no que diz respeito \u00e0 hora de partida para a \u00faltima etapa. Por isso aproveit\u00e1mos para descansar relaxadamente e levant\u00e1mo-nos por volta das 8h00 da manh\u00e3.<\/p>\n<p>O ritual, esse manteve-se. Pela \u00faltima vez organiz\u00e1mos o conte\u00fado da mochila, prepar\u00e1mos o nosso batido de prote\u00ednas <a href=\"http:\/\/www.evonutrition.com.pt\/produtos\/proteinas\/wakeup.php\" target=\"_blank\">Wake Up Evolution<\/a>\u00a0e tom\u00e1mos o nosso pequeno almo\u00e7o confortavelmente na cozinha do albergue.<\/p>\n<p>Depois da habitual limpeza das bicicletas e lubrifica\u00e7\u00e3o da transmiss\u00e3o, arranc\u00e1mos em dire\u00e7\u00e3o a Santiago de Compostela, numa curta etapa de cerca de 45km.<\/p>\n<p><img decoding=\"async\" loading=\"lazy\" class=\"alignleft\" style=\"margin: 5px;\" src=\"http:\/\/lh3.googleusercontent.com\/-8-Xe8euNQ2k\/UCrhabmPb_I\/AAAAAAAAKlg\/AkQx_pMsb7k\/s300\/P1010865.JPG\" alt=\"\" width=\"300\" height=\"225\" \/>Pelo caminho encontr\u00e1mos novamente os nossos novos amigos portugueses, Sandra, Paula e Ant\u00f3nio. Foi uma \u00faltima oportunidade de conversarmos mais um pouco, uma vez que estes nossos amigos s\u00f3 chegariam a Santiago no dia seguinte. Uma fotografia depois e ap\u00f3s trocarmos contactos, seguimos viagem.<\/p>\n<p>Os trilhos de hoje foram interessantes o suficiente para nos proporcionar alguma divers\u00e3o. N\u00e3o foram t\u00e3o t\u00e9cnicos como alguns dos que j\u00e1 t\u00ednhamos realizados antes, mas ainda assim \u00e9 certo que a Galiza tem, por toda a parte, trilhos excelentes.<\/p>\n<p>Fizemos uma paragem no Albergue do Outeiro (que na realidade est\u00e1 identificado como Albergue de San Pedro de Vilanova), que aparenta ter das melhores condi\u00e7\u00f5es em todo o caminho. Para al\u00e9m de instala\u00e7\u00f5es muito modernas e agrad\u00e1veis, conta tamb\u00e9m com servi\u00e7o de refei\u00e7\u00f5es a pre\u00e7os razo\u00e1veis, o que \u00e9 bom tendo em conta que o albergue est\u00e1 num local remoto.<\/p>\n<p><img decoding=\"async\" loading=\"lazy\" class=\"alignleft\" style=\"margin: 5px;\" src=\"http:\/\/lh3.googleusercontent.com\/-w0zbVY9XIp8\/UCrAoR_rwuI\/AAAAAAAAKXw\/ky0uy9X4sFQ\/s300\/P1010887.JPG\" alt=\"\" width=\"300\" height=\"225\" \/>Quando faltavam cerca de 15 quil\u00f3metros para Santiago, decidimos realizar um desvio na viagem que j\u00e1 tinha sido considerado na prepara\u00e7\u00e3o da mesma. Visit\u00e1mos, por isso, o Pico Sacro, num desvio de cerca de 2 quil\u00f3metros e que representou a subida mais intensa que fizemos a pedalar. De todas as subidas que fizemos em cima das bicicletas, esta foi a \u00fanica que nos deixou literalmente de pernas a tremer.<\/p>\n<p>Chegados ao limite da estrada que nos leva ao Pico Sacro, ainda carreg\u00e1mos as bicicletas pelas escadas acima at\u00e9 ao topo do pico, para apreciar a vista soberba que se tem l\u00e1 no topo. Observando com aten\u00e7\u00e3o, conseguimos avistar as torres da Catedral de Santiago.<\/p>\n<div>\n<p>Continu\u00e1mos a nossa viagem e como a fam\u00edlia que nos iria esperar na Pra\u00e7a do Obradoiro ainda estava em viagem para Santiago de Compostela, fomos abrandando o ritmo da viagem at\u00e9 que, a menos de 5 quil\u00f3metros de Santiago, fizemos uma paragem t\u00e9cnica para almo\u00e7o :). Tom\u00e1mos assim o nosso \u00faltimo &#8220;bocadillo&#8221; que, diga-se de passagem, foi dos melhores que comemos :).<img decoding=\"async\" loading=\"lazy\" class=\"alignright\" style=\"margin: 5px;\" src=\"http:\/\/lh3.googleusercontent.com\/-NEuPcS7aCT8\/UCriVaP7LdI\/AAAAAAAAKls\/v90bZRN20ZY\/s300\/P1010916.JPG\" alt=\"\" width=\"300\" height=\"225\" \/><\/p>\n<p>Depois de uma pausa para digerir o almo\u00e7o, seguimos viagem e passados 30 minutos est\u00e1vamos a entrar na Pra\u00e7a do Obradoiro, com todo o esplendor e emo\u00e7\u00e3o que esta pra\u00e7a transmite a quem chega finalmente ao seu destino.<\/p>\n<p>Ap\u00f3s uma s\u00e9rie de fotografias para a posteridade, instal\u00e1mo-nos no hotel onde j\u00e1 t\u00ednhamos decidido ficar (Pens\u00e3o Estrela) que pela localiza\u00e7\u00e3o, qualidade do alojamento e simpatia dos propriet\u00e1rios nos leva a recomendar vivamente este estabelecimento.<\/p>\n<p>De seguida dirigimo-nos \u00e0 Oficina do Peregrino para buscar as nossas Compostelas e confirmar assim oficialmente os 1000 quil\u00f3metros que preencheram os nossos dias nas \u00faltimas duas semanas.<\/p>\n\n<div class=\"youtube-embed\" itemprop=\"video\" itemscope itemtype=\"https:\/\/schema.org\/VideoObject\">\n\t<meta itemprop=\"url\" content=\"https:\/\/www.youtube.com\/v\/bvtzxVEgRgg\" \/>\n\t<meta itemprop=\"name\" content=\"10 de Agosto &#8211; etapa 15 (e travessia) terminada\" \/>\n\t<meta itemprop=\"description\" content=\"10 de Agosto &#8211; etapa 15 (e travessia) terminada\" \/>\n\t<meta itemprop=\"uploadDate\" content=\"2012-08-15T00:11:43+00:00\" \/>\n\t<meta itemprop=\"thumbnailUrl\" content=\"https:\/\/i.ytimg.com\/vi\/bvtzxVEgRgg\/default.jpg\" \/>\n\t<meta itemprop=\"embedUrl\" content=\"https:\/\/www.youtube.com\/embed\/bvtzxVEgRgg\" \/>\n\t<meta itemprop=\"height\" content=\"342\" \/>\n\t<meta itemprop=\"width\" content=\"560\" \/>\n\t<iframe style=\"border: 0;\" class=\"youtube-player\" width=\"560\" height=\"342\" src=\"https:\/\/www.youtube.com\/embed\/bvtzxVEgRgg?modestbranding=1&fs=0&rel=0\"><\/iframe>\n<\/div>\n\n<p>Terminou assim esta grande aventura, ficando mais uma vez a vontade de repetir esta viagem por outro Caminho de Santiago. Fica, por isso, a promessa de muito brevemente voltarmos a organizar uma nova travessia, elevando mais uma vez a fasquia. At\u00e9 l\u00e1, Bom Caminho!<\/p>\n<\/div>\n<div class=\"al2fb_like_button\"><div id=\"fb-root\"><\/div><script type=\"text\/javascript\">\n(function(d, s, id) {\n  var js, fjs = d.getElementsByTagName(s)[0];\n  if (d.getElementById(id)) return;\n  js = d.createElement(s); js.id = id;\n  js.src = \"\/\/connect.facebook.net\/pt_PT\/all.js#xfbml=1&appId=118672068213591\";\n  fjs.parentNode.insertBefore(js, fjs);\n}(document, \"script\", \"facebook-jssdk\"));\n<\/script>\n<fb:like href=\"https:\/\/www.rumoasantiago.com\/viadelaplata\/10-de-agosto-etapa-15-e-travessia-terminada\/\" layout=\"button_count\" show_faces=\"true\" share=\"false\" width=\"450\" action=\"like\" font=\"arial\" colorscheme=\"light\" ref=\"AL2FB\"><\/fb:like><\/div>","protected":false},"excerpt":{"rendered":"<p>Passados 15 dias, a 15\u00aa etapa, e consequentemente a nossa travessia da Via de la Plata, chegou ao fim. Como no dia anterior realiz\u00e1mos mais 10 quil\u00f3metros do que o previsto, esta manh\u00e3 est\u00e1vamos muito \u00e0 vontade no que diz respeito \u00e0 hora de partida para a \u00faltima etapa. Por isso aproveit\u00e1mos para descansar relaxadamente [&hellip;]<\/p>\n","protected":false},"author":1,"featured_media":0,"comment_status":"open","ping_status":"open","sticky":false,"template":"","format":"standard","meta":[],"categories":[1,18,16,10,17],"tags":[],"yoast_head":"<!-- This site is optimized with the Yoast SEO plugin v20.10 - https:\/\/yoast.com\/wordpress\/plugins\/seo\/ -->\n<title>10 de Agosto - etapa 15 (e travessia) terminada - Via de la Plata<\/title>\n<meta name=\"robots\" content=\"index, follow, max-snippet:-1, max-image-preview:large, max-video-preview:-1\" \/>\n<link rel=\"canonical\" href=\"https:\/\/www.rumoasantiago.com\/viadelaplata\/10-de-agosto-etapa-15-e-travessia-terminada\/\" \/>\n<meta property=\"og:locale\" content=\"pt_PT\" \/>\n<meta property=\"og:type\" content=\"article\" \/>\n<meta property=\"og:title\" content=\"10 de Agosto - etapa 15 (e travessia) terminada - Via de la Plata\" \/>\n<meta property=\"og:description\" content=\"Passados 15 dias, a 15\u00aa etapa, e consequentemente a nossa travessia da Via de la Plata, chegou ao fim. Como no dia anterior realiz\u00e1mos mais 10 quil\u00f3metros do que o previsto, esta manh\u00e3 est\u00e1vamos muito \u00e0 vontade no que diz respeito \u00e0 hora de partida para a \u00faltima etapa. Por isso aproveit\u00e1mos para descansar relaxadamente [&hellip;]\" \/>\n<meta property=\"og:url\" content=\"https:\/\/www.rumoasantiago.com\/viadelaplata\/10-de-agosto-etapa-15-e-travessia-terminada\/\" \/>\n<meta property=\"og:site_name\" content=\"Via de la Plata\" \/>\n<meta property=\"article:published_time\" content=\"2012-08-15T00:11:43+00:00\" \/>\n<meta property=\"og:image\" content=\"http:\/\/www.rumoasantiago.com\/viadelaplata\/files\/2012\/08\/P1020007-300x225.jpg\" \/>\n<meta name=\"author\" content=\"norberto\" \/>\n<meta name=\"twitter:card\" content=\"summary_large_image\" \/>\n<meta name=\"twitter:label1\" content=\"Escrito por\" \/>\n\t<meta name=\"twitter:data1\" content=\"norberto\" \/>\n\t<meta name=\"twitter:label2\" content=\"Tempo estimado de leitura\" \/>\n\t<meta name=\"twitter:data2\" content=\"3 minutos\" \/>\n<script type=\"application\/ld+json\" class=\"yoast-schema-graph\">{\"@context\":\"https:\/\/schema.org\",\"@graph\":[{\"@type\":\"WebPage\",\"@id\":\"https:\/\/www.rumoasantiago.com\/viadelaplata\/10-de-agosto-etapa-15-e-travessia-terminada\/\",\"url\":\"https:\/\/www.rumoasantiago.com\/viadelaplata\/10-de-agosto-etapa-15-e-travessia-terminada\/\",\"name\":\"10 de Agosto - etapa 15 (e travessia) terminada - Via de la Plata\",\"isPartOf\":{\"@id\":\"https:\/\/www.rumoasantiago.com\/viadelaplata\/#website\"},\"datePublished\":\"2012-08-15T00:11:43+00:00\",\"dateModified\":\"2012-08-15T00:11:43+00:00\",\"author\":{\"@id\":\"https:\/\/www.rumoasantiago.com\/viadelaplata\/#\/schema\/person\/72f32049b1b85d455e20c086d02608ee\"},\"breadcrumb\":{\"@id\":\"https:\/\/www.rumoasantiago.com\/viadelaplata\/10-de-agosto-etapa-15-e-travessia-terminada\/#breadcrumb\"},\"inLanguage\":\"pt-PT\",\"potentialAction\":[{\"@type\":\"ReadAction\",\"target\":[\"https:\/\/www.rumoasantiago.com\/viadelaplata\/10-de-agosto-etapa-15-e-travessia-terminada\/\"]}]},{\"@type\":\"BreadcrumbList\",\"@id\":\"https:\/\/www.rumoasantiago.com\/viadelaplata\/10-de-agosto-etapa-15-e-travessia-terminada\/#breadcrumb\",\"itemListElement\":[{\"@type\":\"ListItem\",\"position\":1,\"name\":\"Home\",\"item\":\"https:\/\/www.rumoasantiago.com\/viadelaplata\/\"},{\"@type\":\"ListItem\",\"position\":2,\"name\":\"10 de Agosto &#8211; etapa 15 (e travessia) terminada\"}]},{\"@type\":\"WebSite\",\"@id\":\"https:\/\/www.rumoasantiago.com\/viadelaplata\/#website\",\"url\":\"https:\/\/www.rumoasantiago.com\/viadelaplata\/\",\"name\":\"Via de la Plata\",\"description\":\"Travessia da Via de la Plata\",\"potentialAction\":[{\"@type\":\"SearchAction\",\"target\":{\"@type\":\"EntryPoint\",\"urlTemplate\":\"https:\/\/www.rumoasantiago.com\/viadelaplata\/?s={search_term_string}\"},\"query-input\":\"required name=search_term_string\"}],\"inLanguage\":\"pt-PT\"},{\"@type\":\"Person\",\"@id\":\"https:\/\/www.rumoasantiago.com\/viadelaplata\/#\/schema\/person\/72f32049b1b85d455e20c086d02608ee\",\"name\":\"norberto\",\"image\":{\"@type\":\"ImageObject\",\"inLanguage\":\"pt-PT\",\"@id\":\"https:\/\/www.rumoasantiago.com\/viadelaplata\/#\/schema\/person\/image\/\",\"url\":\"https:\/\/secure.gravatar.com\/avatar\/258e8e796306c4f0066b7a531bd3db2d?s=96&d=mm&r=g\",\"contentUrl\":\"https:\/\/secure.gravatar.com\/avatar\/258e8e796306c4f0066b7a531bd3db2d?s=96&d=mm&r=g\",\"caption\":\"norberto\"},\"url\":\"https:\/\/www.rumoasantiago.com\/viadelaplata\/author\/norberto\/\"}]}<\/script>\n<!-- \/ Yoast SEO plugin. -->","yoast_head_json":{"title":"10 de Agosto - etapa 15 (e travessia) terminada - Via de la Plata","robots":{"index":"index","follow":"follow","max-snippet":"max-snippet:-1","max-image-preview":"max-image-preview:large","max-video-preview":"max-video-preview:-1"},"canonical":"https:\/\/www.rumoasantiago.com\/viadelaplata\/10-de-agosto-etapa-15-e-travessia-terminada\/","og_locale":"pt_PT","og_type":"article","og_title":"10 de Agosto - etapa 15 (e travessia) terminada - Via de la Plata","og_description":"Passados 15 dias, a 15\u00aa etapa, e consequentemente a nossa travessia da Via de la Plata, chegou ao fim. Como no dia anterior realiz\u00e1mos mais 10 quil\u00f3metros do que o previsto, esta manh\u00e3 est\u00e1vamos muito \u00e0 vontade no que diz respeito \u00e0 hora de partida para a \u00faltima etapa. Por isso aproveit\u00e1mos para descansar relaxadamente [&hellip;]","og_url":"https:\/\/www.rumoasantiago.com\/viadelaplata\/10-de-agosto-etapa-15-e-travessia-terminada\/","og_site_name":"Via de la Plata","article_published_time":"2012-08-15T00:11:43+00:00","og_image":[{"url":"http:\/\/www.rumoasantiago.com\/viadelaplata\/files\/2012\/08\/P1020007-300x225.jpg"}],"author":"norberto","twitter_card":"summary_large_image","twitter_misc":{"Escrito por":"norberto","Tempo estimado de leitura":"3 minutos"},"schema":{"@context":"https:\/\/schema.org","@graph":[{"@type":"WebPage","@id":"https:\/\/www.rumoasantiago.com\/viadelaplata\/10-de-agosto-etapa-15-e-travessia-terminada\/","url":"https:\/\/www.rumoasantiago.com\/viadelaplata\/10-de-agosto-etapa-15-e-travessia-terminada\/","name":"10 de Agosto - etapa 15 (e travessia) terminada - Via de la Plata","isPartOf":{"@id":"https:\/\/www.rumoasantiago.com\/viadelaplata\/#website"},"datePublished":"2012-08-15T00:11:43+00:00","dateModified":"2012-08-15T00:11:43+00:00","author":{"@id":"https:\/\/www.rumoasantiago.com\/viadelaplata\/#\/schema\/person\/72f32049b1b85d455e20c086d02608ee"},"breadcrumb":{"@id":"https:\/\/www.rumoasantiago.com\/viadelaplata\/10-de-agosto-etapa-15-e-travessia-terminada\/#breadcrumb"},"inLanguage":"pt-PT","potentialAction":[{"@type":"ReadAction","target":["https:\/\/www.rumoasantiago.com\/viadelaplata\/10-de-agosto-etapa-15-e-travessia-terminada\/"]}]},{"@type":"BreadcrumbList","@id":"https:\/\/www.rumoasantiago.com\/viadelaplata\/10-de-agosto-etapa-15-e-travessia-terminada\/#breadcrumb","itemListElement":[{"@type":"ListItem","position":1,"name":"Home","item":"https:\/\/www.rumoasantiago.com\/viadelaplata\/"},{"@type":"ListItem","position":2,"name":"10 de Agosto &#8211; etapa 15 (e travessia) terminada"}]},{"@type":"WebSite","@id":"https:\/\/www.rumoasantiago.com\/viadelaplata\/#website","url":"https:\/\/www.rumoasantiago.com\/viadelaplata\/","name":"Via de la Plata","description":"Travessia da Via de la Plata","potentialAction":[{"@type":"SearchAction","target":{"@type":"EntryPoint","urlTemplate":"https:\/\/www.rumoasantiago.com\/viadelaplata\/?s={search_term_string}"},"query-input":"required name=search_term_string"}],"inLanguage":"pt-PT"},{"@type":"Person","@id":"https:\/\/www.rumoasantiago.com\/viadelaplata\/#\/schema\/person\/72f32049b1b85d455e20c086d02608ee","name":"norberto","image":{"@type":"ImageObject","inLanguage":"pt-PT","@id":"https:\/\/www.rumoasantiago.com\/viadelaplata\/#\/schema\/person\/image\/","url":"https:\/\/secure.gravatar.com\/avatar\/258e8e796306c4f0066b7a531bd3db2d?s=96&d=mm&r=g","contentUrl":"https:\/\/secure.gravatar.com\/avatar\/258e8e796306c4f0066b7a531bd3db2d?s=96&d=mm&r=g","caption":"norberto"},"url":"https:\/\/www.rumoasantiago.com\/viadelaplata\/author\/norberto\/"}]}},"publishpress_future_action":{"enabled":false,"date":"0","action":"","terms":[],"taxonomy":""},"_links":{"self":[{"href":"https:\/\/www.rumoasantiago.com\/viadelaplata\/wp-json\/wp\/v2\/posts\/454"}],"collection":[{"href":"https:\/\/www.rumoasantiago.com\/viadelaplata\/wp-json\/wp\/v2\/posts"}],"about":[{"href":"https:\/\/www.rumoasantiago.com\/viadelaplata\/wp-json\/wp\/v2\/types\/post"}],"author":[{"embeddable":true,"href":"https:\/\/www.rumoasantiago.com\/viadelaplata\/wp-json\/wp\/v2\/users\/1"}],"replies":[{"embeddable":true,"href":"https:\/\/www.rumoasantiago.com\/viadelaplata\/wp-json\/wp\/v2\/comments?post=454"}],"version-history":[{"count":5,"href":"https:\/\/www.rumoasantiago.com\/viadelaplata\/wp-json\/wp\/v2\/posts\/454\/revisions"}],"predecessor-version":[{"id":460,"href":"https:\/\/www.rumoasantiago.com\/viadelaplata\/wp-json\/wp\/v2\/posts\/454\/revisions\/460"}],"wp:attachment":[{"href":"https:\/\/www.rumoasantiago.com\/viadelaplata\/wp-json\/wp\/v2\/media?parent=454"}],"wp:term":[{"taxonomy":"category","embeddable":true,"href":"https:\/\/www.rumoasantiago.com\/viadelaplata\/wp-json\/wp\/v2\/categories?post=454"},{"taxonomy":"post_tag","embeddable":true,"href":"https:\/\/www.rumoasantiago.com\/viadelaplata\/wp-json\/wp\/v2\/tags?post=454"}],"curies":[{"name":"wp","href":"https:\/\/api.w.org\/{rel}","templated":true}]}}