{"id":450,"date":"2012-08-10T01:02:46","date_gmt":"2012-08-10T01:02:46","guid":{"rendered":"http:\/\/www.rumoasantiago.com\/viadelaplata\/?p=450"},"modified":"2012-08-10T01:05:40","modified_gmt":"2012-08-10T01:05:40","slug":"9-de-agosto-etapa-14-terminada","status":"publish","type":"post","link":"https:\/\/www.rumoasantiago.com\/viadelaplata\/9-de-agosto-etapa-14-terminada\/","title":{"rendered":"9 de Agosto &#8211; Etapa 14 terminada"},"content":{"rendered":"<p>O despertador hoje tocou, como sempre, por volta das 6h30. Contudo, cientes da etapa bastante curta que t\u00ednhamos planeada para hoje e como a pregui\u00e7a foi mais forte que n\u00f3s, aproveit\u00e1mos mais uma hora de sono enquanto alguns peregrinos menos madrugadores que o habitual se preparavam para sair. A ver nossa sa\u00edda aconteceu \u00e0s 09h, depois de um banquete ao pequeno almo\u00e7o, resto do delicioso p\u00e3o de Cea e como sempre os \u00faltimos a abandonar o albergue.<\/p>\n<p>Ap\u00f3s logo uma valente (mas curta) subida at\u00e9 um dos pontos mais elevados de Cea, depar\u00e1mo-nos com uma bifurca\u00e7\u00e3o do caminho. Opt\u00e1mos pelo caminho de Oseira, das duas op\u00e7\u00f5es poss\u00edveis, porventura a mais dif\u00edcil, instinto de sacr\u00edficio a manifestar-se, trilhos de dif\u00edcil progress\u00e3o, empedrados irregulares, bastante fechados, aparentemente a \u00fanica coisa que teria passado por ali nos \u00faltimos tempos seria a \u00e1gua das chuvas caracter\u00edsticas da Galiza.<\/p>\n<p><img decoding=\"async\" title=\"rps20120810_005926.jpg\" class=\"alignleft\" alt=\"image\" src=\"https:\/\/www.rumoasantiago.com\/viadelaplata\/files\/2012\/08\/wpid-rps20120810_005926.jpg\" \/><\/p>\n<p>Beleza inquestion\u00e1vel, onde por vezes \u00e9ramos premiados por t\u00faneis de vegeta\u00e7\u00e3o, como se tivessem sido abertos propositadamente para n\u00f3s! Uma etapa, aparentemente f\u00e1cil, exigiu muito de n\u00f3s nos primeiros 15 kms.<br \/>\nEncontr\u00e1mos um enorme grupo de portugueses, muitos jovens, escuteiros, que nos animaram com grande entusiasmo \u00e0 nossa passagem, reconhecendo a nossa bandeira de Portugal. Os montes enormes e vales profundos, fazem com que nos perdamos no horizonte, exigindo \u00e0 maquina fotogr\u00e1fica que registe o momento com todo o rigor! Como tem sido h\u00e1bito, \u00edamos encontrando peregrinos, alguns desconhecidos, outros que conhecemos no albergue de Cea, como foi o caso dos 3 portugueses caminhantes que pernoitaram em Cea, troc\u00e1mos impress\u00f5es sobre as op\u00e7\u00f5es tomadas \u00e0 sa\u00edda de Cea, confirmaram-nos que a op\u00e7\u00e3o por eles tomada era mais cicl\u00e1vel. De facto opt\u00e1mos pelo desafio mais dif\u00edcil! Muito sobe e desce, paragens para refrescar e respirar! Conversamos com as duas senhoras alde\u00e3s galegas muito am\u00e1veis e conversadoras aquando da tentativa de fotografar um pequeno cordeiro que se mostrava t\u00edmido para a c\u00e2mara.<\/p>\n<p><img decoding=\"async\" title=\"rps20120810_010017.jpg\" class=\"alignright\" alt=\"image\" src=\"https:\/\/www.rumoasantiago.com\/viadelaplata\/files\/2012\/08\/wpid-rps20120810_010017.jpg\" \/><\/p>\n<p>Chegando a Laxe, depar\u00e1mo-nos com o albergue municipal ainda fechado, dado que ainda era cedo. Ap\u00f3s questionarmos uma senhora que passava por perto, percebemos que Laxe \u00e9 uma aldeia mesmo muito pequena e onde ter\u00edamos dificuldade para comprar posteriormente alguma mercearia para amanh\u00e3. Al\u00e9m disso, o albergue fica muito perto de uma zona de animais, pelo que o cheiro e a quantidade de moscas fez-nos pensar duas vezes se isso seria pren\u00fancio de uma noite menos agrad\u00e1vel e descansada. Assim sendo, e at\u00e9 porque n\u00e3o t\u00ednhamos sequer chegado \u00e0 marca dos 40 quil\u00f3metros, opt\u00e1mos por fazer mais 10kms at\u00e9 Silleda, atra\u00eddos por uma deliciosa publicidade de um recente albergue tur\u00edstico! At\u00e9 l\u00e1, alternamos entre alcatr\u00e3o, caminhos romanos bem irregulares, e caminhos dignos de qualquer jardim palaciano, sombrios e verdejantes. Antes de atravessar mais um nobre vest\u00edgio da romaniza\u00e7\u00e3o, ainda troc\u00e1mos impress\u00f5es com uma fam\u00edlia emigrante em Londres que se deslumbrava numa deliciosa paisagem nas margens de um rio, que era atravessado por uma alt\u00edssima linha de comboio, local onde se tinha despenhado um comboio, explicou-nos a emigrante, filha da terra. Os destro\u00e7os eram vis\u00edveis!<\/p>\n<p>Chegamos ao albergue, onde rapidamente fic\u00e1mos desiludidos com a op\u00e7\u00e3o tomada. N\u00e3o se trata de um albergue como conhecemos, mas sim de um conjunto de 2 ou 3 apartamentos transformados numa esp\u00e9cie de pens\u00e3o ou residencial. N\u00e3o que os 8 euros por pessoa sejam exagerados ou que as condi\u00e7\u00f5es de conforto sejam inferiores aos albergues normais (em bom rigor, at\u00e9 tem mais conforto e privacidade). O que acontece \u00e9 que o ambiente dos albergues \u00e9 parte integrante do Caminho \u00e9 n\u00e3o viver essa parte \u00e9 perder uma das coisas que torna os Caminhos de Santiago t\u00e3o especiais. <\/p>\n<p><img decoding=\"async\" title=\"rps20120810_010036.jpg\" class=\"alignleft\" alt=\"image\" src=\"https:\/\/www.rumoasantiago.com\/viadelaplata\/files\/2012\/08\/wpid-rps20120810_010036.jpg\" \/><\/p>\n<p>Mantivemos a rotina criada desde o primeiro dia inerente ao terminus de uma etapa, Logo depois fomos provar o famoso polvo que se transformou num abundante almo\u00e7o! Cansados e saciados, resolvemos passar a tarde \u00e0 espanhola, com uma &#8220;siesta&#8221;. Quando terminada era hora de jantar, resolvemos ir comer algo de pouco pesado, que se traduziu numa deliciosa costeleta de vitela \ud83d\ude42 , que, pela sua espessura, mais parecia uma lista telef\u00f3nica, saborosa por sinal! Foi um recarregar de baterias para o desejado dia de amanh\u00e3&#8230;. a chegada \u00e0 pra\u00e7a do obradoiro em Santiago! <\/p>\n<p><img decoding=\"async\" title=\"rps20120810_005955.jpg\" class=\"alignleft\" alt=\"image\" src=\"https:\/\/www.rumoasantiago.com\/viadelaplata\/files\/2012\/08\/wpid-rps20120810_005955.jpg\" \/><\/p>\n<p>Em nota de rodap\u00e9, \u00e9 curioso constatar algo que o Frederico (peregrino de bicicleta que conhecemos h\u00e1 uns dias atr\u00e1s) nos confessou: o caminho, seja qual for, divide-se normalmente em dois. Uma primeira parte, at\u00e9 faltarem 100 ou 150 quil\u00f3metros para Santiago, e outra parte a partir dessa marca de dist\u00e2ncia. Na primeira parte o t\u00edpico peregrino \u00e9 aquela pessoa respeitadora, calma, de alguma introspec\u00e7\u00e3o e tipicamente a viajar em autonomia (mochila ou alforges). Na segunda parte reina mais o peregrino que faz do Caminho um mero passeio, que tem o carro de apoio a libert\u00e1-lo da carga da mochila e que n\u00e3o respeita nem o Caminho por onde passa nem o espa\u00e7o onde outros descansam. Prova disso foram as c\u00e2maras de ar que encontr\u00e1mos pelo Caminho, uns jovens espanh\u00f3is que entenderam correcto atirar fora para o campo umas latas de refrigerante que tinham bebido, ou um grupo de espanh\u00f3is alojados no albergue onde estamos hoje que, por alguma raz\u00e3o, fizeram deste albergue uma esp\u00e9cie de acampamento base e t\u00eam estado a fazer os 50 quil\u00f3metros de aqui at\u00e9 Santiago aos poucos, regressando aqui em autom\u00f3vel (que os acompanha em apoio). N\u00e3o que isso seja impeditivo de um bom peregrino, embora pouco usual, mas o mesmo n\u00e3o se pode dizer da confus\u00e3o e barulho mesmo em frente \u00e0 porta de gente que pernoita aqui para descansar e prosseguir viagem. \u00c9 curioso que nos albergues municipais \u00e9 proibida a pernoita por mais de uma noite e agora percebe-se porqu\u00ea. Viver o Caminho a 100% tem mesmo de incluir a viagem em autonomia e pernoitar em albergues (de prefer\u00eancia os municipais ou privados que se destinem unica ou preferencialmente a peregrinos), caso contr\u00e1rio perdem 2\/3 da experi\u00eancia. N\u00e3o quero com isto dizer que sejam as \u00fanicas condi\u00e7\u00f5es para viver verdadeiramente o Caminho, mas fazem toda a diferen\u00e7a.<\/p>\n<p>Amanh\u00e3 termina a nossa viagem. A nostalgia j\u00e1 se instala e o Caminho ainda n\u00e3o terminou. Acompanhem-nos na etapa final e vejam a nossa chegada em directo atrav\u00e9s da webcam que est\u00e1 na Pra\u00e7a do Obradoiro que podem ver no nosso site em http:\/\/www.rumoasantiago.com\/blog\/webcam-na-praca-do-obradoiro\/<\/p>\n<p>Bom Caminho!<\/p>\n<div class=\"al2fb_like_button\"><div id=\"fb-root\"><\/div><script type=\"text\/javascript\">\n(function(d, s, id) {\n  var js, fjs = d.getElementsByTagName(s)[0];\n  if (d.getElementById(id)) return;\n  js = d.createElement(s); js.id = id;\n  js.src = \"\/\/connect.facebook.net\/pt_PT\/all.js#xfbml=1&appId=118672068213591\";\n  fjs.parentNode.insertBefore(js, fjs);\n}(document, \"script\", \"facebook-jssdk\"));\n<\/script>\n<fb:like href=\"https:\/\/www.rumoasantiago.com\/viadelaplata\/9-de-agosto-etapa-14-terminada\/\" layout=\"button_count\" show_faces=\"true\" share=\"false\" width=\"450\" action=\"like\" font=\"arial\" colorscheme=\"light\" ref=\"AL2FB\"><\/fb:like><\/div>","protected":false},"excerpt":{"rendered":"<p>O despertador hoje tocou, como sempre, por volta das 6h30. Contudo, cientes da etapa bastante curta que t\u00ednhamos planeada para hoje e como a pregui\u00e7a foi mais forte que n\u00f3s, aproveit\u00e1mos mais uma hora de sono enquanto alguns peregrinos menos madrugadores que o habitual se preparavam para sair. A ver nossa sa\u00edda aconteceu \u00e0s 09h, [&hellip;]<\/p>\n","protected":false},"author":1,"featured_media":0,"comment_status":"open","ping_status":"open","sticky":false,"template":"","format":"standard","meta":[],"categories":[1,18,16,10],"tags":[],"yoast_head":"<!-- This site is optimized with the Yoast SEO plugin v20.10 - https:\/\/yoast.com\/wordpress\/plugins\/seo\/ -->\n<title>9 de Agosto - Etapa 14 terminada - Via de la Plata<\/title>\n<meta name=\"robots\" content=\"index, follow, max-snippet:-1, max-image-preview:large, max-video-preview:-1\" \/>\n<link rel=\"canonical\" href=\"https:\/\/www.rumoasantiago.com\/viadelaplata\/9-de-agosto-etapa-14-terminada\/\" \/>\n<meta property=\"og:locale\" content=\"pt_PT\" \/>\n<meta property=\"og:type\" content=\"article\" \/>\n<meta property=\"og:title\" content=\"9 de Agosto - Etapa 14 terminada - Via de la Plata\" \/>\n<meta property=\"og:description\" content=\"O despertador hoje tocou, como sempre, por volta das 6h30. Contudo, cientes da etapa bastante curta que t\u00ednhamos planeada para hoje e como a pregui\u00e7a foi mais forte que n\u00f3s, aproveit\u00e1mos mais uma hora de sono enquanto alguns peregrinos menos madrugadores que o habitual se preparavam para sair. A ver nossa sa\u00edda aconteceu \u00e0s 09h, [&hellip;]\" \/>\n<meta property=\"og:url\" content=\"https:\/\/www.rumoasantiago.com\/viadelaplata\/9-de-agosto-etapa-14-terminada\/\" \/>\n<meta property=\"og:site_name\" content=\"Via de la Plata\" \/>\n<meta property=\"article:published_time\" content=\"2012-08-10T01:02:46+00:00\" \/>\n<meta property=\"article:modified_time\" content=\"2012-08-10T01:05:40+00:00\" \/>\n<meta property=\"og:image\" content=\"http:\/\/www.rumoasantiago.com\/viadelaplata\/files\/2012\/08\/wpid-rps20120810_005926.jpg\" \/>\n<meta name=\"author\" content=\"norberto\" \/>\n<meta name=\"twitter:card\" content=\"summary_large_image\" \/>\n<meta name=\"twitter:label1\" content=\"Escrito por\" \/>\n\t<meta name=\"twitter:data1\" content=\"norberto\" \/>\n\t<meta name=\"twitter:label2\" content=\"Tempo estimado de leitura\" \/>\n\t<meta name=\"twitter:data2\" content=\"6 minutos\" \/>\n<script type=\"application\/ld+json\" class=\"yoast-schema-graph\">{\"@context\":\"https:\/\/schema.org\",\"@graph\":[{\"@type\":\"WebPage\",\"@id\":\"https:\/\/www.rumoasantiago.com\/viadelaplata\/9-de-agosto-etapa-14-terminada\/\",\"url\":\"https:\/\/www.rumoasantiago.com\/viadelaplata\/9-de-agosto-etapa-14-terminada\/\",\"name\":\"9 de Agosto - Etapa 14 terminada - Via de la Plata\",\"isPartOf\":{\"@id\":\"https:\/\/www.rumoasantiago.com\/viadelaplata\/#website\"},\"datePublished\":\"2012-08-10T01:02:46+00:00\",\"dateModified\":\"2012-08-10T01:05:40+00:00\",\"author\":{\"@id\":\"https:\/\/www.rumoasantiago.com\/viadelaplata\/#\/schema\/person\/72f32049b1b85d455e20c086d02608ee\"},\"breadcrumb\":{\"@id\":\"https:\/\/www.rumoasantiago.com\/viadelaplata\/9-de-agosto-etapa-14-terminada\/#breadcrumb\"},\"inLanguage\":\"pt-PT\",\"potentialAction\":[{\"@type\":\"ReadAction\",\"target\":[\"https:\/\/www.rumoasantiago.com\/viadelaplata\/9-de-agosto-etapa-14-terminada\/\"]}]},{\"@type\":\"BreadcrumbList\",\"@id\":\"https:\/\/www.rumoasantiago.com\/viadelaplata\/9-de-agosto-etapa-14-terminada\/#breadcrumb\",\"itemListElement\":[{\"@type\":\"ListItem\",\"position\":1,\"name\":\"Home\",\"item\":\"https:\/\/www.rumoasantiago.com\/viadelaplata\/\"},{\"@type\":\"ListItem\",\"position\":2,\"name\":\"9 de Agosto &#8211; Etapa 14 terminada\"}]},{\"@type\":\"WebSite\",\"@id\":\"https:\/\/www.rumoasantiago.com\/viadelaplata\/#website\",\"url\":\"https:\/\/www.rumoasantiago.com\/viadelaplata\/\",\"name\":\"Via de la Plata\",\"description\":\"Travessia da Via de la Plata\",\"potentialAction\":[{\"@type\":\"SearchAction\",\"target\":{\"@type\":\"EntryPoint\",\"urlTemplate\":\"https:\/\/www.rumoasantiago.com\/viadelaplata\/?s={search_term_string}\"},\"query-input\":\"required name=search_term_string\"}],\"inLanguage\":\"pt-PT\"},{\"@type\":\"Person\",\"@id\":\"https:\/\/www.rumoasantiago.com\/viadelaplata\/#\/schema\/person\/72f32049b1b85d455e20c086d02608ee\",\"name\":\"norberto\",\"image\":{\"@type\":\"ImageObject\",\"inLanguage\":\"pt-PT\",\"@id\":\"https:\/\/www.rumoasantiago.com\/viadelaplata\/#\/schema\/person\/image\/\",\"url\":\"https:\/\/secure.gravatar.com\/avatar\/258e8e796306c4f0066b7a531bd3db2d?s=96&d=mm&r=g\",\"contentUrl\":\"https:\/\/secure.gravatar.com\/avatar\/258e8e796306c4f0066b7a531bd3db2d?s=96&d=mm&r=g\",\"caption\":\"norberto\"},\"url\":\"https:\/\/www.rumoasantiago.com\/viadelaplata\/author\/norberto\/\"}]}<\/script>\n<!-- \/ Yoast SEO plugin. -->","yoast_head_json":{"title":"9 de Agosto - Etapa 14 terminada - Via de la Plata","robots":{"index":"index","follow":"follow","max-snippet":"max-snippet:-1","max-image-preview":"max-image-preview:large","max-video-preview":"max-video-preview:-1"},"canonical":"https:\/\/www.rumoasantiago.com\/viadelaplata\/9-de-agosto-etapa-14-terminada\/","og_locale":"pt_PT","og_type":"article","og_title":"9 de Agosto - Etapa 14 terminada - Via de la Plata","og_description":"O despertador hoje tocou, como sempre, por volta das 6h30. Contudo, cientes da etapa bastante curta que t\u00ednhamos planeada para hoje e como a pregui\u00e7a foi mais forte que n\u00f3s, aproveit\u00e1mos mais uma hora de sono enquanto alguns peregrinos menos madrugadores que o habitual se preparavam para sair. A ver nossa sa\u00edda aconteceu \u00e0s 09h, [&hellip;]","og_url":"https:\/\/www.rumoasantiago.com\/viadelaplata\/9-de-agosto-etapa-14-terminada\/","og_site_name":"Via de la Plata","article_published_time":"2012-08-10T01:02:46+00:00","article_modified_time":"2012-08-10T01:05:40+00:00","og_image":[{"url":"http:\/\/www.rumoasantiago.com\/viadelaplata\/files\/2012\/08\/wpid-rps20120810_005926.jpg"}],"author":"norberto","twitter_card":"summary_large_image","twitter_misc":{"Escrito por":"norberto","Tempo estimado de leitura":"6 minutos"},"schema":{"@context":"https:\/\/schema.org","@graph":[{"@type":"WebPage","@id":"https:\/\/www.rumoasantiago.com\/viadelaplata\/9-de-agosto-etapa-14-terminada\/","url":"https:\/\/www.rumoasantiago.com\/viadelaplata\/9-de-agosto-etapa-14-terminada\/","name":"9 de Agosto - Etapa 14 terminada - Via de la Plata","isPartOf":{"@id":"https:\/\/www.rumoasantiago.com\/viadelaplata\/#website"},"datePublished":"2012-08-10T01:02:46+00:00","dateModified":"2012-08-10T01:05:40+00:00","author":{"@id":"https:\/\/www.rumoasantiago.com\/viadelaplata\/#\/schema\/person\/72f32049b1b85d455e20c086d02608ee"},"breadcrumb":{"@id":"https:\/\/www.rumoasantiago.com\/viadelaplata\/9-de-agosto-etapa-14-terminada\/#breadcrumb"},"inLanguage":"pt-PT","potentialAction":[{"@type":"ReadAction","target":["https:\/\/www.rumoasantiago.com\/viadelaplata\/9-de-agosto-etapa-14-terminada\/"]}]},{"@type":"BreadcrumbList","@id":"https:\/\/www.rumoasantiago.com\/viadelaplata\/9-de-agosto-etapa-14-terminada\/#breadcrumb","itemListElement":[{"@type":"ListItem","position":1,"name":"Home","item":"https:\/\/www.rumoasantiago.com\/viadelaplata\/"},{"@type":"ListItem","position":2,"name":"9 de Agosto &#8211; Etapa 14 terminada"}]},{"@type":"WebSite","@id":"https:\/\/www.rumoasantiago.com\/viadelaplata\/#website","url":"https:\/\/www.rumoasantiago.com\/viadelaplata\/","name":"Via de la Plata","description":"Travessia da Via de la Plata","potentialAction":[{"@type":"SearchAction","target":{"@type":"EntryPoint","urlTemplate":"https:\/\/www.rumoasantiago.com\/viadelaplata\/?s={search_term_string}"},"query-input":"required name=search_term_string"}],"inLanguage":"pt-PT"},{"@type":"Person","@id":"https:\/\/www.rumoasantiago.com\/viadelaplata\/#\/schema\/person\/72f32049b1b85d455e20c086d02608ee","name":"norberto","image":{"@type":"ImageObject","inLanguage":"pt-PT","@id":"https:\/\/www.rumoasantiago.com\/viadelaplata\/#\/schema\/person\/image\/","url":"https:\/\/secure.gravatar.com\/avatar\/258e8e796306c4f0066b7a531bd3db2d?s=96&d=mm&r=g","contentUrl":"https:\/\/secure.gravatar.com\/avatar\/258e8e796306c4f0066b7a531bd3db2d?s=96&d=mm&r=g","caption":"norberto"},"url":"https:\/\/www.rumoasantiago.com\/viadelaplata\/author\/norberto\/"}]}},"publishpress_future_action":{"enabled":false,"date":"0","action":"","terms":[],"taxonomy":""},"_links":{"self":[{"href":"https:\/\/www.rumoasantiago.com\/viadelaplata\/wp-json\/wp\/v2\/posts\/450"}],"collection":[{"href":"https:\/\/www.rumoasantiago.com\/viadelaplata\/wp-json\/wp\/v2\/posts"}],"about":[{"href":"https:\/\/www.rumoasantiago.com\/viadelaplata\/wp-json\/wp\/v2\/types\/post"}],"author":[{"embeddable":true,"href":"https:\/\/www.rumoasantiago.com\/viadelaplata\/wp-json\/wp\/v2\/users\/1"}],"replies":[{"embeddable":true,"href":"https:\/\/www.rumoasantiago.com\/viadelaplata\/wp-json\/wp\/v2\/comments?post=450"}],"version-history":[{"count":2,"href":"https:\/\/www.rumoasantiago.com\/viadelaplata\/wp-json\/wp\/v2\/posts\/450\/revisions"}],"predecessor-version":[{"id":452,"href":"https:\/\/www.rumoasantiago.com\/viadelaplata\/wp-json\/wp\/v2\/posts\/450\/revisions\/452"}],"wp:attachment":[{"href":"https:\/\/www.rumoasantiago.com\/viadelaplata\/wp-json\/wp\/v2\/media?parent=450"}],"wp:term":[{"taxonomy":"category","embeddable":true,"href":"https:\/\/www.rumoasantiago.com\/viadelaplata\/wp-json\/wp\/v2\/categories?post=450"},{"taxonomy":"post_tag","embeddable":true,"href":"https:\/\/www.rumoasantiago.com\/viadelaplata\/wp-json\/wp\/v2\/tags?post=450"}],"curies":[{"name":"wp","href":"https:\/\/api.w.org\/{rel}","templated":true}]}}