{"id":443,"date":"2012-08-09T23:55:43","date_gmt":"2012-08-09T23:55:43","guid":{"rendered":"http:\/\/www.rumoasantiago.com\/viadelaplata\/?p=443"},"modified":"2012-08-09T23:57:43","modified_gmt":"2012-08-09T23:57:43","slug":"8-de-agosto-etapa-13-concluida","status":"publish","type":"post","link":"https:\/\/www.rumoasantiago.com\/viadelaplata\/8-de-agosto-etapa-13-concluida\/","title":{"rendered":"8 de Agosto &#8211; Etapa 13 conclu\u00edda"},"content":{"rendered":"<p><img decoding=\"async\" title=\"rps20120810_004902.jpg\" class=\"alignleft\" alt=\"image\" src=\"https:\/\/www.rumoasantiago.com\/viadelaplata\/files\/2012\/08\/wpid-rps20120810_004902.jpg\" \/><\/p>\n<p>Hoje foi um dia relativamente calmo, sem grandes eventos a marcar o dia.<br \/>\nA alvorada n\u00e3o foi propriamente cedo, pois para al\u00e9m de querermos aproveitar para descansar, t\u00ednhamos a inten\u00e7\u00e3o \u00e9 parar em Ourense por volta das 12 horas para conhecer a cidade e tomar uma bebida fresca. A sa\u00edda de Vilar do Barrio foi por volta das 10 horas. <\/p>\n<p><img decoding=\"async\" title=\"rps20120810_005107.jpg\" class=\"alignleft\" alt=\"image\" src=\"https:\/\/www.rumoasantiago.com\/viadelaplata\/files\/2012\/08\/wpid-rps20120810_005107.jpg\" \/><\/p>\n<p>O percurso at\u00e9 Ourense pautou-se por v\u00e1rias subidas e descidas pelo meio de bosques frondosos. A cor dominante continua a ser o verde e os estrad\u00f5es foram definitivamente substitu\u00eddos por trilhos mais fechados ou single tracks.<br \/>\nA op\u00e7\u00e3o pelas mochilas valeu-nos novamente grandes momentos de divers\u00e3o, com descidas (e subidas) t\u00e9cnicas que ultrapass\u00e1mos com relativa facilidade. <\/p>\n<p><img decoding=\"async\" title=\"rps20120810_004932.jpg\" class=\"alignleft\" alt=\"image\" src=\"https:\/\/www.rumoasantiago.com\/viadelaplata\/files\/2012\/08\/wpid-rps20120810_004932.jpg\" \/><\/p>\n<p>A caminho de Ourense pass\u00e1mos por uma aldeia onde habita a encarna\u00e7\u00e3o espanhola do Geppetto. A provar esse facto est\u00e3o umas estatuetas em madeira cujos detalhes afastam quaisquer ambiguidades andr\u00f3genas dos bonecos.<\/p>\n<p><img decoding=\"async\" title=\"rps20120810_005220.jpg\" class=\"alignleft\" alt=\"image\" src=\"https:\/\/www.rumoasantiago.com\/viadelaplata\/files\/2012\/08\/wpid-rps20120810_005220.jpg\" \/><\/p>\n<p>A chegada a Ourense ocorreu por volta das 12h. A Pra\u00e7a Maior estava muito animada, com um grande grupo de jovens que integrava tamb\u00e9m muitas crian\u00e7as. Havia um conjunto de actividades que as for\u00e7as policiais e bombeiros viradas para as crian\u00e7as, que se divertiam com o som (ruidoso) das sirentes.<\/p>\n<p><img decoding=\"async\" title=\"rps20120810_005419.jpg\" class=\"alignright\" alt=\"image\" src=\"https:\/\/www.rumoasantiago.com\/viadelaplata\/files\/2012\/08\/wpid-rps20120810_005419.jpg\" \/><\/p>\n<p><img decoding=\"async\" title=\"rps20120810_005249.jpg\" class=\"alignleft\" alt=\"image\" src=\"https:\/\/www.rumoasantiago.com\/viadelaplata\/files\/2012\/08\/wpid-rps20120810_005249.jpg\" \/><\/p>\n<p>Percorremos algumas das ruas da zona hist\u00f3rica para conhecer a cidade e para descobrir um bom local para descansar um pouco e tomar um refrigerante. Para aproveitar a onda da paragem para descanso, tent\u00e1mos a sorte na esperan\u00e7a de escolher um bar com wifi para fazermos as actualiza\u00e7\u00f5es nas redes sociais. Dos 3 bares que havia na zona escolhida, opt\u00e1mos pelo do meio. Foi uma grand pontaria, porque esse bar n\u00e3o tinha wifi mas os outros dois sim :). <\/p>\n<p><img decoding=\"async\" title=\"rps20120810_005321.jpg\" class=\"alignleft\" alt=\"image\" src=\"https:\/\/www.rumoasantiago.com\/viadelaplata\/files\/2012\/08\/wpid-rps20120810_005321.jpg\" \/><\/p>\n<p>Por volta das 14h fomos at\u00e9 ao jardim que fica na rua principal da baixa e comemos a sandu\u00edche que t\u00ednhamos preparado de manh\u00e3 para o nosso almo\u00e7o. Por volta das 15h arranc\u00e1mos para a segunda parte da viagem do dia. <\/p>\n<p><img decoding=\"async\" title=\"rps20120810_005442.jpg\" class=\"alignleft\" alt=\"image\" src=\"https:\/\/www.rumoasantiago.com\/viadelaplata\/files\/2012\/08\/wpid-rps20120810_005442.jpg\" \/><\/p>\n<p>A sa\u00edda de Ourense levou-nos por uma antiga ponte que passa por cima do rio Minho e de onde se avista uma ponte rodovi\u00e1ria com uma arquitectura bastante peculiar.<\/p>\n<p><img decoding=\"async\" title=\"rps20120810_005505.jpg\" class=\"alignleft\" alt=\"image\" src=\"https:\/\/www.rumoasantiago.com\/viadelaplata\/files\/2012\/08\/wpid-rps20120810_005505.jpg\" \/><\/p>\n<p>O nosso gr\u00e1fico de altimetria j\u00e1 adivinhava uma segunda parte bastante intensa, que confirm\u00e1mos de imediato. Foram uns quantos quil\u00f3metros em subida \u00edngreme e com piso bastante irregular, que fomos fazendo em est\u00e1gios de sombra em sombra. Por cima a temperatura tem vindo a subir nos \u00faltimos dias, o que tamb\u00e9m n\u00e3o ajudou nesta parte de uma mistura de alpinismo com ciclismo.<br \/>\nPela subida encontr\u00e1mos um poema alusivo ao Caminho que traduz muito do que passa na cabe\u00e7a e no cora\u00e7\u00e3o de quem deixa que o Caminho passe por si. N\u00e3o resisto, por isso, \u00e0 partilh\u00e1-lo convosco na seguinte imagem:<\/p>\n<p><img decoding=\"async\" title=\"rps20120810_005536.jpg\" class=\"alignright\" alt=\"image\" src=\"https:\/\/www.rumoasantiago.com\/viadelaplata\/files\/2012\/08\/wpid-rps20120810_005536.jpg\" \/><\/p>\n<p>Felizmente que depois de ultrapassada esta grande fase de subida, o resto do percurso foi bastante acess\u00edvel.<br \/>\nA cerca de 15 quil\u00f3metros de Cea, encontr\u00e1mos um grupo de 3 ciclistas que estavam a fazer manuten\u00e7\u00e3o nas suas bicicletas. Prontamente par\u00e1mos para apurar se poder\u00edamos ajudar, quando cedo nos apercebemos que os rapazes eram portugueses que estavam a fazer o Caminho do Interior. Ap\u00f3s alguns minutos de conversa seguimos viagem e a chegada ao albergue fez-se por volta das 17h. <\/p>\n<p><img decoding=\"async\" title=\"rps20120810_005610.jpg\" class=\"alignleft\" alt=\"image\" src=\"https:\/\/www.rumoasantiago.com\/viadelaplata\/files\/2012\/08\/wpid-rps20120810_005610.jpg\" \/><\/p>\n<p>O albergue de hoje \u00e9 bastante interessante. Est\u00e1 perfeitamente enquadrado na aldeia onde se localiza (Cea), constru\u00eddo com o aspecto cl\u00e1ssico de casa em granito por fora mas com uma disposi\u00e7\u00e3o bastante moderna por dentro. Trata-se de mais um dos albergues municipais que a regi\u00e3o da Galiza construiu em 1999 por altura do Xacobeu e que s\u00e3o bem mantidos, para o bem dos peregrinos que deles usufruem.<br \/>\nAcab\u00e1mos por conhecer outros 3 portugueses (um senhor \u00e9 duas senhoras) que est\u00e3o a fazer o caminho desde Ourense. Troc\u00e1mos tamb\u00e9m algumas impress\u00f5es sobre o caminho \u00e9 sobre as diferentes experi\u00eancias nos Caminhos j\u00e1 realizados. Quando estamos longe do nosso pa\u00eds, \u00e9 sempre bom ouvir falar portugu\u00eas :). <\/p>\n<p><img decoding=\"async\" title=\"rps20120810_005644.jpg\" class=\"alignleft\" alt=\"image\" src=\"https:\/\/www.rumoasantiago.com\/viadelaplata\/files\/2012\/08\/wpid-rps20120810_005644.jpg\" \/><\/p>\n<p>O momento caricato e saboroso do dia ocorreu \u00e0 hora de jantar. A nossa inten\u00e7\u00e3o era comprar alguns v\u00edveres para o pequeno almo\u00e7o e almo\u00e7o do dia seguinte e jantar num restaurante qualquer local. J\u00e1 t\u00ednhamos ouvido falar do p\u00e3o de Cea, mas infelizmente o supermercado j\u00e1 n\u00e3o tinha desse p\u00e3o. Feitas as compras, fomos procurar uma padaria tradicional, dado que Cea disp\u00f5e de imensas. Na caminhada de volta ao albergue por ruas desconhecidas, acab\u00e1mos por encontrar por mero acaso uma destas padarias e mesmo atendendo ao tamanho descomunal do p\u00e3o dispon\u00edvel, acab\u00e1mos por comprar um. Logo surgiu a ideia de provar o p\u00e3o assim que cheg\u00e1mos ao albergue, mas assim que o prov\u00e1mos (ainda estava morno) n\u00e3o resistimos e devor\u00e1mos mais de metade do p\u00e3o e parte do enchido que estava inicialmente destinado ao pequeno almo\u00e7o. <\/p>\n<p><img decoding=\"async\" title=\"rps20120810_005734.jpg\" class=\"alignright\" alt=\"image\" src=\"https:\/\/www.rumoasantiago.com\/viadelaplata\/files\/2012\/08\/wpid-rps20120810_005734.jpg\" \/><\/p>\n<p>Volt\u00e1mos \u00e0 mercearia para repor o que precis\u00e1vamos para o pequeno almo\u00e7o e regress\u00e1mos ao albergue com o objectivo de descansarmos convenientemente nessa noite. E assim foi, tanto que esta cr\u00f3nica est\u00e1 a ser escrita no final da noite de dia 9, v\u00e9spera da nossa chegada a Santiago. <\/p>\n<p>A etapa seguinte (a 14) pregou-nos uma bela partida numa das op\u00e7\u00f5es que tom\u00e1mos, mas isso fica para a pr\u00f3xima cr\u00f3nica. <\/p>\n<p>Bom Caminho!<\/p>\n<div class=\"al2fb_like_button\"><div id=\"fb-root\"><\/div><script type=\"text\/javascript\">\n(function(d, s, id) {\n  var js, fjs = d.getElementsByTagName(s)[0];\n  if (d.getElementById(id)) return;\n  js = d.createElement(s); js.id = id;\n  js.src = \"\/\/connect.facebook.net\/pt_PT\/all.js#xfbml=1&appId=118672068213591\";\n  fjs.parentNode.insertBefore(js, fjs);\n}(document, \"script\", \"facebook-jssdk\"));\n<\/script>\n<fb:like href=\"https:\/\/www.rumoasantiago.com\/viadelaplata\/8-de-agosto-etapa-13-concluida\/\" layout=\"button_count\" show_faces=\"true\" share=\"false\" width=\"450\" action=\"like\" font=\"arial\" colorscheme=\"light\" ref=\"AL2FB\"><\/fb:like><\/div>","protected":false},"excerpt":{"rendered":"<p>Hoje foi um dia relativamente calmo, sem grandes eventos a marcar o dia. A alvorada n\u00e3o foi propriamente cedo, pois para al\u00e9m de querermos aproveitar para descansar, t\u00ednhamos a inten\u00e7\u00e3o \u00e9 parar em Ourense por volta das 12 horas para conhecer a cidade e tomar uma bebida fresca. A sa\u00edda de Vilar do Barrio foi [&hellip;]<\/p>\n","protected":false},"author":1,"featured_media":0,"comment_status":"open","ping_status":"open","sticky":false,"template":"","format":"standard","meta":[],"categories":[1,18,16,10],"tags":[],"yoast_head":"<!-- This site is optimized with the Yoast SEO plugin v20.10 - https:\/\/yoast.com\/wordpress\/plugins\/seo\/ -->\n<title>8 de Agosto - Etapa 13 conclu\u00edda - Via de la Plata<\/title>\n<meta name=\"robots\" content=\"index, follow, max-snippet:-1, max-image-preview:large, max-video-preview:-1\" \/>\n<link rel=\"canonical\" href=\"https:\/\/www.rumoasantiago.com\/viadelaplata\/8-de-agosto-etapa-13-concluida\/\" \/>\n<meta property=\"og:locale\" content=\"pt_PT\" \/>\n<meta property=\"og:type\" content=\"article\" \/>\n<meta property=\"og:title\" content=\"8 de Agosto - Etapa 13 conclu\u00edda - Via de la Plata\" \/>\n<meta property=\"og:description\" content=\"Hoje foi um dia relativamente calmo, sem grandes eventos a marcar o dia. A alvorada n\u00e3o foi propriamente cedo, pois para al\u00e9m de querermos aproveitar para descansar, t\u00ednhamos a inten\u00e7\u00e3o \u00e9 parar em Ourense por volta das 12 horas para conhecer a cidade e tomar uma bebida fresca. A sa\u00edda de Vilar do Barrio foi [&hellip;]\" \/>\n<meta property=\"og:url\" content=\"https:\/\/www.rumoasantiago.com\/viadelaplata\/8-de-agosto-etapa-13-concluida\/\" \/>\n<meta property=\"og:site_name\" content=\"Via de la Plata\" \/>\n<meta property=\"article:published_time\" content=\"2012-08-09T23:55:43+00:00\" \/>\n<meta property=\"article:modified_time\" content=\"2012-08-09T23:57:43+00:00\" \/>\n<meta property=\"og:image\" content=\"http:\/\/www.rumoasantiago.com\/viadelaplata\/files\/2012\/08\/wpid-rps20120810_004902.jpg\" \/>\n<meta name=\"author\" content=\"norberto\" \/>\n<meta name=\"twitter:card\" content=\"summary_large_image\" \/>\n<meta name=\"twitter:label1\" content=\"Escrito por\" \/>\n\t<meta name=\"twitter:data1\" content=\"norberto\" \/>\n\t<meta name=\"twitter:label2\" content=\"Tempo estimado de leitura\" \/>\n\t<meta name=\"twitter:data2\" content=\"5 minutos\" \/>\n<script type=\"application\/ld+json\" class=\"yoast-schema-graph\">{\"@context\":\"https:\/\/schema.org\",\"@graph\":[{\"@type\":\"WebPage\",\"@id\":\"https:\/\/www.rumoasantiago.com\/viadelaplata\/8-de-agosto-etapa-13-concluida\/\",\"url\":\"https:\/\/www.rumoasantiago.com\/viadelaplata\/8-de-agosto-etapa-13-concluida\/\",\"name\":\"8 de Agosto - Etapa 13 conclu\u00edda - Via de la Plata\",\"isPartOf\":{\"@id\":\"https:\/\/www.rumoasantiago.com\/viadelaplata\/#website\"},\"datePublished\":\"2012-08-09T23:55:43+00:00\",\"dateModified\":\"2012-08-09T23:57:43+00:00\",\"author\":{\"@id\":\"https:\/\/www.rumoasantiago.com\/viadelaplata\/#\/schema\/person\/72f32049b1b85d455e20c086d02608ee\"},\"breadcrumb\":{\"@id\":\"https:\/\/www.rumoasantiago.com\/viadelaplata\/8-de-agosto-etapa-13-concluida\/#breadcrumb\"},\"inLanguage\":\"pt-PT\",\"potentialAction\":[{\"@type\":\"ReadAction\",\"target\":[\"https:\/\/www.rumoasantiago.com\/viadelaplata\/8-de-agosto-etapa-13-concluida\/\"]}]},{\"@type\":\"BreadcrumbList\",\"@id\":\"https:\/\/www.rumoasantiago.com\/viadelaplata\/8-de-agosto-etapa-13-concluida\/#breadcrumb\",\"itemListElement\":[{\"@type\":\"ListItem\",\"position\":1,\"name\":\"Home\",\"item\":\"https:\/\/www.rumoasantiago.com\/viadelaplata\/\"},{\"@type\":\"ListItem\",\"position\":2,\"name\":\"8 de Agosto &#8211; Etapa 13 conclu\u00edda\"}]},{\"@type\":\"WebSite\",\"@id\":\"https:\/\/www.rumoasantiago.com\/viadelaplata\/#website\",\"url\":\"https:\/\/www.rumoasantiago.com\/viadelaplata\/\",\"name\":\"Via de la Plata\",\"description\":\"Travessia da Via de la Plata\",\"potentialAction\":[{\"@type\":\"SearchAction\",\"target\":{\"@type\":\"EntryPoint\",\"urlTemplate\":\"https:\/\/www.rumoasantiago.com\/viadelaplata\/?s={search_term_string}\"},\"query-input\":\"required name=search_term_string\"}],\"inLanguage\":\"pt-PT\"},{\"@type\":\"Person\",\"@id\":\"https:\/\/www.rumoasantiago.com\/viadelaplata\/#\/schema\/person\/72f32049b1b85d455e20c086d02608ee\",\"name\":\"norberto\",\"image\":{\"@type\":\"ImageObject\",\"inLanguage\":\"pt-PT\",\"@id\":\"https:\/\/www.rumoasantiago.com\/viadelaplata\/#\/schema\/person\/image\/\",\"url\":\"https:\/\/secure.gravatar.com\/avatar\/258e8e796306c4f0066b7a531bd3db2d?s=96&d=mm&r=g\",\"contentUrl\":\"https:\/\/secure.gravatar.com\/avatar\/258e8e796306c4f0066b7a531bd3db2d?s=96&d=mm&r=g\",\"caption\":\"norberto\"},\"url\":\"https:\/\/www.rumoasantiago.com\/viadelaplata\/author\/norberto\/\"}]}<\/script>\n<!-- \/ Yoast SEO plugin. -->","yoast_head_json":{"title":"8 de Agosto - Etapa 13 conclu\u00edda - Via de la Plata","robots":{"index":"index","follow":"follow","max-snippet":"max-snippet:-1","max-image-preview":"max-image-preview:large","max-video-preview":"max-video-preview:-1"},"canonical":"https:\/\/www.rumoasantiago.com\/viadelaplata\/8-de-agosto-etapa-13-concluida\/","og_locale":"pt_PT","og_type":"article","og_title":"8 de Agosto - Etapa 13 conclu\u00edda - Via de la Plata","og_description":"Hoje foi um dia relativamente calmo, sem grandes eventos a marcar o dia. A alvorada n\u00e3o foi propriamente cedo, pois para al\u00e9m de querermos aproveitar para descansar, t\u00ednhamos a inten\u00e7\u00e3o \u00e9 parar em Ourense por volta das 12 horas para conhecer a cidade e tomar uma bebida fresca. A sa\u00edda de Vilar do Barrio foi [&hellip;]","og_url":"https:\/\/www.rumoasantiago.com\/viadelaplata\/8-de-agosto-etapa-13-concluida\/","og_site_name":"Via de la Plata","article_published_time":"2012-08-09T23:55:43+00:00","article_modified_time":"2012-08-09T23:57:43+00:00","og_image":[{"url":"http:\/\/www.rumoasantiago.com\/viadelaplata\/files\/2012\/08\/wpid-rps20120810_004902.jpg"}],"author":"norberto","twitter_card":"summary_large_image","twitter_misc":{"Escrito por":"norberto","Tempo estimado de leitura":"5 minutos"},"schema":{"@context":"https:\/\/schema.org","@graph":[{"@type":"WebPage","@id":"https:\/\/www.rumoasantiago.com\/viadelaplata\/8-de-agosto-etapa-13-concluida\/","url":"https:\/\/www.rumoasantiago.com\/viadelaplata\/8-de-agosto-etapa-13-concluida\/","name":"8 de Agosto - Etapa 13 conclu\u00edda - Via de la Plata","isPartOf":{"@id":"https:\/\/www.rumoasantiago.com\/viadelaplata\/#website"},"datePublished":"2012-08-09T23:55:43+00:00","dateModified":"2012-08-09T23:57:43+00:00","author":{"@id":"https:\/\/www.rumoasantiago.com\/viadelaplata\/#\/schema\/person\/72f32049b1b85d455e20c086d02608ee"},"breadcrumb":{"@id":"https:\/\/www.rumoasantiago.com\/viadelaplata\/8-de-agosto-etapa-13-concluida\/#breadcrumb"},"inLanguage":"pt-PT","potentialAction":[{"@type":"ReadAction","target":["https:\/\/www.rumoasantiago.com\/viadelaplata\/8-de-agosto-etapa-13-concluida\/"]}]},{"@type":"BreadcrumbList","@id":"https:\/\/www.rumoasantiago.com\/viadelaplata\/8-de-agosto-etapa-13-concluida\/#breadcrumb","itemListElement":[{"@type":"ListItem","position":1,"name":"Home","item":"https:\/\/www.rumoasantiago.com\/viadelaplata\/"},{"@type":"ListItem","position":2,"name":"8 de Agosto &#8211; Etapa 13 conclu\u00edda"}]},{"@type":"WebSite","@id":"https:\/\/www.rumoasantiago.com\/viadelaplata\/#website","url":"https:\/\/www.rumoasantiago.com\/viadelaplata\/","name":"Via de la Plata","description":"Travessia da Via de la Plata","potentialAction":[{"@type":"SearchAction","target":{"@type":"EntryPoint","urlTemplate":"https:\/\/www.rumoasantiago.com\/viadelaplata\/?s={search_term_string}"},"query-input":"required name=search_term_string"}],"inLanguage":"pt-PT"},{"@type":"Person","@id":"https:\/\/www.rumoasantiago.com\/viadelaplata\/#\/schema\/person\/72f32049b1b85d455e20c086d02608ee","name":"norberto","image":{"@type":"ImageObject","inLanguage":"pt-PT","@id":"https:\/\/www.rumoasantiago.com\/viadelaplata\/#\/schema\/person\/image\/","url":"https:\/\/secure.gravatar.com\/avatar\/258e8e796306c4f0066b7a531bd3db2d?s=96&d=mm&r=g","contentUrl":"https:\/\/secure.gravatar.com\/avatar\/258e8e796306c4f0066b7a531bd3db2d?s=96&d=mm&r=g","caption":"norberto"},"url":"https:\/\/www.rumoasantiago.com\/viadelaplata\/author\/norberto\/"}]}},"publishpress_future_action":{"enabled":false,"date":"0","action":"","terms":[],"taxonomy":""},"_links":{"self":[{"href":"https:\/\/www.rumoasantiago.com\/viadelaplata\/wp-json\/wp\/v2\/posts\/443"}],"collection":[{"href":"https:\/\/www.rumoasantiago.com\/viadelaplata\/wp-json\/wp\/v2\/posts"}],"about":[{"href":"https:\/\/www.rumoasantiago.com\/viadelaplata\/wp-json\/wp\/v2\/types\/post"}],"author":[{"embeddable":true,"href":"https:\/\/www.rumoasantiago.com\/viadelaplata\/wp-json\/wp\/v2\/users\/1"}],"replies":[{"embeddable":true,"href":"https:\/\/www.rumoasantiago.com\/viadelaplata\/wp-json\/wp\/v2\/comments?post=443"}],"version-history":[{"count":2,"href":"https:\/\/www.rumoasantiago.com\/viadelaplata\/wp-json\/wp\/v2\/posts\/443\/revisions"}],"predecessor-version":[{"id":445,"href":"https:\/\/www.rumoasantiago.com\/viadelaplata\/wp-json\/wp\/v2\/posts\/443\/revisions\/445"}],"wp:attachment":[{"href":"https:\/\/www.rumoasantiago.com\/viadelaplata\/wp-json\/wp\/v2\/media?parent=443"}],"wp:term":[{"taxonomy":"category","embeddable":true,"href":"https:\/\/www.rumoasantiago.com\/viadelaplata\/wp-json\/wp\/v2\/categories?post=443"},{"taxonomy":"post_tag","embeddable":true,"href":"https:\/\/www.rumoasantiago.com\/viadelaplata\/wp-json\/wp\/v2\/tags?post=443"}],"curies":[{"name":"wp","href":"https:\/\/api.w.org\/{rel}","templated":true}]}}