{"id":427,"date":"2012-08-08T19:27:30","date_gmt":"2012-08-08T19:27:30","guid":{"rendered":"http:\/\/www.rumoasantiago.com\/viadelaplata\/?p=427"},"modified":"2012-08-08T19:30:57","modified_gmt":"2012-08-08T19:30:57","slug":"7-de-agosto-etapa-12-concluida","status":"publish","type":"post","link":"https:\/\/www.rumoasantiago.com\/viadelaplata\/7-de-agosto-etapa-12-concluida\/","title":{"rendered":"7 de Agosto &#8211; Etapa 12 conclu\u00edda"},"content":{"rendered":"<p>Se o dia de ontem tinha sido divertido, o de hoje foi fant\u00e1stico. O perfil da etapa anunciava um par de subidas que iriam oferecer alguma resist\u00eancia quer pela inclina\u00e7\u00e3o quer pela extens\u00e3o. <\/p>\n<p><img decoding=\"async\" title=\"rps20120808_181730.jpg\" class=\"alignleft\" alt=\"image\" src=\"https:\/\/www.rumoasantiago.com\/viadelaplata\/files\/2012\/08\/wpid-rps20120808_181730.jpg\" \/><\/p>\n<p>Tom\u00e1mos o pequeno almo\u00e7o no dia albergue. A gula no dia anterior por altura das compras tinha sido grande e tivemos a aud\u00e1cia de comprar uma bela empanada de carne de vitela com a ideia de a comer ao pequeno almo\u00e7o. A verdade \u00e9 que pareceu-nos uma ideia mais feliz no dia anterior, mas como entre o p\u00e3o que t\u00ednhamos para sandu\u00edches e a empanada o p\u00e3o era o que mais se adequava para ir na mochila, fizemos o gosto ao dente e trat\u00e1mos da empanada.<br \/>\n\u00c0s 8h00 j\u00e1 s\u00f3 rest\u00e1vamos n\u00f3s, um grupo de 3 rapazes bicigrinos e um jovem casal que tamb\u00e9m est\u00e1 a fazer o caminho em bicicleta. Os restantes peregrinos j\u00e1 tinham sa\u00eddo de madrugada. <\/p>\n<p><img decoding=\"async\" title=\"rps20120808_181811.jpg\" class=\"alignleft\" alt=\"image\" src=\"https:\/\/www.rumoasantiago.com\/viadelaplata\/files\/2012\/08\/wpid-rps20120808_181811.jpg\" \/><\/p>\n<p>A primeira parte do percurso consistiu em subida pela serra em alcatr\u00e3o. A vista proporcionada por este percurso \u00e9 sensacional, com montanhas a toda a volta. Pelo caminho fomos atravessando pequenos agrupamentos de casas, onde observ\u00e1mos uma t\u00e9cnica peculiar de forrar as paredes das casas com pequenos &#8220;azulejos&#8221; de xisto. <\/p>\n<p><img decoding=\"async\" title=\"rps20120808_181844.jpg\" class=\"alignleft\" alt=\"image\" src=\"https:\/\/www.rumoasantiago.com\/viadelaplata\/files\/2012\/08\/wpid-rps20120808_181844.jpg\" \/><\/p>\n<p>A queda que o Fraz\u00e3o tem pela engenharia levou-nos tamb\u00e9m a observar uma interven\u00e7\u00e3o que estava a ser feita na linha de comboio perto de onde nos encontr\u00e1vamos. <\/p>\n<p><img decoding=\"async\" title=\"rps20120808_181910.jpg\" class=\"alignright\" alt=\"image\" src=\"https:\/\/www.rumoasantiago.com\/viadelaplata\/files\/2012\/08\/wpid-rps20120808_181910.jpg\" \/><\/p>\n<p>Depois de qualquer subida h\u00e1 sempre uma grande descida. Prova disso foi a primeira descida que fizemos em alcatr\u00e3o, onde o veloc\u00edmetro do GPS chegou a marcar os 67 km\/h. <\/p>\n<p><img decoding=\"async\" title=\"rps20120808_181945.jpg\" class=\"alignleft\" alt=\"image\" src=\"https:\/\/www.rumoasantiago.com\/viadelaplata\/files\/2012\/08\/wpid-rps20120808_181945.jpg\" \/><\/p>\n<p>A segunda grande (diria mesmo vertiginosa) foi a descida at\u00e9 Campobecerros. Trata-se de uma descida bastante t\u00e9cnica, com muitas lajes de xisto, exigindo uma condu\u00e7\u00e3o elaborada e bons reflexos. Na descida pass\u00e1mos por alguns dos peregrinos que tinham ficado no mesmo albergue que n\u00f3s, incluindo um senhor com os seus sessenta e muitos anos de idade e com um portfolio de caminhos realizados impressionante e com quem tive uma conversa muito interessante no ser\u00e3o da noite anterior. <\/p>\n<p><img decoding=\"async\" title=\"rps20120808_182108.jpg\" class=\"alignleft\" alt=\"image\" src=\"https:\/\/www.rumoasantiago.com\/viadelaplata\/files\/2012\/08\/wpid-rps20120808_182108.jpg\" \/><\/p>\n<p>A passagem por Laza por volta das 11h30 resultou numa paragem de cerca de hora e meia para tomar uma bebida fresca e por alguns assuntos de Internet em dia. Como as etapas que estamos a fazer, embora duras, estejam a revelar-se mais f\u00e1ceis que o previsto, vamos aproveitando para relaxar um pouco mais nestas etapas finais. <\/p>\n<p><img decoding=\"async\" title=\"rps20120808_182128.jpg\" class=\"alignleft\" alt=\"image\" src=\"https:\/\/www.rumoasantiago.com\/viadelaplata\/files\/2012\/08\/wpid-rps20120808_182128.jpg\" \/><\/p>\n<p>A segunda parte do dia foi o ponto mais exigente do dia. A subida desde Tamicelas at\u00e9 Albergueria foi bastante dura, com alguns quil\u00f3metros a empurrar a bicicleta pelo meio de rochas e depois a pedalar nas rela\u00e7\u00f5es mais curtas encosta acima.<\/p>\n<p><img decoding=\"async\" title=\"rps20120808_182150.jpg\" class=\"alignright\" alt=\"image\" src=\"https:\/\/www.rumoasantiago.com\/viadelaplata\/files\/2012\/08\/wpid-rps20120808_182150.jpg\" \/><\/p>\n<p>Desde o segundo ponto mais alto at\u00e9 a Vilar do Barrio foi um instante, por meio de uns single tracks bem r\u00e1pidos. <\/p>\n<p><img decoding=\"async\" title=\"rps20120808_182042.jpg\" class=\"alignleft\" alt=\"image\" src=\"https:\/\/www.rumoasantiago.com\/viadelaplata\/files\/2012\/08\/wpid-rps20120808_182042.jpg\" \/><\/p>\n<p>Hoje foi tamb\u00e9m dia de por \u00e0 prova os dotes de costura do Fraz\u00e3o. Os cal\u00e7\u00f5es dele j\u00e1 andavam a amea\u00e7ar ficarem com um comprimento indecente numa das pernas, pelo que no ser\u00e3o de ontem houve tempo para algum trabalho de linha e agulha. A julgar pelo resultado, ainda bem que o Fraz\u00e3o se dedicou \u00e0 engenharia e n\u00e3o a medicina de cirurgia :).<br \/>\nO albergue de hoje \u00e9 uma esp\u00e9cie de luxo no meio dos albergues da zona. Foi renovado em 2008 e est\u00e1 praticamente novo. Segundo a hospitaleira, s\u00e3o poucos os peregrinos que aqui param e os que o fazem s\u00e3o essencialmente ciclistas (c\u00e1 estamos n\u00f3s a confirmar a regra). N\u00e3o est\u00e1 mais ningu\u00e9m no albergue, pelo que hoje somos reis e senhores disto. Pena o facto de aqui ao lado estar uma casa municipal que os jovens filhos de emigrantes (que est\u00e3o na localidade por f\u00e9rias) frequentam e segundo parece, provocam desacatos.<br \/>\nN\u00e3o havia mais ningu\u00e9m no albergue, por isso tivemos as instala\u00e7\u00f5es s\u00f3 para n\u00f3s. Depois do banho e de algum descanso, fomos procurar o restaurante que a hospitaleira nos recomendou. Era suposto ficar ali mesmo ao lado do albergue, mas por mais voltas que d\u00e9ssemos, n\u00e3o o encontr\u00e1vamos. Ap\u00f3s um telefonema \u00e0 hospitaleira para confirmar o local do restaurante, percebemos que a entrada do mesmo \u00e9 muito discreta e desprovida de sinal\u00e9tica a anunciar o restaurante.<br \/>\nPor volta das 20h fomos ent\u00e3o tratar do jantar. Assim que entr\u00e1mos no estabelecimento, fic\u00e1mos logo de p\u00e9 atr\u00e1s. Trata-se de uma esp\u00e9cie de caf\u00e9 antigo, um g\u00e9nero de tasca. N\u00e3o havia ningu\u00e9m na sala, apenas ind\u00edcios de que estaria algu\u00e9m na divis\u00e3o cont\u00edgua que parecia uma cozinha. Ao fundo da sala (que \u00e9 a \u00fanica divis\u00e3o) estava uma gaiola com um periquito que de in\u00edcio n\u00e3o sab\u00edamos se era embalsamado ou se vivo (depois l\u00e1 se mexeu, dissipando as nossas d\u00favidas). As mesas tinham um tampo feito de m\u00e1rmore recortada toscamente, com uns p\u00e9s feitos de metal forjado. Para rematar, sentia-se um certo odor a mofo no ar, provavelmente do soalho de t\u00e1buas. Estava desenhado o cen\u00e1rio do que poderia ser a refei\u00e7\u00e3o menos acertada da viagem. N\u00e3o pod\u00edamos estar mais enganados! <\/p>\n<p><img decoding=\"async\" title=\"rps20120808_182236.jpg\" class=\"alignleft\" alt=\"image\" src=\"https:\/\/www.rumoasantiago.com\/viadelaplata\/files\/2012\/08\/wpid-rps20120808_182236.jpg\" \/><\/p>\n<p>Rapidamente fomos recebidos por uma encantadora senhora, com os seus talvez 80 anos. Pergunt\u00e1mos pelo men\u00fa, a que nos respondeu que nos cozinharia o que quis\u00e9ssemos. Ap\u00f3s falarmos sobre algumas das hip\u00f3teses, e sabendo a senhora que \u00e9ramos portugueses, sugeriu o t\u00edpico prato luso: bife de vitela com ovo estrelado e batatas (o famoso prego no p\u00e3o). Para o primeiro prato, preparou-nos uma abastada travessa de enchidos (alguns caseiros) \u00e9 queijo. Que maravilha de enchidos!<br \/>\nA verdade \u00e9 que comemos muito bem, a carne estava deliciosa e tenra, a quantidade acima da m\u00e9dia e o pre\u00e7o mais que aceit\u00e1vel. <\/p>\n<p><img decoding=\"async\" title=\"rps20120808_182315.jpg\" class=\"alignleft\" alt=\"image\" src=\"https:\/\/www.rumoasantiago.com\/viadelaplata\/files\/2012\/08\/wpid-rps20120808_182315.jpg\" \/><\/p>\n<p>Carimb\u00e1mos a nossa credencial pela primeira vez num restaurante, porque foi um marco da nossa viagem. Despedimo-nos da senhora Carmi\u00f1a e fomos directos para o albergue para descansar. <\/p>\n<p><img decoding=\"async\" title=\"rps20120808_182015.jpg\" class=\"alignright\" alt=\"image\" src=\"https:\/\/www.rumoasantiago.com\/viadelaplata\/files\/2012\/08\/wpid-rps20120808_182015.jpg\" \/><\/p>\n<p>A etapa desta quarta feira vai ser um misto de percurso rolante com uma ou outra subida. De Ourense a Cea ser\u00e1 quase sempre a subir, pelo que vamos aproveitar a passagem por Ourense para descansar um pouco. <\/p>\n<p>A viagem est\u00e1 quase no fim e as cr\u00f3nicas di\u00e1rias tamb\u00e9m. N\u00e3o se esque\u00e7am de que podem sempre acompanhar a nossa viagem em www.rumoasantiago.com\/viadelaplata, incluindo um mapa que mostra onde estamos e onde estivemos durante toda a travessia. <\/p>\n<p>Amanh\u00e3 h\u00e1 mais e at\u00e9 l\u00e1, Bom Caminho!r<\/p>\n<div class=\"al2fb_like_button\"><div id=\"fb-root\"><\/div><script type=\"text\/javascript\">\n(function(d, s, id) {\n  var js, fjs = d.getElementsByTagName(s)[0];\n  if (d.getElementById(id)) return;\n  js = d.createElement(s); js.id = id;\n  js.src = \"\/\/connect.facebook.net\/pt_PT\/all.js#xfbml=1&appId=118672068213591\";\n  fjs.parentNode.insertBefore(js, fjs);\n}(document, \"script\", \"facebook-jssdk\"));\n<\/script>\n<fb:like href=\"https:\/\/www.rumoasantiago.com\/viadelaplata\/7-de-agosto-etapa-12-concluida\/\" layout=\"button_count\" show_faces=\"true\" share=\"false\" width=\"450\" action=\"like\" font=\"arial\" colorscheme=\"light\" ref=\"AL2FB\"><\/fb:like><\/div>","protected":false},"excerpt":{"rendered":"<p>Se o dia de ontem tinha sido divertido, o de hoje foi fant\u00e1stico. O perfil da etapa anunciava um par de subidas que iriam oferecer alguma resist\u00eancia quer pela inclina\u00e7\u00e3o quer pela extens\u00e3o. Tom\u00e1mos o pequeno almo\u00e7o no dia albergue. A gula no dia anterior por altura das compras tinha sido grande e tivemos a [&hellip;]<\/p>\n","protected":false},"author":1,"featured_media":0,"comment_status":"open","ping_status":"open","sticky":false,"template":"","format":"standard","meta":[],"categories":[1,18,16,10],"tags":[],"yoast_head":"<!-- This site is optimized with the Yoast SEO plugin v20.10 - https:\/\/yoast.com\/wordpress\/plugins\/seo\/ -->\n<title>7 de Agosto - Etapa 12 conclu\u00edda - Via de la Plata<\/title>\n<meta name=\"robots\" content=\"index, follow, max-snippet:-1, max-image-preview:large, max-video-preview:-1\" \/>\n<link rel=\"canonical\" href=\"https:\/\/www.rumoasantiago.com\/viadelaplata\/7-de-agosto-etapa-12-concluida\/\" \/>\n<meta property=\"og:locale\" content=\"pt_PT\" \/>\n<meta property=\"og:type\" content=\"article\" \/>\n<meta property=\"og:title\" content=\"7 de Agosto - Etapa 12 conclu\u00edda - Via de la Plata\" \/>\n<meta property=\"og:description\" content=\"Se o dia de ontem tinha sido divertido, o de hoje foi fant\u00e1stico. O perfil da etapa anunciava um par de subidas que iriam oferecer alguma resist\u00eancia quer pela inclina\u00e7\u00e3o quer pela extens\u00e3o. Tom\u00e1mos o pequeno almo\u00e7o no dia albergue. A gula no dia anterior por altura das compras tinha sido grande e tivemos a [&hellip;]\" \/>\n<meta property=\"og:url\" content=\"https:\/\/www.rumoasantiago.com\/viadelaplata\/7-de-agosto-etapa-12-concluida\/\" \/>\n<meta property=\"og:site_name\" content=\"Via de la Plata\" \/>\n<meta property=\"article:published_time\" content=\"2012-08-08T19:27:30+00:00\" \/>\n<meta property=\"article:modified_time\" content=\"2012-08-08T19:30:57+00:00\" \/>\n<meta property=\"og:image\" content=\"http:\/\/www.rumoasantiago.com\/viadelaplata\/files\/2012\/08\/wpid-rps20120808_181730.jpg\" \/>\n<meta name=\"author\" content=\"norberto\" \/>\n<meta name=\"twitter:card\" content=\"summary_large_image\" \/>\n<meta name=\"twitter:label1\" content=\"Escrito por\" \/>\n\t<meta name=\"twitter:data1\" content=\"norberto\" \/>\n\t<meta name=\"twitter:label2\" content=\"Tempo estimado de leitura\" \/>\n\t<meta name=\"twitter:data2\" content=\"6 minutos\" \/>\n<script type=\"application\/ld+json\" class=\"yoast-schema-graph\">{\"@context\":\"https:\/\/schema.org\",\"@graph\":[{\"@type\":\"WebPage\",\"@id\":\"https:\/\/www.rumoasantiago.com\/viadelaplata\/7-de-agosto-etapa-12-concluida\/\",\"url\":\"https:\/\/www.rumoasantiago.com\/viadelaplata\/7-de-agosto-etapa-12-concluida\/\",\"name\":\"7 de Agosto - Etapa 12 conclu\u00edda - Via de la Plata\",\"isPartOf\":{\"@id\":\"https:\/\/www.rumoasantiago.com\/viadelaplata\/#website\"},\"datePublished\":\"2012-08-08T19:27:30+00:00\",\"dateModified\":\"2012-08-08T19:30:57+00:00\",\"author\":{\"@id\":\"https:\/\/www.rumoasantiago.com\/viadelaplata\/#\/schema\/person\/72f32049b1b85d455e20c086d02608ee\"},\"breadcrumb\":{\"@id\":\"https:\/\/www.rumoasantiago.com\/viadelaplata\/7-de-agosto-etapa-12-concluida\/#breadcrumb\"},\"inLanguage\":\"pt-PT\",\"potentialAction\":[{\"@type\":\"ReadAction\",\"target\":[\"https:\/\/www.rumoasantiago.com\/viadelaplata\/7-de-agosto-etapa-12-concluida\/\"]}]},{\"@type\":\"BreadcrumbList\",\"@id\":\"https:\/\/www.rumoasantiago.com\/viadelaplata\/7-de-agosto-etapa-12-concluida\/#breadcrumb\",\"itemListElement\":[{\"@type\":\"ListItem\",\"position\":1,\"name\":\"Home\",\"item\":\"https:\/\/www.rumoasantiago.com\/viadelaplata\/\"},{\"@type\":\"ListItem\",\"position\":2,\"name\":\"7 de Agosto &#8211; Etapa 12 conclu\u00edda\"}]},{\"@type\":\"WebSite\",\"@id\":\"https:\/\/www.rumoasantiago.com\/viadelaplata\/#website\",\"url\":\"https:\/\/www.rumoasantiago.com\/viadelaplata\/\",\"name\":\"Via de la Plata\",\"description\":\"Travessia da Via de la Plata\",\"potentialAction\":[{\"@type\":\"SearchAction\",\"target\":{\"@type\":\"EntryPoint\",\"urlTemplate\":\"https:\/\/www.rumoasantiago.com\/viadelaplata\/?s={search_term_string}\"},\"query-input\":\"required name=search_term_string\"}],\"inLanguage\":\"pt-PT\"},{\"@type\":\"Person\",\"@id\":\"https:\/\/www.rumoasantiago.com\/viadelaplata\/#\/schema\/person\/72f32049b1b85d455e20c086d02608ee\",\"name\":\"norberto\",\"image\":{\"@type\":\"ImageObject\",\"inLanguage\":\"pt-PT\",\"@id\":\"https:\/\/www.rumoasantiago.com\/viadelaplata\/#\/schema\/person\/image\/\",\"url\":\"https:\/\/secure.gravatar.com\/avatar\/258e8e796306c4f0066b7a531bd3db2d?s=96&d=mm&r=g\",\"contentUrl\":\"https:\/\/secure.gravatar.com\/avatar\/258e8e796306c4f0066b7a531bd3db2d?s=96&d=mm&r=g\",\"caption\":\"norberto\"},\"url\":\"https:\/\/www.rumoasantiago.com\/viadelaplata\/author\/norberto\/\"}]}<\/script>\n<!-- \/ Yoast SEO plugin. -->","yoast_head_json":{"title":"7 de Agosto - Etapa 12 conclu\u00edda - Via de la Plata","robots":{"index":"index","follow":"follow","max-snippet":"max-snippet:-1","max-image-preview":"max-image-preview:large","max-video-preview":"max-video-preview:-1"},"canonical":"https:\/\/www.rumoasantiago.com\/viadelaplata\/7-de-agosto-etapa-12-concluida\/","og_locale":"pt_PT","og_type":"article","og_title":"7 de Agosto - Etapa 12 conclu\u00edda - Via de la Plata","og_description":"Se o dia de ontem tinha sido divertido, o de hoje foi fant\u00e1stico. O perfil da etapa anunciava um par de subidas que iriam oferecer alguma resist\u00eancia quer pela inclina\u00e7\u00e3o quer pela extens\u00e3o. Tom\u00e1mos o pequeno almo\u00e7o no dia albergue. A gula no dia anterior por altura das compras tinha sido grande e tivemos a [&hellip;]","og_url":"https:\/\/www.rumoasantiago.com\/viadelaplata\/7-de-agosto-etapa-12-concluida\/","og_site_name":"Via de la Plata","article_published_time":"2012-08-08T19:27:30+00:00","article_modified_time":"2012-08-08T19:30:57+00:00","og_image":[{"url":"http:\/\/www.rumoasantiago.com\/viadelaplata\/files\/2012\/08\/wpid-rps20120808_181730.jpg"}],"author":"norberto","twitter_card":"summary_large_image","twitter_misc":{"Escrito por":"norberto","Tempo estimado de leitura":"6 minutos"},"schema":{"@context":"https:\/\/schema.org","@graph":[{"@type":"WebPage","@id":"https:\/\/www.rumoasantiago.com\/viadelaplata\/7-de-agosto-etapa-12-concluida\/","url":"https:\/\/www.rumoasantiago.com\/viadelaplata\/7-de-agosto-etapa-12-concluida\/","name":"7 de Agosto - Etapa 12 conclu\u00edda - Via de la Plata","isPartOf":{"@id":"https:\/\/www.rumoasantiago.com\/viadelaplata\/#website"},"datePublished":"2012-08-08T19:27:30+00:00","dateModified":"2012-08-08T19:30:57+00:00","author":{"@id":"https:\/\/www.rumoasantiago.com\/viadelaplata\/#\/schema\/person\/72f32049b1b85d455e20c086d02608ee"},"breadcrumb":{"@id":"https:\/\/www.rumoasantiago.com\/viadelaplata\/7-de-agosto-etapa-12-concluida\/#breadcrumb"},"inLanguage":"pt-PT","potentialAction":[{"@type":"ReadAction","target":["https:\/\/www.rumoasantiago.com\/viadelaplata\/7-de-agosto-etapa-12-concluida\/"]}]},{"@type":"BreadcrumbList","@id":"https:\/\/www.rumoasantiago.com\/viadelaplata\/7-de-agosto-etapa-12-concluida\/#breadcrumb","itemListElement":[{"@type":"ListItem","position":1,"name":"Home","item":"https:\/\/www.rumoasantiago.com\/viadelaplata\/"},{"@type":"ListItem","position":2,"name":"7 de Agosto &#8211; Etapa 12 conclu\u00edda"}]},{"@type":"WebSite","@id":"https:\/\/www.rumoasantiago.com\/viadelaplata\/#website","url":"https:\/\/www.rumoasantiago.com\/viadelaplata\/","name":"Via de la Plata","description":"Travessia da Via de la Plata","potentialAction":[{"@type":"SearchAction","target":{"@type":"EntryPoint","urlTemplate":"https:\/\/www.rumoasantiago.com\/viadelaplata\/?s={search_term_string}"},"query-input":"required name=search_term_string"}],"inLanguage":"pt-PT"},{"@type":"Person","@id":"https:\/\/www.rumoasantiago.com\/viadelaplata\/#\/schema\/person\/72f32049b1b85d455e20c086d02608ee","name":"norberto","image":{"@type":"ImageObject","inLanguage":"pt-PT","@id":"https:\/\/www.rumoasantiago.com\/viadelaplata\/#\/schema\/person\/image\/","url":"https:\/\/secure.gravatar.com\/avatar\/258e8e796306c4f0066b7a531bd3db2d?s=96&d=mm&r=g","contentUrl":"https:\/\/secure.gravatar.com\/avatar\/258e8e796306c4f0066b7a531bd3db2d?s=96&d=mm&r=g","caption":"norberto"},"url":"https:\/\/www.rumoasantiago.com\/viadelaplata\/author\/norberto\/"}]}},"publishpress_future_action":{"enabled":false,"date":"0","action":"","terms":[],"taxonomy":""},"_links":{"self":[{"href":"https:\/\/www.rumoasantiago.com\/viadelaplata\/wp-json\/wp\/v2\/posts\/427"}],"collection":[{"href":"https:\/\/www.rumoasantiago.com\/viadelaplata\/wp-json\/wp\/v2\/posts"}],"about":[{"href":"https:\/\/www.rumoasantiago.com\/viadelaplata\/wp-json\/wp\/v2\/types\/post"}],"author":[{"embeddable":true,"href":"https:\/\/www.rumoasantiago.com\/viadelaplata\/wp-json\/wp\/v2\/users\/1"}],"replies":[{"embeddable":true,"href":"https:\/\/www.rumoasantiago.com\/viadelaplata\/wp-json\/wp\/v2\/comments?post=427"}],"version-history":[{"count":2,"href":"https:\/\/www.rumoasantiago.com\/viadelaplata\/wp-json\/wp\/v2\/posts\/427\/revisions"}],"predecessor-version":[{"id":429,"href":"https:\/\/www.rumoasantiago.com\/viadelaplata\/wp-json\/wp\/v2\/posts\/427\/revisions\/429"}],"wp:attachment":[{"href":"https:\/\/www.rumoasantiago.com\/viadelaplata\/wp-json\/wp\/v2\/media?parent=427"}],"wp:term":[{"taxonomy":"category","embeddable":true,"href":"https:\/\/www.rumoasantiago.com\/viadelaplata\/wp-json\/wp\/v2\/categories?post=427"},{"taxonomy":"post_tag","embeddable":true,"href":"https:\/\/www.rumoasantiago.com\/viadelaplata\/wp-json\/wp\/v2\/tags?post=427"}],"curies":[{"name":"wp","href":"https:\/\/api.w.org\/{rel}","templated":true}]}}