{"id":411,"date":"2012-08-06T21:10:45","date_gmt":"2012-08-06T21:10:45","guid":{"rendered":"http:\/\/www.rumoasantiago.com\/viadelaplata\/?p=411"},"modified":"2013-03-16T17:05:59","modified_gmt":"2013-03-16T17:05:59","slug":"6-de-agosto-etapa-11-concluida","status":"publish","type":"post","link":"https:\/\/www.rumoasantiago.com\/viadelaplata\/6-de-agosto-etapa-11-concluida\/","title":{"rendered":"6 de Agosto &#8211; Etapa 11 conclu\u00edda"},"content":{"rendered":"<p>Os percursos verdadeiramente fant\u00e1sticos j\u00e1 chegaram! Ainda n\u00e3o t\u00ednhamos chegado verdadeiramente \u00e0 Galiza e j\u00e1 est\u00e1vamos a ser brindados com verdadeiras p\u00e9rolas de trilhos!<\/p>\n<p>Como sempre, o dia come\u00e7ou bem cedo, ainda sem sinal de raios de sol. Na realidade j\u00e1 tinha come\u00e7ado bem antes disso, dado que o grupo que estava alojado no nosso quarto saiu bem cedo e foi imposs\u00edvel n\u00e3o acordar. Junte-se a isso alguma sinfonia nasal e o balan\u00e7o da noite foi de pouco sono (a pregui\u00e7a impediu-me de ir buscar os tamp\u00f5es de ouvidos). S\u00e3o coisas normais no Caminho e que neste contexto s\u00e3o n\u00e3o s\u00f3 toler\u00e1veis mas tamb\u00e9m motivo de conversa engra\u00e7ada :).<\/p>\n<p><img decoding=\"async\" class=\"alignleft\" title=\"rps20120806_211317.jpg\" alt=\"image\" src=\"https:\/\/www.rumoasantiago.com\/viadelaplata\/files\/2012\/08\/wpid-rps20120806_2113171.jpg\" \/><\/p>\n<p>Se at\u00e9 agora temos tido que lidar com o calor (houve etapas em que logo pela manh\u00e3 se sentiam temperaturas acima dos 20 graus), hoje foi altura de, finalmente, dar uso ao casaco. A manh\u00e3 estava muito gelada, tanto que os dedos das m\u00e3os ficaram entorpecidos pelo frio.<br \/> Como t\u00ednhamos pela frente dois grandes picos para trepar, por isso come\u00e7\u00e1mos com um ritmo bastante calmo. Al\u00e9m do mais, o nosso objectivo era fazer a etapa toda por caminho e evitar a todo o custo as alternativas por estrada, por isso sab\u00edamos que nos esperavam quil\u00f3metros de algum &#8220;sofrimento&#8221;.<br \/> A Espanha por onde pass\u00e1mos est\u00e1 toda em obras, em boa parte por causa do TGV. Hoje encontr\u00e1mos mais uma parte do Caminho afectada pelas obras e fomos levados at\u00e9 uma alternativa de alcatr\u00e3o.<br \/> A sinaliza\u00e7\u00e3o do Caminho n\u00e3o nos levou de volta para os trilhos, ainda que os consegu\u00edssemos avistar da estrada.<\/p>\n<p><img decoding=\"async\" class=\"alignleft\" title=\"rps20120806_211350.jpg\" alt=\"image\" src=\"https:\/\/www.rumoasantiago.com\/viadelaplata\/files\/2012\/08\/wpid-rps20120806_211350.jpg\" \/><\/p>\n<p>Ap\u00f3s alguns quil\u00f3metros frustrantes a subir a nacional, opt\u00e1mos por virar num caminho que aparentemente ia ter ao trilho de terra do Caminho. E assim foi!<\/p>\n<p><img decoding=\"async\" class=\"alignleft\" title=\"rps20120806_211409.jpg\" alt=\"image\" src=\"https:\/\/www.rumoasantiago.com\/viadelaplata\/files\/2012\/08\/wpid-rps20120806_211409.jpg\" \/><\/p>\n<p>A subida at\u00e9 a Padornelo (ponto mais alto da Via Sanabresa) foi um pouco custosa, embora o caminho seja, na sua maioria, perfeitamente cicl\u00e1vel. E a seguir a uma grande subida vem sempre uma grande descida, pelo que ap\u00f3s alguns quil\u00f3metros em alcatr\u00e3o fizemos uma alucinante descida t\u00e9cnica que pos \u00e0 prova as nossas m\u00e1quinas e comprovou a efic\u00e1cia da nossa op\u00e7\u00e3o pelas mochilas na hora de abordar trilhos t\u00e9cnicos.<\/p>\n<p><img decoding=\"async\" class=\"alignleft\" title=\"rps20120806_211616.jpg\" alt=\"image\" src=\"https:\/\/www.rumoasantiago.com\/viadelaplata\/files\/2012\/08\/wpid-rps20120806_211616.jpg\" \/><\/p>\n<p>Mas foi a subida ao segundo ponto alto do dia que nos ofereceu grande resist\u00eancia. O percurso por caminho \u00e9, em boa parte, pouco adequado para bicicleta. Para quem conhece o Caminho Central Portugu\u00eas, \u00e9 uma esp\u00e9cie de Labruja c\u00e1 do s\u00edtio :).<\/p>\n<p><img decoding=\"async\" class=\"alignright\" title=\"rps20120806_211722.jpg\" alt=\"image\" src=\"https:\/\/www.rumoasantiago.com\/viadelaplata\/files\/2012\/08\/wpid-rps20120806_211722.jpg\" \/><\/p>\n<p>Foram uns quantos quil\u00f3metros a empurrar a bicicleta, mas valeram bem a pena pela paisagem a que tivemos acesso e pela divers\u00e3o n\u00e3o s\u00f3 dos trilhos, mas tamb\u00e9m das fotos que fomos tirando ao longo da jornada.<\/p>\n<p><img decoding=\"async\" class=\"alignleft\" title=\"rps20120806_211654.jpg\" alt=\"image\" src=\"https:\/\/www.rumoasantiago.com\/viadelaplata\/files\/2012\/08\/wpid-rps20120806_211654.jpg\" \/><\/p>\n<p>Como no meio do monte n\u00e3o h\u00e1 s\u00edtio onde comprar p\u00e3o e outros v\u00edveres, valeram-nos as barras energ\u00e9ticas que trazemos connosco e uns biscoitos que t\u00ednhamos comprado no dia anterior. Nada se desperdi\u00e7a, como o Fraz\u00e3o comprovou no fundo da embalagem dos biscoitos!<\/p>\n<p><img decoding=\"async\" class=\"alignleft\" title=\"rps20120806_211818.jpg\" alt=\"image\" src=\"https:\/\/www.rumoasantiago.com\/viadelaplata\/files\/2012\/08\/wpid-rps20120806_211818.jpg\" \/><\/p>\n<p>O restante percurso foi pautado por muito sobe e desce t\u00edpico da Galiza, o que equivale a dizer muita divers\u00e3o!<br \/> Cheg\u00e1mos a A Gudi\u00f1a por volta das 15h15 e ainda demos umas voltas na vila para encontrarmos o albergue, dado que o ponto que tinha marcado no GPS estava completamente ao lado.<br \/> O albergue \u00e9 humilde, embora com condi\u00e7\u00f5es bastante aceit\u00e1veis e com um hospitaleiro jovem e muito simp\u00e1tico, cheio de vontade de conversar. J\u00e1 se nota que nos estamos aproximar de Santiago de Compostela, pois o albergue est\u00e1t praticamente cheio.<\/p>\n<p>O nosso programa para amanh\u00e3 inclui, cremos n\u00f3s, mais trilhos divertidos que havemos de partilhar convosco quando colocarmos online os in\u00fameros videos que temos vindo a fazer. At\u00e9 l\u00e1, Bom Caminho!<\/p>\n<div class=\"al2fb_like_button\"><div id=\"fb-root\"><\/div><script type=\"text\/javascript\">\n(function(d, s, id) {\n  var js, fjs = d.getElementsByTagName(s)[0];\n  if (d.getElementById(id)) return;\n  js = d.createElement(s); js.id = id;\n  js.src = \"\/\/connect.facebook.net\/pt_PT\/all.js#xfbml=1&appId=118672068213591\";\n  fjs.parentNode.insertBefore(js, fjs);\n}(document, \"script\", \"facebook-jssdk\"));\n<\/script>\n<fb:like href=\"https:\/\/www.rumoasantiago.com\/viadelaplata\/6-de-agosto-etapa-11-concluida\/\" layout=\"button_count\" show_faces=\"true\" share=\"false\" width=\"450\" action=\"like\" font=\"arial\" colorscheme=\"light\" ref=\"AL2FB\"><\/fb:like><\/div>","protected":false},"excerpt":{"rendered":"<p>Os percursos verdadeiramente fant\u00e1sticos j\u00e1 chegaram! Ainda n\u00e3o t\u00ednhamos chegado verdadeiramente \u00e0 Galiza e j\u00e1 est\u00e1vamos a ser brindados com verdadeiras p\u00e9rolas de trilhos! Como sempre, o dia come\u00e7ou bem cedo, ainda sem sinal de raios de sol. Na realidade j\u00e1 tinha come\u00e7ado bem antes disso, dado que o grupo que estava alojado no nosso [&hellip;]<\/p>\n","protected":false},"author":1,"featured_media":0,"comment_status":"open","ping_status":"open","sticky":false,"template":"","format":"standard","meta":[],"categories":[1,18,16,10],"tags":[],"yoast_head":"<!-- This site is optimized with the Yoast SEO plugin v20.10 - https:\/\/yoast.com\/wordpress\/plugins\/seo\/ -->\n<title>6 de Agosto - Etapa 11 conclu\u00edda - Via de la Plata<\/title>\n<meta name=\"robots\" content=\"index, follow, max-snippet:-1, max-image-preview:large, max-video-preview:-1\" \/>\n<link rel=\"canonical\" href=\"https:\/\/www.rumoasantiago.com\/viadelaplata\/6-de-agosto-etapa-11-concluida\/\" \/>\n<meta property=\"og:locale\" content=\"pt_PT\" \/>\n<meta property=\"og:type\" content=\"article\" \/>\n<meta property=\"og:title\" content=\"6 de Agosto - Etapa 11 conclu\u00edda - Via de la Plata\" \/>\n<meta property=\"og:description\" content=\"Os percursos verdadeiramente fant\u00e1sticos j\u00e1 chegaram! Ainda n\u00e3o t\u00ednhamos chegado verdadeiramente \u00e0 Galiza e j\u00e1 est\u00e1vamos a ser brindados com verdadeiras p\u00e9rolas de trilhos! Como sempre, o dia come\u00e7ou bem cedo, ainda sem sinal de raios de sol. Na realidade j\u00e1 tinha come\u00e7ado bem antes disso, dado que o grupo que estava alojado no nosso [&hellip;]\" \/>\n<meta property=\"og:url\" content=\"https:\/\/www.rumoasantiago.com\/viadelaplata\/6-de-agosto-etapa-11-concluida\/\" \/>\n<meta property=\"og:site_name\" content=\"Via de la Plata\" \/>\n<meta property=\"article:published_time\" content=\"2012-08-06T21:10:45+00:00\" \/>\n<meta property=\"article:modified_time\" content=\"2013-03-16T17:05:59+00:00\" \/>\n<meta property=\"og:image\" content=\"http:\/\/www.rumoasantiago.com\/viadelaplata\/files\/2012\/08\/wpid-rps20120806_2113171.jpg\" \/>\n<meta name=\"author\" content=\"norberto\" \/>\n<meta name=\"twitter:card\" content=\"summary_large_image\" \/>\n<meta name=\"twitter:label1\" content=\"Escrito por\" \/>\n\t<meta name=\"twitter:data1\" content=\"norberto\" \/>\n\t<meta name=\"twitter:label2\" content=\"Tempo estimado de leitura\" \/>\n\t<meta name=\"twitter:data2\" content=\"3 minutos\" \/>\n<script type=\"application\/ld+json\" class=\"yoast-schema-graph\">{\"@context\":\"https:\/\/schema.org\",\"@graph\":[{\"@type\":\"WebPage\",\"@id\":\"https:\/\/www.rumoasantiago.com\/viadelaplata\/6-de-agosto-etapa-11-concluida\/\",\"url\":\"https:\/\/www.rumoasantiago.com\/viadelaplata\/6-de-agosto-etapa-11-concluida\/\",\"name\":\"6 de Agosto - Etapa 11 conclu\u00edda - Via de la Plata\",\"isPartOf\":{\"@id\":\"https:\/\/www.rumoasantiago.com\/viadelaplata\/#website\"},\"datePublished\":\"2012-08-06T21:10:45+00:00\",\"dateModified\":\"2013-03-16T17:05:59+00:00\",\"author\":{\"@id\":\"https:\/\/www.rumoasantiago.com\/viadelaplata\/#\/schema\/person\/72f32049b1b85d455e20c086d02608ee\"},\"breadcrumb\":{\"@id\":\"https:\/\/www.rumoasantiago.com\/viadelaplata\/6-de-agosto-etapa-11-concluida\/#breadcrumb\"},\"inLanguage\":\"pt-PT\",\"potentialAction\":[{\"@type\":\"ReadAction\",\"target\":[\"https:\/\/www.rumoasantiago.com\/viadelaplata\/6-de-agosto-etapa-11-concluida\/\"]}]},{\"@type\":\"BreadcrumbList\",\"@id\":\"https:\/\/www.rumoasantiago.com\/viadelaplata\/6-de-agosto-etapa-11-concluida\/#breadcrumb\",\"itemListElement\":[{\"@type\":\"ListItem\",\"position\":1,\"name\":\"Home\",\"item\":\"https:\/\/www.rumoasantiago.com\/viadelaplata\/\"},{\"@type\":\"ListItem\",\"position\":2,\"name\":\"6 de Agosto &#8211; Etapa 11 conclu\u00edda\"}]},{\"@type\":\"WebSite\",\"@id\":\"https:\/\/www.rumoasantiago.com\/viadelaplata\/#website\",\"url\":\"https:\/\/www.rumoasantiago.com\/viadelaplata\/\",\"name\":\"Via de la Plata\",\"description\":\"Travessia da Via de la Plata\",\"potentialAction\":[{\"@type\":\"SearchAction\",\"target\":{\"@type\":\"EntryPoint\",\"urlTemplate\":\"https:\/\/www.rumoasantiago.com\/viadelaplata\/?s={search_term_string}\"},\"query-input\":\"required name=search_term_string\"}],\"inLanguage\":\"pt-PT\"},{\"@type\":\"Person\",\"@id\":\"https:\/\/www.rumoasantiago.com\/viadelaplata\/#\/schema\/person\/72f32049b1b85d455e20c086d02608ee\",\"name\":\"norberto\",\"image\":{\"@type\":\"ImageObject\",\"inLanguage\":\"pt-PT\",\"@id\":\"https:\/\/www.rumoasantiago.com\/viadelaplata\/#\/schema\/person\/image\/\",\"url\":\"https:\/\/secure.gravatar.com\/avatar\/258e8e796306c4f0066b7a531bd3db2d?s=96&d=mm&r=g\",\"contentUrl\":\"https:\/\/secure.gravatar.com\/avatar\/258e8e796306c4f0066b7a531bd3db2d?s=96&d=mm&r=g\",\"caption\":\"norberto\"},\"url\":\"https:\/\/www.rumoasantiago.com\/viadelaplata\/author\/norberto\/\"}]}<\/script>\n<!-- \/ Yoast SEO plugin. -->","yoast_head_json":{"title":"6 de Agosto - Etapa 11 conclu\u00edda - Via de la Plata","robots":{"index":"index","follow":"follow","max-snippet":"max-snippet:-1","max-image-preview":"max-image-preview:large","max-video-preview":"max-video-preview:-1"},"canonical":"https:\/\/www.rumoasantiago.com\/viadelaplata\/6-de-agosto-etapa-11-concluida\/","og_locale":"pt_PT","og_type":"article","og_title":"6 de Agosto - Etapa 11 conclu\u00edda - Via de la Plata","og_description":"Os percursos verdadeiramente fant\u00e1sticos j\u00e1 chegaram! Ainda n\u00e3o t\u00ednhamos chegado verdadeiramente \u00e0 Galiza e j\u00e1 est\u00e1vamos a ser brindados com verdadeiras p\u00e9rolas de trilhos! Como sempre, o dia come\u00e7ou bem cedo, ainda sem sinal de raios de sol. Na realidade j\u00e1 tinha come\u00e7ado bem antes disso, dado que o grupo que estava alojado no nosso [&hellip;]","og_url":"https:\/\/www.rumoasantiago.com\/viadelaplata\/6-de-agosto-etapa-11-concluida\/","og_site_name":"Via de la Plata","article_published_time":"2012-08-06T21:10:45+00:00","article_modified_time":"2013-03-16T17:05:59+00:00","og_image":[{"url":"http:\/\/www.rumoasantiago.com\/viadelaplata\/files\/2012\/08\/wpid-rps20120806_2113171.jpg"}],"author":"norberto","twitter_card":"summary_large_image","twitter_misc":{"Escrito por":"norberto","Tempo estimado de leitura":"3 minutos"},"schema":{"@context":"https:\/\/schema.org","@graph":[{"@type":"WebPage","@id":"https:\/\/www.rumoasantiago.com\/viadelaplata\/6-de-agosto-etapa-11-concluida\/","url":"https:\/\/www.rumoasantiago.com\/viadelaplata\/6-de-agosto-etapa-11-concluida\/","name":"6 de Agosto - Etapa 11 conclu\u00edda - Via de la Plata","isPartOf":{"@id":"https:\/\/www.rumoasantiago.com\/viadelaplata\/#website"},"datePublished":"2012-08-06T21:10:45+00:00","dateModified":"2013-03-16T17:05:59+00:00","author":{"@id":"https:\/\/www.rumoasantiago.com\/viadelaplata\/#\/schema\/person\/72f32049b1b85d455e20c086d02608ee"},"breadcrumb":{"@id":"https:\/\/www.rumoasantiago.com\/viadelaplata\/6-de-agosto-etapa-11-concluida\/#breadcrumb"},"inLanguage":"pt-PT","potentialAction":[{"@type":"ReadAction","target":["https:\/\/www.rumoasantiago.com\/viadelaplata\/6-de-agosto-etapa-11-concluida\/"]}]},{"@type":"BreadcrumbList","@id":"https:\/\/www.rumoasantiago.com\/viadelaplata\/6-de-agosto-etapa-11-concluida\/#breadcrumb","itemListElement":[{"@type":"ListItem","position":1,"name":"Home","item":"https:\/\/www.rumoasantiago.com\/viadelaplata\/"},{"@type":"ListItem","position":2,"name":"6 de Agosto &#8211; Etapa 11 conclu\u00edda"}]},{"@type":"WebSite","@id":"https:\/\/www.rumoasantiago.com\/viadelaplata\/#website","url":"https:\/\/www.rumoasantiago.com\/viadelaplata\/","name":"Via de la Plata","description":"Travessia da Via de la Plata","potentialAction":[{"@type":"SearchAction","target":{"@type":"EntryPoint","urlTemplate":"https:\/\/www.rumoasantiago.com\/viadelaplata\/?s={search_term_string}"},"query-input":"required name=search_term_string"}],"inLanguage":"pt-PT"},{"@type":"Person","@id":"https:\/\/www.rumoasantiago.com\/viadelaplata\/#\/schema\/person\/72f32049b1b85d455e20c086d02608ee","name":"norberto","image":{"@type":"ImageObject","inLanguage":"pt-PT","@id":"https:\/\/www.rumoasantiago.com\/viadelaplata\/#\/schema\/person\/image\/","url":"https:\/\/secure.gravatar.com\/avatar\/258e8e796306c4f0066b7a531bd3db2d?s=96&d=mm&r=g","contentUrl":"https:\/\/secure.gravatar.com\/avatar\/258e8e796306c4f0066b7a531bd3db2d?s=96&d=mm&r=g","caption":"norberto"},"url":"https:\/\/www.rumoasantiago.com\/viadelaplata\/author\/norberto\/"}]}},"publishpress_future_action":{"enabled":false,"date":"0","action":"","terms":[],"taxonomy":""},"_links":{"self":[{"href":"https:\/\/www.rumoasantiago.com\/viadelaplata\/wp-json\/wp\/v2\/posts\/411"}],"collection":[{"href":"https:\/\/www.rumoasantiago.com\/viadelaplata\/wp-json\/wp\/v2\/posts"}],"about":[{"href":"https:\/\/www.rumoasantiago.com\/viadelaplata\/wp-json\/wp\/v2\/types\/post"}],"author":[{"embeddable":true,"href":"https:\/\/www.rumoasantiago.com\/viadelaplata\/wp-json\/wp\/v2\/users\/1"}],"replies":[{"embeddable":true,"href":"https:\/\/www.rumoasantiago.com\/viadelaplata\/wp-json\/wp\/v2\/comments?post=411"}],"version-history":[{"count":4,"href":"https:\/\/www.rumoasantiago.com\/viadelaplata\/wp-json\/wp\/v2\/posts\/411\/revisions"}],"predecessor-version":[{"id":464,"href":"https:\/\/www.rumoasantiago.com\/viadelaplata\/wp-json\/wp\/v2\/posts\/411\/revisions\/464"}],"wp:attachment":[{"href":"https:\/\/www.rumoasantiago.com\/viadelaplata\/wp-json\/wp\/v2\/media?parent=411"}],"wp:term":[{"taxonomy":"category","embeddable":true,"href":"https:\/\/www.rumoasantiago.com\/viadelaplata\/wp-json\/wp\/v2\/categories?post=411"},{"taxonomy":"post_tag","embeddable":true,"href":"https:\/\/www.rumoasantiago.com\/viadelaplata\/wp-json\/wp\/v2\/tags?post=411"}],"curies":[{"name":"wp","href":"https:\/\/api.w.org\/{rel}","templated":true}]}}