{"id":400,"date":"2012-08-05T21:09:38","date_gmt":"2012-08-05T21:09:38","guid":{"rendered":"http:\/\/www.rumoasantiago.com\/viadelaplata\/?p=400"},"modified":"2013-03-16T17:07:26","modified_gmt":"2013-03-16T17:07:26","slug":"5-de-agosto-etapa-10-terminada","status":"publish","type":"post","link":"https:\/\/www.rumoasantiago.com\/viadelaplata\/5-de-agosto-etapa-10-terminada\/","title":{"rendered":"5 de Agosto &#8211; Etapa 10 terminada"},"content":{"rendered":"<p><img decoding=\"async\" class=\"alignleft\" title=\"rps20120805_190826.jpg\" alt=\"image\" src=\"https:\/\/www.rumoasantiago.com\/viadelaplata\/files\/2012\/08\/wpid-rps20120805_190826.jpg\" \/><\/p>\n<p>Hoje complet\u00e1mos oficialmente 2\/3 das nossas etapas e alcan\u00e7\u00e1mos a marca dos 730 quil\u00f3metros percorridos.<br \/> Est\u00e1vamos apenas 3 pessoas no albergue. Como sempre, o despertador tocou \u00e0s 6h20 mas como a luz do dia ainda era t\u00e9nue e ningu\u00e9m aparentava ter muita vontade de acordar, acabei por me virar para o outro lado e dormi mais um pouco.<br \/> Ap\u00f3s um bom pequeno almo\u00e7o que j\u00e1 t\u00ednhamos assegurado no dia anterior, inici\u00e1mos a nossa viagem por volta das 9h30.<\/p>\n<p><img decoding=\"async\" class=\"alignleft\" title=\"rps20120805_190759.jpg\" alt=\"image\" src=\"https:\/\/www.rumoasantiago.com\/viadelaplata\/files\/2012\/08\/wpid-rps20120805_190759.jpg\" \/><\/p>\n<p>As paisagens desta parte do Caminho s\u00e3o mesmo completamente diferentes de tudo o resto. O verde \u00e9 a cor predominante e embora continuemos a ter bastantes estrad\u00f5es para percorrer, j\u00e1 come\u00e7amos a ter um vislumbre dos single tracks e de caminhos ladeados por \u00e1rvores e vegeta\u00e7\u00e3o.<br \/> O Frederico saiu uns minutos mais cedo que n\u00f3s e n\u00e3o volt\u00e1mos a v\u00ea-lo. Esta \u00e9 uma das caracter\u00edsticas interessantes do Caminho: as amizades ef\u00e9meras que se fazem e as pessoas que conhecemos e que sabemos que dificilmente as voltaremos a ver, mas que no momento em que convivemos fazemo-lo como se nos conhec\u00eassemos h\u00e1 imensos anos.<br \/> A dada altura avist\u00e1mos ao longe duas bicicletas e pens\u00e1mos que talvez fossem alguns dos ciclistas que conhecemos em Zamora. Mas est\u00e1vamos enganados, na realidade eram duas senhoras de Madrid que est\u00e3o a fazer o caminho desde Zamora at\u00e9 Finisterra. Estivemos todos um pouco parados num ponto onde a marca\u00e7\u00e3o das setas \u00e9 amb\u00edgua (tem setas a apontar para os dois caminhos poss\u00edveis) at\u00e9 que decidimos seguir a op\u00e7\u00e3o que o track GPS nos indicava. Como \u00edamos a um ritmo mais acelerado que as senhoras, seguimos viagem.<\/p>\n<p><img decoding=\"async\" class=\"alignleft\" title=\"rps20120805_190732.jpg\" alt=\"image\" src=\"https:\/\/www.rumoasantiago.com\/viadelaplata\/files\/2012\/08\/wpid-rps20120805_190732.jpg\" \/><\/p>\n<p>O percurso de hoje levou-nos a contornar quase a toda a volta uma grande barragem. Aproveit\u00e1mos para fazer mais umas fotos onde as Spark 20 que nos acompanham possam brilhar. Vimos tamb\u00e9m alguma sinal\u00e9tica curiosa relativamente a um caf\u00e9 pr\u00f3ximo. O mais curioso \u00e9 que este s\u00edmbolo surgiu 2 ou 3 vezes sempre com a indica\u00e7\u00e3o de 1km e a verdade \u00e9 que n\u00e3o me recordo de ter visto nenhum caf\u00e9 :).<br \/> Mais adiante uma parte do Caminho estava a ser partilhada com um t\u00edpico passeio organizado de btt. A dada altura passa por n\u00f3s um senhor de bicicleta que rapidamente p\u00e1ra para conversar connosco. Fic\u00e1mos a saber que \u00e9 tamb\u00e9m algu\u00e9m j\u00e1 conhecedor dos Caminhos, tendo j\u00e1 a Via de la Plata no curr\u00edculo e est\u00e1 a planear a travessia do Caminho Portugu\u00eas desde Lisboa para Setembro pr\u00f3ximo.<\/p>\n<p><img decoding=\"async\" class=\"alignleft\" title=\"rps20120805_191029.jpg\" alt=\"image\" src=\"https:\/\/www.rumoasantiago.com\/viadelaplata\/files\/2012\/08\/wpid-rps20120805_191029.jpg\" \/><\/p>\n<p>A t\u00edtulo de curiosidade, os cal\u00e7\u00f5es de btt de estima\u00e7\u00e3o do Fraz\u00e3o j\u00e1 est\u00e3o a acusar n\u00e3o s\u00f3 a idade que t\u00eam mas tamb\u00e9m as lides do Caminho. Se a viagem demorar muito mais tempo, a indument\u00e1ria do Fraz\u00e3o toma um aspecto um tanto ou quanto duvidoso :).<\/p>\n<p><img decoding=\"async\" class=\"alignleft\" title=\"rps20120805_191109.jpg\" alt=\"image\" src=\"https:\/\/www.rumoasantiago.com\/viadelaplata\/files\/2012\/08\/wpid-rps20120805_191109.jpg\" \/><\/p>\n<p>Mais tarde fizemos a nossa habitual pausa para almo\u00e7o, onde nos delici\u00e1mos com um p\u00e3o estaladi\u00e7o e ainda quente quando o compr\u00e1mos.<br \/> O epis\u00f3dio mais curioso do dia surgiu quando est\u00e1vamos a 8 quil\u00f3metros de Puebla Sanabria. Assim que sa\u00edmos do mato e cheg\u00e1mos a uma povoa\u00e7\u00e3o, depar\u00e1mo-nos com um impressionante aparato de pessoas. Logo de seguida, um grupo de crian\u00e7as veio ter connosco e disseram-nos que nos queriam convidar a comer uma paelha que estavam a preparar. Em conversa com alguns dos idosos que estavam na multid\u00e3o soubemos que se trata de um almo\u00e7o que acontece sempre no primeiro domingo de Agosto e que serve de mote para que a popula\u00e7\u00e3o que emigrou para outras regi\u00f5es de Espanha se consiga reunir todos os anos. Infelizmente a paelha estava demorada e como tem\u00edamos que chovesse entretanto, seguimos viagem.<\/p>\n<p><img decoding=\"async\" class=\"alignnone\" title=\"rps20120805_191134.jpg\" alt=\"image\" src=\"https:\/\/www.rumoasantiago.com\/viadelaplata\/files\/2012\/08\/wpid-rps20120805_191134.jpg\" \/><\/p>\n<p>Cheg\u00e1mos ao albergue por volta das 17h. O albergue de hoje (Albergue Casa Luz) \u00e9 a prova da import\u00e2ncia que uma boa recep\u00e7\u00e3o pode fazer toda a diferen\u00e7a. Quando cheg\u00e1mos n\u00e3o havia ningu\u00e9m do albergue para nos atender. Reencontr\u00e1mos o rapaz alem\u00e3o, que estava alojado neste albergue e que nos abriu o port\u00e3o de acesso ao p\u00e1tio onde ir\u00edamos guardar as bicicletas. Depois de uns minutos chegou uma senhora idosa a queixar-se que dever\u00edamos ter tocado \u00e0 porta ao lado e que n\u00e3o nos deviam ter aberto o port\u00e3o. A indica\u00e7\u00e3o das camas onde ir\u00edamos ficar foi tamb\u00e9m uma confus\u00e3o que n\u00e3o percebemos muito bem. Em todo o caso, passado algum tempo j\u00e1 estava tudo resolvido.<br \/> Ap\u00f3s um passeio por Puebla Sanabria e o jantar, regress\u00e1mos ao albergue para um merecido descanso.<\/p>\n<p>Amanh\u00e3 vai ser dia de valentes subidas, pelo que o descanso de hoje vai ser muito importante. O nosso quarto tem casa cheia, pelo que vamos ver se a noite \u00e9 de sossego :).<\/p>\n<p>At\u00e9 amanh\u00e3 e Bom Caminho!<\/p>\n<div class=\"al2fb_like_button\"><div id=\"fb-root\"><\/div><script type=\"text\/javascript\">\n(function(d, s, id) {\n  var js, fjs = d.getElementsByTagName(s)[0];\n  if (d.getElementById(id)) return;\n  js = d.createElement(s); js.id = id;\n  js.src = \"\/\/connect.facebook.net\/pt_PT\/all.js#xfbml=1&appId=118672068213591\";\n  fjs.parentNode.insertBefore(js, fjs);\n}(document, \"script\", \"facebook-jssdk\"));\n<\/script>\n<fb:like href=\"https:\/\/www.rumoasantiago.com\/viadelaplata\/5-de-agosto-etapa-10-terminada\/\" layout=\"button_count\" show_faces=\"true\" share=\"false\" width=\"450\" action=\"like\" font=\"arial\" colorscheme=\"light\" ref=\"AL2FB\"><\/fb:like><\/div>","protected":false},"excerpt":{"rendered":"<p>Hoje complet\u00e1mos oficialmente 2\/3 das nossas etapas e alcan\u00e7\u00e1mos a marca dos 730 quil\u00f3metros percorridos. Est\u00e1vamos apenas 3 pessoas no albergue. Como sempre, o despertador tocou \u00e0s 6h20 mas como a luz do dia ainda era t\u00e9nue e ningu\u00e9m aparentava ter muita vontade de acordar, acabei por me virar para o outro lado e dormi [&hellip;]<\/p>\n","protected":false},"author":1,"featured_media":0,"comment_status":"open","ping_status":"open","sticky":false,"template":"","format":"standard","meta":[],"categories":[1,18,16,10],"tags":[],"yoast_head":"<!-- This site is optimized with the Yoast SEO plugin v20.10 - https:\/\/yoast.com\/wordpress\/plugins\/seo\/ -->\n<title>5 de Agosto - Etapa 10 terminada - Via de la Plata<\/title>\n<meta name=\"robots\" content=\"index, follow, max-snippet:-1, max-image-preview:large, max-video-preview:-1\" \/>\n<link rel=\"canonical\" href=\"https:\/\/www.rumoasantiago.com\/viadelaplata\/5-de-agosto-etapa-10-terminada\/\" \/>\n<meta property=\"og:locale\" content=\"pt_PT\" \/>\n<meta property=\"og:type\" content=\"article\" \/>\n<meta property=\"og:title\" content=\"5 de Agosto - Etapa 10 terminada - Via de la Plata\" \/>\n<meta property=\"og:description\" content=\"Hoje complet\u00e1mos oficialmente 2\/3 das nossas etapas e alcan\u00e7\u00e1mos a marca dos 730 quil\u00f3metros percorridos. Est\u00e1vamos apenas 3 pessoas no albergue. Como sempre, o despertador tocou \u00e0s 6h20 mas como a luz do dia ainda era t\u00e9nue e ningu\u00e9m aparentava ter muita vontade de acordar, acabei por me virar para o outro lado e dormi [&hellip;]\" \/>\n<meta property=\"og:url\" content=\"https:\/\/www.rumoasantiago.com\/viadelaplata\/5-de-agosto-etapa-10-terminada\/\" \/>\n<meta property=\"og:site_name\" content=\"Via de la Plata\" \/>\n<meta property=\"article:published_time\" content=\"2012-08-05T21:09:38+00:00\" \/>\n<meta property=\"article:modified_time\" content=\"2013-03-16T17:07:26+00:00\" \/>\n<meta property=\"og:image\" content=\"http:\/\/www.rumoasantiago.com\/viadelaplata\/files\/2012\/08\/wpid-rps20120805_190826.jpg\" \/>\n<meta name=\"author\" content=\"norberto\" \/>\n<meta name=\"twitter:card\" content=\"summary_large_image\" \/>\n<meta name=\"twitter:label1\" content=\"Escrito por\" \/>\n\t<meta name=\"twitter:data1\" content=\"norberto\" \/>\n\t<meta name=\"twitter:label2\" content=\"Tempo estimado de leitura\" \/>\n\t<meta name=\"twitter:data2\" content=\"4 minutos\" \/>\n<script type=\"application\/ld+json\" class=\"yoast-schema-graph\">{\"@context\":\"https:\/\/schema.org\",\"@graph\":[{\"@type\":\"WebPage\",\"@id\":\"https:\/\/www.rumoasantiago.com\/viadelaplata\/5-de-agosto-etapa-10-terminada\/\",\"url\":\"https:\/\/www.rumoasantiago.com\/viadelaplata\/5-de-agosto-etapa-10-terminada\/\",\"name\":\"5 de Agosto - Etapa 10 terminada - Via de la Plata\",\"isPartOf\":{\"@id\":\"https:\/\/www.rumoasantiago.com\/viadelaplata\/#website\"},\"datePublished\":\"2012-08-05T21:09:38+00:00\",\"dateModified\":\"2013-03-16T17:07:26+00:00\",\"author\":{\"@id\":\"https:\/\/www.rumoasantiago.com\/viadelaplata\/#\/schema\/person\/72f32049b1b85d455e20c086d02608ee\"},\"breadcrumb\":{\"@id\":\"https:\/\/www.rumoasantiago.com\/viadelaplata\/5-de-agosto-etapa-10-terminada\/#breadcrumb\"},\"inLanguage\":\"pt-PT\",\"potentialAction\":[{\"@type\":\"ReadAction\",\"target\":[\"https:\/\/www.rumoasantiago.com\/viadelaplata\/5-de-agosto-etapa-10-terminada\/\"]}]},{\"@type\":\"BreadcrumbList\",\"@id\":\"https:\/\/www.rumoasantiago.com\/viadelaplata\/5-de-agosto-etapa-10-terminada\/#breadcrumb\",\"itemListElement\":[{\"@type\":\"ListItem\",\"position\":1,\"name\":\"Home\",\"item\":\"https:\/\/www.rumoasantiago.com\/viadelaplata\/\"},{\"@type\":\"ListItem\",\"position\":2,\"name\":\"5 de Agosto &#8211; Etapa 10 terminada\"}]},{\"@type\":\"WebSite\",\"@id\":\"https:\/\/www.rumoasantiago.com\/viadelaplata\/#website\",\"url\":\"https:\/\/www.rumoasantiago.com\/viadelaplata\/\",\"name\":\"Via de la Plata\",\"description\":\"Travessia da Via de la Plata\",\"potentialAction\":[{\"@type\":\"SearchAction\",\"target\":{\"@type\":\"EntryPoint\",\"urlTemplate\":\"https:\/\/www.rumoasantiago.com\/viadelaplata\/?s={search_term_string}\"},\"query-input\":\"required name=search_term_string\"}],\"inLanguage\":\"pt-PT\"},{\"@type\":\"Person\",\"@id\":\"https:\/\/www.rumoasantiago.com\/viadelaplata\/#\/schema\/person\/72f32049b1b85d455e20c086d02608ee\",\"name\":\"norberto\",\"image\":{\"@type\":\"ImageObject\",\"inLanguage\":\"pt-PT\",\"@id\":\"https:\/\/www.rumoasantiago.com\/viadelaplata\/#\/schema\/person\/image\/\",\"url\":\"https:\/\/secure.gravatar.com\/avatar\/258e8e796306c4f0066b7a531bd3db2d?s=96&d=mm&r=g\",\"contentUrl\":\"https:\/\/secure.gravatar.com\/avatar\/258e8e796306c4f0066b7a531bd3db2d?s=96&d=mm&r=g\",\"caption\":\"norberto\"},\"url\":\"https:\/\/www.rumoasantiago.com\/viadelaplata\/author\/norberto\/\"}]}<\/script>\n<!-- \/ Yoast SEO plugin. -->","yoast_head_json":{"title":"5 de Agosto - Etapa 10 terminada - Via de la Plata","robots":{"index":"index","follow":"follow","max-snippet":"max-snippet:-1","max-image-preview":"max-image-preview:large","max-video-preview":"max-video-preview:-1"},"canonical":"https:\/\/www.rumoasantiago.com\/viadelaplata\/5-de-agosto-etapa-10-terminada\/","og_locale":"pt_PT","og_type":"article","og_title":"5 de Agosto - Etapa 10 terminada - Via de la Plata","og_description":"Hoje complet\u00e1mos oficialmente 2\/3 das nossas etapas e alcan\u00e7\u00e1mos a marca dos 730 quil\u00f3metros percorridos. Est\u00e1vamos apenas 3 pessoas no albergue. Como sempre, o despertador tocou \u00e0s 6h20 mas como a luz do dia ainda era t\u00e9nue e ningu\u00e9m aparentava ter muita vontade de acordar, acabei por me virar para o outro lado e dormi [&hellip;]","og_url":"https:\/\/www.rumoasantiago.com\/viadelaplata\/5-de-agosto-etapa-10-terminada\/","og_site_name":"Via de la Plata","article_published_time":"2012-08-05T21:09:38+00:00","article_modified_time":"2013-03-16T17:07:26+00:00","og_image":[{"url":"http:\/\/www.rumoasantiago.com\/viadelaplata\/files\/2012\/08\/wpid-rps20120805_190826.jpg"}],"author":"norberto","twitter_card":"summary_large_image","twitter_misc":{"Escrito por":"norberto","Tempo estimado de leitura":"4 minutos"},"schema":{"@context":"https:\/\/schema.org","@graph":[{"@type":"WebPage","@id":"https:\/\/www.rumoasantiago.com\/viadelaplata\/5-de-agosto-etapa-10-terminada\/","url":"https:\/\/www.rumoasantiago.com\/viadelaplata\/5-de-agosto-etapa-10-terminada\/","name":"5 de Agosto - Etapa 10 terminada - Via de la Plata","isPartOf":{"@id":"https:\/\/www.rumoasantiago.com\/viadelaplata\/#website"},"datePublished":"2012-08-05T21:09:38+00:00","dateModified":"2013-03-16T17:07:26+00:00","author":{"@id":"https:\/\/www.rumoasantiago.com\/viadelaplata\/#\/schema\/person\/72f32049b1b85d455e20c086d02608ee"},"breadcrumb":{"@id":"https:\/\/www.rumoasantiago.com\/viadelaplata\/5-de-agosto-etapa-10-terminada\/#breadcrumb"},"inLanguage":"pt-PT","potentialAction":[{"@type":"ReadAction","target":["https:\/\/www.rumoasantiago.com\/viadelaplata\/5-de-agosto-etapa-10-terminada\/"]}]},{"@type":"BreadcrumbList","@id":"https:\/\/www.rumoasantiago.com\/viadelaplata\/5-de-agosto-etapa-10-terminada\/#breadcrumb","itemListElement":[{"@type":"ListItem","position":1,"name":"Home","item":"https:\/\/www.rumoasantiago.com\/viadelaplata\/"},{"@type":"ListItem","position":2,"name":"5 de Agosto &#8211; Etapa 10 terminada"}]},{"@type":"WebSite","@id":"https:\/\/www.rumoasantiago.com\/viadelaplata\/#website","url":"https:\/\/www.rumoasantiago.com\/viadelaplata\/","name":"Via de la Plata","description":"Travessia da Via de la Plata","potentialAction":[{"@type":"SearchAction","target":{"@type":"EntryPoint","urlTemplate":"https:\/\/www.rumoasantiago.com\/viadelaplata\/?s={search_term_string}"},"query-input":"required name=search_term_string"}],"inLanguage":"pt-PT"},{"@type":"Person","@id":"https:\/\/www.rumoasantiago.com\/viadelaplata\/#\/schema\/person\/72f32049b1b85d455e20c086d02608ee","name":"norberto","image":{"@type":"ImageObject","inLanguage":"pt-PT","@id":"https:\/\/www.rumoasantiago.com\/viadelaplata\/#\/schema\/person\/image\/","url":"https:\/\/secure.gravatar.com\/avatar\/258e8e796306c4f0066b7a531bd3db2d?s=96&d=mm&r=g","contentUrl":"https:\/\/secure.gravatar.com\/avatar\/258e8e796306c4f0066b7a531bd3db2d?s=96&d=mm&r=g","caption":"norberto"},"url":"https:\/\/www.rumoasantiago.com\/viadelaplata\/author\/norberto\/"}]}},"publishpress_future_action":{"enabled":false,"date":"0","action":"","terms":[],"taxonomy":""},"_links":{"self":[{"href":"https:\/\/www.rumoasantiago.com\/viadelaplata\/wp-json\/wp\/v2\/posts\/400"}],"collection":[{"href":"https:\/\/www.rumoasantiago.com\/viadelaplata\/wp-json\/wp\/v2\/posts"}],"about":[{"href":"https:\/\/www.rumoasantiago.com\/viadelaplata\/wp-json\/wp\/v2\/types\/post"}],"author":[{"embeddable":true,"href":"https:\/\/www.rumoasantiago.com\/viadelaplata\/wp-json\/wp\/v2\/users\/1"}],"replies":[{"embeddable":true,"href":"https:\/\/www.rumoasantiago.com\/viadelaplata\/wp-json\/wp\/v2\/comments?post=400"}],"version-history":[{"count":4,"href":"https:\/\/www.rumoasantiago.com\/viadelaplata\/wp-json\/wp\/v2\/posts\/400\/revisions"}],"predecessor-version":[{"id":466,"href":"https:\/\/www.rumoasantiago.com\/viadelaplata\/wp-json\/wp\/v2\/posts\/400\/revisions\/466"}],"wp:attachment":[{"href":"https:\/\/www.rumoasantiago.com\/viadelaplata\/wp-json\/wp\/v2\/media?parent=400"}],"wp:term":[{"taxonomy":"category","embeddable":true,"href":"https:\/\/www.rumoasantiago.com\/viadelaplata\/wp-json\/wp\/v2\/categories?post=400"},{"taxonomy":"post_tag","embeddable":true,"href":"https:\/\/www.rumoasantiago.com\/viadelaplata\/wp-json\/wp\/v2\/tags?post=400"}],"curies":[{"name":"wp","href":"https:\/\/api.w.org\/{rel}","templated":true}]}}