{"id":391,"date":"2012-08-05T18:07:11","date_gmt":"2012-08-05T18:07:11","guid":{"rendered":"http:\/\/www.rumoasantiago.com\/viadelaplata\/?p=391"},"modified":"2012-08-05T18:09:07","modified_gmt":"2012-08-05T18:09:07","slug":"4-de-agosto-etapa-9-terminada","status":"publish","type":"post","link":"https:\/\/www.rumoasantiago.com\/viadelaplata\/4-de-agosto-etapa-9-terminada\/","title":{"rendered":"4 de Agosto &#8211; Etapa 9 terminada"},"content":{"rendered":"<p>Atendendo \u00e0 hora tardia a que nos deit\u00e1mos ontem (considerando o habitual), a cr\u00f3nica da etapa 9 foi adiada para hoje. <\/p>\n<p><img decoding=\"async\" title=\"rps20120805_185927.jpg\" class=\"alignleft\" alt=\"image\" src=\"https:\/\/www.rumoasantiago.com\/viadelaplata\/files\/2012\/08\/wpid-rps20120805_185927.jpg\" \/><\/p>\n<p>O dia come\u00e7ou com um belo pequeno almo\u00e7o que nos foi preparado pelos hospitaleiros do albergue de Zamora. T\u00ednhamos de tudo \u00e0 disposi\u00e7\u00e3o, desde p\u00e3o, compota e fruta, entre muitas outras coisas. Mais uma vez fomos surpreendidos com a hospitalidade deste albergue, que \u00e9, sem d\u00favida, o que est\u00e1 no topo do nosso top de albergues.<br \/>\nAssim que peg\u00e1mos nas bicicletas apercebemo-nos de imediato que a minha bicicleta tinha um furo na roda da frente. O vedante selou o furo, mas a baixa press\u00e3o do pneu e o orif\u00edcio consider\u00e1vel do furo anteviam uma repara\u00e7\u00e3o iminente da c\u00e2mara de ar.<br \/>\nPar\u00e1mos num posto de abastecimento na sa\u00edda de Zamora para fazer a repara\u00e7\u00e3o. Assim que abro um dos supostos remendos do meu kit apercebo-me que aquilo que eu pensava serem remendos eram na realidade len\u00e7os de papel h\u00famidos para usar ap\u00f3s a repara\u00e7\u00e3o para limpar as m\u00e3os. Ponto a reter: verificar sempre o conte\u00fado deste tipo de ferramentas antes de iniciar a viagem. <\/p>\n<p><img decoding=\"async\" title=\"rps20120805_190033.jpg\" class=\"alignleft\" alt=\"image\" src=\"https:\/\/www.rumoasantiago.com\/viadelaplata\/files\/2012\/08\/wpid-rps20120805_190033.jpg\" \/><\/p>\n<p>A marca\u00e7\u00e3o do terreno deu-nos algumas voltas. As setas levaram-nos por caminho e depois por estrada, mas a dada altura deix\u00e1mos de ver setas. Passado algum tempo avist\u00e1mos alguns peregrinos a p\u00e9 num caminho paralelo \u00e0 estrada onde segu\u00edamos e a\u00ed finalmente apanh\u00e1mos de novo o Caminho.<\/p>\n<p><img decoding=\"async\" title=\"rps20120805_190114.jpg\" class=\"alignleft\" alt=\"image\" src=\"https:\/\/www.rumoasantiago.com\/viadelaplata\/files\/2012\/08\/wpid-rps20120805_190114.jpg\" \/><\/p>\n<p>Cerca de uma ou duas horas depois encontr\u00e1mos um ciclista alem\u00e3o e outro espanhol que t\u00ednhamos conhecido no albergue em Zamora. Estava a reparar um furo e pelo facto de j\u00e1 ter furado cerca de 5 vezes antes, a estrat\u00e9gia foi procurar limalhas de aluminio no interior da jante. Umas voltas com a fita isoladora que levava comigo serviram para tentar prevenir outros furos.<\/p>\n<p><img decoding=\"async\" title=\"rps20120805_190138.jpg\" class=\"alignleft\" alt=\"image\" src=\"https:\/\/www.rumoasantiago.com\/viadelaplata\/files\/2012\/08\/wpid-rps20120805_190138.jpg\" \/><\/p>\n<p>O resto da viagem correu bem. Cheg\u00e1mos relativamente r\u00e1pido a Granja de Moreruela, onde a Via de la Plata se bifurca pela Via Sanabresa ou at\u00e9 Astorga. Como planeado, entr\u00e1mos na Via Sanabresa.<br \/>\nNo ponto de bifurca\u00e7\u00e3o convers\u00e1mos um pouco com um outro ciclista que est\u00e1 a fazer o caminho sozinho. Fal\u00e1mos do albergue onde ir\u00edamos ficar, onde acab\u00e1mos por n\u00f3s encontrar mais tarde.<\/p>\n<p><img decoding=\"async\" title=\"rps20120805_190213.jpg\" class=\"alignleft\" alt=\"image\" src=\"https:\/\/www.rumoasantiago.com\/viadelaplata\/files\/2012\/08\/wpid-rps20120805_190213.jpg\" \/><\/p>\n<p>Um dos pontos altos da etapa 9 foi, sem d\u00favida, a subida no percurso imediatamente a seguir \u00e0 ponte que atravessa o rio Esla. Trata-se de um percurso claramente pedestre, dado que as rochas que temos de atravessar n\u00e3o permitem ciclar. Valeu, sem d\u00favida, pela sensa\u00e7\u00e3o de conquista do monte e pela vista fenomenal.<\/p>\n<p><img decoding=\"async\" title=\"rps20120805_190251.jpg\" class=\"alignright\" alt=\"image\" src=\"https:\/\/www.rumoasantiago.com\/viadelaplata\/files\/2012\/08\/wpid-rps20120805_190251.jpg\" \/><\/p>\n<p>A viagem prosseguiu calmamente por longos estrad\u00f5es <\/p>\n<p><img decoding=\"async\" title=\"rps20120805_190325.jpg\" class=\"alignleft\" alt=\"image\" src=\"https:\/\/www.rumoasantiago.com\/viadelaplata\/files\/2012\/08\/wpid-rps20120805_190325.jpg\" \/><\/p>\n<p>at\u00e9 que cheg\u00e1mos a Santa Croya de Tera. Pelo caminho ainda houve tempo para umas fotos &#8220;artisticas&#8221; junto a umas \u00e1rvores que embelezavam o caminho, obra da sempre f\u00e9rtil imagina\u00e7\u00e3o do Fraz\u00e3o :). <\/p>\n<p><img decoding=\"async\" title=\"rps20120805_194638.jpg\" class=\"alignright\" alt=\"image\" src=\"https:\/\/www.rumoasantiago.com\/viadelaplata\/files\/2012\/08\/wpid-rps20120805_194638.jpg\" \/><\/p>\n<p>Perto de Santa Croya de Tera existe uma outra povoa\u00e7\u00e3o onde est\u00e1, supostamente, a est\u00e1tua mais antiga de Santiago.<\/p>\n<p><img decoding=\"async\" title=\"rps20120805_190410.jpg\" class=\"alignleft\" alt=\"image\" src=\"https:\/\/www.rumoasantiago.com\/viadelaplata\/files\/2012\/08\/wpid-rps20120805_190410.jpg\" \/><\/p>\n<p>Fomos visit\u00e1-la rapidamente antes de jantar.<br \/>\nO jantar foi simplesmente delicioso. A Anita, propriet\u00e1ria do albergue, confeccionou o jantar para n\u00f3s os 3 (o Frederico, que t\u00ednhamos conhecido na bifurca\u00e7\u00e3o do caminho, juntou- se a n\u00f3s neste dia). Estivemos um bom bocado a conversar ap\u00f3s o jantar e o descanso veio um pouco mais tarde que o habitual.<br \/>\nA etapa 10 j\u00e1 tem um perfil um pouco diferente do que temos feito at\u00e9 agora, tendencialmente em subida. Mas isso \u00e9 assunto para outra cr\u00f3nica, por isso at\u00e9 l\u00e1 Bom Caminho!<\/p>\n<div class=\"al2fb_like_button\"><div id=\"fb-root\"><\/div><script type=\"text\/javascript\">\n(function(d, s, id) {\n  var js, fjs = d.getElementsByTagName(s)[0];\n  if (d.getElementById(id)) return;\n  js = d.createElement(s); js.id = id;\n  js.src = \"\/\/connect.facebook.net\/pt_PT\/all.js#xfbml=1&appId=118672068213591\";\n  fjs.parentNode.insertBefore(js, fjs);\n}(document, \"script\", \"facebook-jssdk\"));\n<\/script>\n<fb:like href=\"https:\/\/www.rumoasantiago.com\/viadelaplata\/4-de-agosto-etapa-9-terminada\/\" layout=\"button_count\" show_faces=\"true\" share=\"false\" width=\"450\" action=\"like\" font=\"arial\" colorscheme=\"light\" ref=\"AL2FB\"><\/fb:like><\/div>","protected":false},"excerpt":{"rendered":"<p>Atendendo \u00e0 hora tardia a que nos deit\u00e1mos ontem (considerando o habitual), a cr\u00f3nica da etapa 9 foi adiada para hoje. O dia come\u00e7ou com um belo pequeno almo\u00e7o que nos foi preparado pelos hospitaleiros do albergue de Zamora. T\u00ednhamos de tudo \u00e0 disposi\u00e7\u00e3o, desde p\u00e3o, compota e fruta, entre muitas outras coisas. Mais uma [&hellip;]<\/p>\n","protected":false},"author":1,"featured_media":0,"comment_status":"open","ping_status":"open","sticky":false,"template":"","format":"standard","meta":[],"categories":[1,18,16,10],"tags":[],"yoast_head":"<!-- This site is optimized with the Yoast SEO plugin v20.10 - https:\/\/yoast.com\/wordpress\/plugins\/seo\/ -->\n<title>4 de Agosto - Etapa 9 terminada - Via de la Plata<\/title>\n<meta name=\"robots\" content=\"index, follow, max-snippet:-1, max-image-preview:large, max-video-preview:-1\" \/>\n<link rel=\"canonical\" href=\"https:\/\/www.rumoasantiago.com\/viadelaplata\/4-de-agosto-etapa-9-terminada\/\" \/>\n<meta property=\"og:locale\" content=\"pt_PT\" \/>\n<meta property=\"og:type\" content=\"article\" \/>\n<meta property=\"og:title\" content=\"4 de Agosto - Etapa 9 terminada - Via de la Plata\" \/>\n<meta property=\"og:description\" content=\"Atendendo \u00e0 hora tardia a que nos deit\u00e1mos ontem (considerando o habitual), a cr\u00f3nica da etapa 9 foi adiada para hoje. O dia come\u00e7ou com um belo pequeno almo\u00e7o que nos foi preparado pelos hospitaleiros do albergue de Zamora. T\u00ednhamos de tudo \u00e0 disposi\u00e7\u00e3o, desde p\u00e3o, compota e fruta, entre muitas outras coisas. Mais uma [&hellip;]\" \/>\n<meta property=\"og:url\" content=\"https:\/\/www.rumoasantiago.com\/viadelaplata\/4-de-agosto-etapa-9-terminada\/\" \/>\n<meta property=\"og:site_name\" content=\"Via de la Plata\" \/>\n<meta property=\"article:published_time\" content=\"2012-08-05T18:07:11+00:00\" \/>\n<meta property=\"article:modified_time\" content=\"2012-08-05T18:09:07+00:00\" \/>\n<meta property=\"og:image\" content=\"http:\/\/www.rumoasantiago.com\/viadelaplata\/files\/2012\/08\/wpid-rps20120805_185927.jpg\" \/>\n<meta name=\"author\" content=\"norberto\" \/>\n<meta name=\"twitter:card\" content=\"summary_large_image\" \/>\n<meta name=\"twitter:label1\" content=\"Escrito por\" \/>\n\t<meta name=\"twitter:data1\" content=\"norberto\" \/>\n\t<meta name=\"twitter:label2\" content=\"Tempo estimado de leitura\" \/>\n\t<meta name=\"twitter:data2\" content=\"3 minutos\" \/>\n<script type=\"application\/ld+json\" class=\"yoast-schema-graph\">{\"@context\":\"https:\/\/schema.org\",\"@graph\":[{\"@type\":\"WebPage\",\"@id\":\"https:\/\/www.rumoasantiago.com\/viadelaplata\/4-de-agosto-etapa-9-terminada\/\",\"url\":\"https:\/\/www.rumoasantiago.com\/viadelaplata\/4-de-agosto-etapa-9-terminada\/\",\"name\":\"4 de Agosto - Etapa 9 terminada - Via de la Plata\",\"isPartOf\":{\"@id\":\"https:\/\/www.rumoasantiago.com\/viadelaplata\/#website\"},\"datePublished\":\"2012-08-05T18:07:11+00:00\",\"dateModified\":\"2012-08-05T18:09:07+00:00\",\"author\":{\"@id\":\"https:\/\/www.rumoasantiago.com\/viadelaplata\/#\/schema\/person\/72f32049b1b85d455e20c086d02608ee\"},\"breadcrumb\":{\"@id\":\"https:\/\/www.rumoasantiago.com\/viadelaplata\/4-de-agosto-etapa-9-terminada\/#breadcrumb\"},\"inLanguage\":\"pt-PT\",\"potentialAction\":[{\"@type\":\"ReadAction\",\"target\":[\"https:\/\/www.rumoasantiago.com\/viadelaplata\/4-de-agosto-etapa-9-terminada\/\"]}]},{\"@type\":\"BreadcrumbList\",\"@id\":\"https:\/\/www.rumoasantiago.com\/viadelaplata\/4-de-agosto-etapa-9-terminada\/#breadcrumb\",\"itemListElement\":[{\"@type\":\"ListItem\",\"position\":1,\"name\":\"Home\",\"item\":\"https:\/\/www.rumoasantiago.com\/viadelaplata\/\"},{\"@type\":\"ListItem\",\"position\":2,\"name\":\"4 de Agosto &#8211; Etapa 9 terminada\"}]},{\"@type\":\"WebSite\",\"@id\":\"https:\/\/www.rumoasantiago.com\/viadelaplata\/#website\",\"url\":\"https:\/\/www.rumoasantiago.com\/viadelaplata\/\",\"name\":\"Via de la Plata\",\"description\":\"Travessia da Via de la Plata\",\"potentialAction\":[{\"@type\":\"SearchAction\",\"target\":{\"@type\":\"EntryPoint\",\"urlTemplate\":\"https:\/\/www.rumoasantiago.com\/viadelaplata\/?s={search_term_string}\"},\"query-input\":\"required name=search_term_string\"}],\"inLanguage\":\"pt-PT\"},{\"@type\":\"Person\",\"@id\":\"https:\/\/www.rumoasantiago.com\/viadelaplata\/#\/schema\/person\/72f32049b1b85d455e20c086d02608ee\",\"name\":\"norberto\",\"image\":{\"@type\":\"ImageObject\",\"inLanguage\":\"pt-PT\",\"@id\":\"https:\/\/www.rumoasantiago.com\/viadelaplata\/#\/schema\/person\/image\/\",\"url\":\"https:\/\/secure.gravatar.com\/avatar\/258e8e796306c4f0066b7a531bd3db2d?s=96&d=mm&r=g\",\"contentUrl\":\"https:\/\/secure.gravatar.com\/avatar\/258e8e796306c4f0066b7a531bd3db2d?s=96&d=mm&r=g\",\"caption\":\"norberto\"},\"url\":\"https:\/\/www.rumoasantiago.com\/viadelaplata\/author\/norberto\/\"}]}<\/script>\n<!-- \/ Yoast SEO plugin. -->","yoast_head_json":{"title":"4 de Agosto - Etapa 9 terminada - Via de la Plata","robots":{"index":"index","follow":"follow","max-snippet":"max-snippet:-1","max-image-preview":"max-image-preview:large","max-video-preview":"max-video-preview:-1"},"canonical":"https:\/\/www.rumoasantiago.com\/viadelaplata\/4-de-agosto-etapa-9-terminada\/","og_locale":"pt_PT","og_type":"article","og_title":"4 de Agosto - Etapa 9 terminada - Via de la Plata","og_description":"Atendendo \u00e0 hora tardia a que nos deit\u00e1mos ontem (considerando o habitual), a cr\u00f3nica da etapa 9 foi adiada para hoje. O dia come\u00e7ou com um belo pequeno almo\u00e7o que nos foi preparado pelos hospitaleiros do albergue de Zamora. T\u00ednhamos de tudo \u00e0 disposi\u00e7\u00e3o, desde p\u00e3o, compota e fruta, entre muitas outras coisas. Mais uma [&hellip;]","og_url":"https:\/\/www.rumoasantiago.com\/viadelaplata\/4-de-agosto-etapa-9-terminada\/","og_site_name":"Via de la Plata","article_published_time":"2012-08-05T18:07:11+00:00","article_modified_time":"2012-08-05T18:09:07+00:00","og_image":[{"url":"http:\/\/www.rumoasantiago.com\/viadelaplata\/files\/2012\/08\/wpid-rps20120805_185927.jpg"}],"author":"norberto","twitter_card":"summary_large_image","twitter_misc":{"Escrito por":"norberto","Tempo estimado de leitura":"3 minutos"},"schema":{"@context":"https:\/\/schema.org","@graph":[{"@type":"WebPage","@id":"https:\/\/www.rumoasantiago.com\/viadelaplata\/4-de-agosto-etapa-9-terminada\/","url":"https:\/\/www.rumoasantiago.com\/viadelaplata\/4-de-agosto-etapa-9-terminada\/","name":"4 de Agosto - Etapa 9 terminada - Via de la Plata","isPartOf":{"@id":"https:\/\/www.rumoasantiago.com\/viadelaplata\/#website"},"datePublished":"2012-08-05T18:07:11+00:00","dateModified":"2012-08-05T18:09:07+00:00","author":{"@id":"https:\/\/www.rumoasantiago.com\/viadelaplata\/#\/schema\/person\/72f32049b1b85d455e20c086d02608ee"},"breadcrumb":{"@id":"https:\/\/www.rumoasantiago.com\/viadelaplata\/4-de-agosto-etapa-9-terminada\/#breadcrumb"},"inLanguage":"pt-PT","potentialAction":[{"@type":"ReadAction","target":["https:\/\/www.rumoasantiago.com\/viadelaplata\/4-de-agosto-etapa-9-terminada\/"]}]},{"@type":"BreadcrumbList","@id":"https:\/\/www.rumoasantiago.com\/viadelaplata\/4-de-agosto-etapa-9-terminada\/#breadcrumb","itemListElement":[{"@type":"ListItem","position":1,"name":"Home","item":"https:\/\/www.rumoasantiago.com\/viadelaplata\/"},{"@type":"ListItem","position":2,"name":"4 de Agosto &#8211; Etapa 9 terminada"}]},{"@type":"WebSite","@id":"https:\/\/www.rumoasantiago.com\/viadelaplata\/#website","url":"https:\/\/www.rumoasantiago.com\/viadelaplata\/","name":"Via de la Plata","description":"Travessia da Via de la Plata","potentialAction":[{"@type":"SearchAction","target":{"@type":"EntryPoint","urlTemplate":"https:\/\/www.rumoasantiago.com\/viadelaplata\/?s={search_term_string}"},"query-input":"required name=search_term_string"}],"inLanguage":"pt-PT"},{"@type":"Person","@id":"https:\/\/www.rumoasantiago.com\/viadelaplata\/#\/schema\/person\/72f32049b1b85d455e20c086d02608ee","name":"norberto","image":{"@type":"ImageObject","inLanguage":"pt-PT","@id":"https:\/\/www.rumoasantiago.com\/viadelaplata\/#\/schema\/person\/image\/","url":"https:\/\/secure.gravatar.com\/avatar\/258e8e796306c4f0066b7a531bd3db2d?s=96&d=mm&r=g","contentUrl":"https:\/\/secure.gravatar.com\/avatar\/258e8e796306c4f0066b7a531bd3db2d?s=96&d=mm&r=g","caption":"norberto"},"url":"https:\/\/www.rumoasantiago.com\/viadelaplata\/author\/norberto\/"}]}},"publishpress_future_action":{"enabled":false,"date":"0","action":"","terms":[],"taxonomy":""},"_links":{"self":[{"href":"https:\/\/www.rumoasantiago.com\/viadelaplata\/wp-json\/wp\/v2\/posts\/391"}],"collection":[{"href":"https:\/\/www.rumoasantiago.com\/viadelaplata\/wp-json\/wp\/v2\/posts"}],"about":[{"href":"https:\/\/www.rumoasantiago.com\/viadelaplata\/wp-json\/wp\/v2\/types\/post"}],"author":[{"embeddable":true,"href":"https:\/\/www.rumoasantiago.com\/viadelaplata\/wp-json\/wp\/v2\/users\/1"}],"replies":[{"embeddable":true,"href":"https:\/\/www.rumoasantiago.com\/viadelaplata\/wp-json\/wp\/v2\/comments?post=391"}],"version-history":[{"count":2,"href":"https:\/\/www.rumoasantiago.com\/viadelaplata\/wp-json\/wp\/v2\/posts\/391\/revisions"}],"predecessor-version":[{"id":393,"href":"https:\/\/www.rumoasantiago.com\/viadelaplata\/wp-json\/wp\/v2\/posts\/391\/revisions\/393"}],"wp:attachment":[{"href":"https:\/\/www.rumoasantiago.com\/viadelaplata\/wp-json\/wp\/v2\/media?parent=391"}],"wp:term":[{"taxonomy":"category","embeddable":true,"href":"https:\/\/www.rumoasantiago.com\/viadelaplata\/wp-json\/wp\/v2\/categories?post=391"},{"taxonomy":"post_tag","embeddable":true,"href":"https:\/\/www.rumoasantiago.com\/viadelaplata\/wp-json\/wp\/v2\/tags?post=391"}],"curies":[{"name":"wp","href":"https:\/\/api.w.org\/{rel}","templated":true}]}}