{"id":374,"date":"2012-08-03T16:26:49","date_gmt":"2012-08-03T16:26:49","guid":{"rendered":"http:\/\/www.rumoasantiago.com\/viadelaplata\/?p=374"},"modified":"2012-08-03T16:45:54","modified_gmt":"2012-08-03T16:45:54","slug":"etapa-8-concluida","status":"publish","type":"post","link":"https:\/\/www.rumoasantiago.com\/viadelaplata\/etapa-8-concluida\/","title":{"rendered":"Etapa 8 conclu\u00edda"},"content":{"rendered":"<p><img decoding=\"async\" class=\"alignleft\" title=\"rps20120803_175614.jpg\" src=\"https:\/\/www.rumoasantiago.com\/viadelaplata\/files\/2012\/08\/wpid-rps20120803_175614.jpg\" alt=\"image\" \/><\/p>\n<p>De todas as etapas que j\u00e1 realiz\u00e1mos a de hoje foi, sem d\u00favida, a mais mon\u00f3tona e mais confusa. Mon\u00f3tona porque cerca de 3\/4 do percurso foi feito em alcatr\u00e3o e confusa porque para al\u00e9m da falta de setas amarelas em muitas zonas da etapa, o track GPS que trazemos tem um tra\u00e7ado incompat\u00edvel com a configura\u00e7\u00e3o das estradas e autov\u00eda por onde pass\u00e1mos (em algumas ocasi\u00f5es o track atravessa a autov\u00eda). Provavelmente a autov\u00eda por onde pass\u00e1mos \u00e9 mais recente que o track.<br \/>\nPela primeira vez na nossa viagem fomos os primeiros a acordar e sair do quarto. Deu logo para perceber que no nosso quarto ser\u00edamos os \u00fanicos que estavam a meio de uma viagem pela Via de la Plata :).<br \/>\nComo o cansa\u00e7o antes de adormecer e o h\u00e1bito j\u00e1 instalado de nos deixarmos muito cedo, j\u00e1 n\u00e3o conseguimos fazer a selec\u00e7\u00e3o das fotografias para ilustrar cada uma das cr\u00f3nicas anteriores. Us\u00e1mos, por isso, um pouco da manh\u00e3 para fazer isso, pelo que \u00e0s 6h20 locais j\u00e1 estava a p\u00e9 de tablet na m\u00e3o a navegar por entre as nossas fotografias para fazer uma selec\u00e7\u00e3o.<br \/>\nFeita a selec\u00e7\u00e3o e disponibilizada num \u00e1lbum do nosso Picasa e de publicada a cr\u00f3nica referente \u00e0 etapa de ontem, fomos buscar as bicicletas \u00e0 garagem onde as t\u00ednhamos guardado.<\/p>\n<p><img decoding=\"async\" class=\"alignleft\" title=\"rps20120803_175116.jpg\" src=\"https:\/\/www.rumoasantiago.com\/viadelaplata\/files\/2012\/08\/wpid-rps20120803_175116.jpg\" alt=\"image\" \/><\/p>\n<p>Ainda era relativamente cedo quando sa\u00edmos, o que significa que n\u00e3o havia supermercados abertos por perto. Contudo, a umas centenas de metros da pousada de juventude onde fic\u00e1mos existe um mini mercado que est\u00e1 aberto 24 horas por dia. Compr\u00e1mos um potente croissant com queijo e fiambre para acompanhar e uma bebida para ajudar a deglutir. Embora a loja tivesse muitas outras coisas com aspecto delicioso, o custo extra que este tipo de lojas tem nos seus produtos demoveu-nos de comprar mais nada. Compensar\u00edamos isso numa paragem estrat\u00e9gica mais tarde :).<br \/>\nDa\u00ed para a frente foi sempre a rolar no alcatr\u00e3o. Fizemos uma ou outra incurs\u00e3o em estrad\u00f5es de terra e at\u00e9 pass\u00e1mos num local por baixo de um dos viadutos da auto estrada com indica\u00e7\u00f5es de duas variantes do caminho: uma com direito a fontan\u00e1rio e outra com a indica\u00e7\u00e3o &#8220;sem \u00e1gua&#8221;.<\/p>\n<p><img decoding=\"async\" class=\"alignleft\" title=\"rps20120803_175335.jpg\" src=\"https:\/\/www.rumoasantiago.com\/viadelaplata\/files\/2012\/08\/wpid-rps20120803_175335.jpg\" alt=\"image\" \/><\/p>\n<p>S\u00f3 quando vir\u00e1mos para El Cubo del Vino \u00e9 que soubemos novamente o que era rolar em trilho.<br \/>\nConhecemos a\u00ed dois rapazes espanh\u00f3is que tamb\u00e9m est\u00e3o a fazer a Via de la Plata desde Sevilha.<br \/>\nComo a fome j\u00e1 dava um ar de sua gra\u00e7a, par\u00e1mos na mercearia da povoa\u00e7\u00e3o para comprar um pouco de p\u00e3o e algo para o rechear. O atendimento na mercearia foi um tanto ou quanto estranho, o casal de propriet\u00e1rios n\u00e3o se entendiam muito bem na ordem dos clientes a atender nem t\u00e3o pouco dos pedidos. Ap\u00f3s algum tempo de espera l\u00e1 conseguimos fazer as compras e sair da mercearia.<br \/>\nC\u00e1 fora estava um senhor que aparenta ter alguma condi\u00e7\u00e3o mental limitada e que brincava um pouco connosco (no bom sentido) sugerindo a troca de uma das nossas bicicletas pela dele (um daqueles modelos da nossa inf\u00e2ncia a fazer lembrar uma chopper).<\/p>\n<p><img decoding=\"async\" class=\"alignleft\" title=\"rps20120803_175403.jpg\" src=\"https:\/\/www.rumoasantiago.com\/viadelaplata\/files\/2012\/08\/wpid-rps20120803_175403.jpg\" alt=\"image\" \/><\/p>\n<p>Decidimos sair da povoa\u00e7\u00e3o e procurar uma sombra no campo para fazer uma esp\u00e9cie de piquenique com o p\u00e3o que t\u00ednhamos trazido. Par\u00e1mos junto a uma \u00e1rvore mais frondosa junto \u00e0 linha do comboio (que aparenta estar desactivada) para tomar o nosso lanche. Enquanto com\u00edamos passaram por n\u00f3s 4 ciclistas com ar de quem est\u00e1 a fazer a Via de la Plata. Reencontr\u00e1-los-\u00edamos mais tarde, perto de Zamora, junto a um po\u00e7o que reza a hist\u00f3ria que concede desejos a quem atirar uma pedra l\u00e1 para dentro e o formular. Ser\u00e3o provavelmente influ\u00eancias dos lados da antiga Roma :).<\/p>\n<p><img decoding=\"async\" class=\"alignleft\" title=\"rps20120803_175527.jpg\" src=\"https:\/\/www.rumoasantiago.com\/viadelaplata\/files\/2012\/08\/wpid-rps20120803_175527.jpg\" alt=\"image\" \/><\/p>\n<p>Seguimos viagem quando nos faltavam cerca de 5 quil\u00f3metros para Zamora. Por volta das 14h j\u00e1 avist\u00e1vamos o rio Douro e pouco depois cheg\u00e1mos ao albergue.<br \/>\nEsta foi a grande e agrad\u00e1vel surpresa de hoje: das experi\u00eancias que j\u00e1 tive nos Caminhos de Santiago que j\u00e1 realizei, n\u00e3o me recordo de alguma vez ter sido t\u00e3o bem recebido! Mal cheg\u00e1mos a hospitaleira Yolanda puxou logo de duas cadeiras para nos sentarmos. Logo de seguida ofereceu-nos um refrescante refresco de ch\u00e1 gelado com a\u00e7\u00facar e umas pipocas que estavam servidas na mesa do hall. Carimb\u00e1mos as credenciais e logo de seguida mostraram-nos as instala\u00e7\u00f5es do albergue, que s\u00e3o muito boas. Se est\u00e3o a pensar fazer este Caminho, recomendo vivamente que planeiem a vossa viagem de modo a ficarem no albergue municipal de Zamora.<br \/>\nHoje decidimos (tentar) cozinhar alguma coisa para o jantar. Ainda estamos a ponderar essa hip\u00f3tese, pelo que se n\u00e3o houver nenhum menu del Peligrino que nos conven\u00e7a do oposto, mais logo vamo-nos fazer \u00e0 cozinha, sendo que o m\u00e1ximo expoente de qualquer um de n\u00f3s os dois na cozinha n\u00e3o seja muito mais do que por uma lasanha no microondas :).<br \/>\nCom a cr\u00f3nica publicada mais cedo que o habitual, a noite promete ser de maior descanso :). Esperemos que assim seja, at\u00e9 porque a pouco e pouco o albergue est\u00e1 a ficar de casa cheia.<\/p>\n<p>Bom Caminho!<\/p>\n<p><img decoding=\"async\" class=\"alignnone\" title=\"rps20120803_175637.jpg\" src=\"https:\/\/www.rumoasantiago.com\/viadelaplata\/files\/2012\/08\/wpid-rps20120803_175637.jpg\" alt=\"image\" \/><\/p>\n<div class=\"al2fb_like_button\"><div id=\"fb-root\"><\/div><script type=\"text\/javascript\">\n(function(d, s, id) {\n  var js, fjs = d.getElementsByTagName(s)[0];\n  if (d.getElementById(id)) return;\n  js = d.createElement(s); js.id = id;\n  js.src = \"\/\/connect.facebook.net\/pt_PT\/all.js#xfbml=1&appId=118672068213591\";\n  fjs.parentNode.insertBefore(js, fjs);\n}(document, \"script\", \"facebook-jssdk\"));\n<\/script>\n<fb:like href=\"https:\/\/www.rumoasantiago.com\/viadelaplata\/etapa-8-concluida\/\" layout=\"button_count\" show_faces=\"true\" share=\"false\" width=\"450\" action=\"like\" font=\"arial\" colorscheme=\"light\" ref=\"AL2FB\"><\/fb:like><\/div>","protected":false},"excerpt":{"rendered":"<p>De todas as etapas que j\u00e1 realiz\u00e1mos a de hoje foi, sem d\u00favida, a mais mon\u00f3tona e mais confusa. Mon\u00f3tona porque cerca de 3\/4 do percurso foi feito em alcatr\u00e3o e confusa porque para al\u00e9m da falta de setas amarelas em muitas zonas da etapa, o track GPS que trazemos tem um tra\u00e7ado incompat\u00edvel com [&hellip;]<\/p>\n","protected":false},"author":1,"featured_media":0,"comment_status":"open","ping_status":"open","sticky":false,"template":"","format":"standard","meta":[],"categories":[1,18,16,10],"tags":[],"yoast_head":"<!-- This site is optimized with the Yoast SEO plugin v20.10 - https:\/\/yoast.com\/wordpress\/plugins\/seo\/ -->\n<title>Etapa 8 conclu\u00edda - Via de la Plata<\/title>\n<meta name=\"robots\" content=\"index, follow, max-snippet:-1, max-image-preview:large, max-video-preview:-1\" \/>\n<link rel=\"canonical\" href=\"https:\/\/www.rumoasantiago.com\/viadelaplata\/etapa-8-concluida\/\" \/>\n<meta property=\"og:locale\" content=\"pt_PT\" \/>\n<meta property=\"og:type\" content=\"article\" \/>\n<meta property=\"og:title\" content=\"Etapa 8 conclu\u00edda - Via de la Plata\" \/>\n<meta property=\"og:description\" content=\"De todas as etapas que j\u00e1 realiz\u00e1mos a de hoje foi, sem d\u00favida, a mais mon\u00f3tona e mais confusa. Mon\u00f3tona porque cerca de 3\/4 do percurso foi feito em alcatr\u00e3o e confusa porque para al\u00e9m da falta de setas amarelas em muitas zonas da etapa, o track GPS que trazemos tem um tra\u00e7ado incompat\u00edvel com [&hellip;]\" \/>\n<meta property=\"og:url\" content=\"https:\/\/www.rumoasantiago.com\/viadelaplata\/etapa-8-concluida\/\" \/>\n<meta property=\"og:site_name\" content=\"Via de la Plata\" \/>\n<meta property=\"article:published_time\" content=\"2012-08-03T16:26:49+00:00\" \/>\n<meta property=\"article:modified_time\" content=\"2012-08-03T16:45:54+00:00\" \/>\n<meta property=\"og:image\" content=\"http:\/\/www.rumoasantiago.com\/viadelaplata\/files\/2012\/08\/wpid-rps20120803_175614.jpg\" \/>\n<meta name=\"author\" content=\"norberto\" \/>\n<meta name=\"twitter:card\" content=\"summary_large_image\" \/>\n<meta name=\"twitter:label1\" content=\"Escrito por\" \/>\n\t<meta name=\"twitter:data1\" content=\"norberto\" \/>\n\t<meta name=\"twitter:label2\" content=\"Tempo estimado de leitura\" \/>\n\t<meta name=\"twitter:data2\" content=\"5 minutos\" \/>\n<script type=\"application\/ld+json\" class=\"yoast-schema-graph\">{\"@context\":\"https:\/\/schema.org\",\"@graph\":[{\"@type\":\"WebPage\",\"@id\":\"https:\/\/www.rumoasantiago.com\/viadelaplata\/etapa-8-concluida\/\",\"url\":\"https:\/\/www.rumoasantiago.com\/viadelaplata\/etapa-8-concluida\/\",\"name\":\"Etapa 8 conclu\u00edda - Via de la Plata\",\"isPartOf\":{\"@id\":\"https:\/\/www.rumoasantiago.com\/viadelaplata\/#website\"},\"datePublished\":\"2012-08-03T16:26:49+00:00\",\"dateModified\":\"2012-08-03T16:45:54+00:00\",\"author\":{\"@id\":\"https:\/\/www.rumoasantiago.com\/viadelaplata\/#\/schema\/person\/72f32049b1b85d455e20c086d02608ee\"},\"breadcrumb\":{\"@id\":\"https:\/\/www.rumoasantiago.com\/viadelaplata\/etapa-8-concluida\/#breadcrumb\"},\"inLanguage\":\"pt-PT\",\"potentialAction\":[{\"@type\":\"ReadAction\",\"target\":[\"https:\/\/www.rumoasantiago.com\/viadelaplata\/etapa-8-concluida\/\"]}]},{\"@type\":\"BreadcrumbList\",\"@id\":\"https:\/\/www.rumoasantiago.com\/viadelaplata\/etapa-8-concluida\/#breadcrumb\",\"itemListElement\":[{\"@type\":\"ListItem\",\"position\":1,\"name\":\"Home\",\"item\":\"https:\/\/www.rumoasantiago.com\/viadelaplata\/\"},{\"@type\":\"ListItem\",\"position\":2,\"name\":\"Etapa 8 conclu\u00edda\"}]},{\"@type\":\"WebSite\",\"@id\":\"https:\/\/www.rumoasantiago.com\/viadelaplata\/#website\",\"url\":\"https:\/\/www.rumoasantiago.com\/viadelaplata\/\",\"name\":\"Via de la Plata\",\"description\":\"Travessia da Via de la Plata\",\"potentialAction\":[{\"@type\":\"SearchAction\",\"target\":{\"@type\":\"EntryPoint\",\"urlTemplate\":\"https:\/\/www.rumoasantiago.com\/viadelaplata\/?s={search_term_string}\"},\"query-input\":\"required name=search_term_string\"}],\"inLanguage\":\"pt-PT\"},{\"@type\":\"Person\",\"@id\":\"https:\/\/www.rumoasantiago.com\/viadelaplata\/#\/schema\/person\/72f32049b1b85d455e20c086d02608ee\",\"name\":\"norberto\",\"image\":{\"@type\":\"ImageObject\",\"inLanguage\":\"pt-PT\",\"@id\":\"https:\/\/www.rumoasantiago.com\/viadelaplata\/#\/schema\/person\/image\/\",\"url\":\"https:\/\/secure.gravatar.com\/avatar\/258e8e796306c4f0066b7a531bd3db2d?s=96&d=mm&r=g\",\"contentUrl\":\"https:\/\/secure.gravatar.com\/avatar\/258e8e796306c4f0066b7a531bd3db2d?s=96&d=mm&r=g\",\"caption\":\"norberto\"},\"url\":\"https:\/\/www.rumoasantiago.com\/viadelaplata\/author\/norberto\/\"}]}<\/script>\n<!-- \/ Yoast SEO plugin. -->","yoast_head_json":{"title":"Etapa 8 conclu\u00edda - Via de la Plata","robots":{"index":"index","follow":"follow","max-snippet":"max-snippet:-1","max-image-preview":"max-image-preview:large","max-video-preview":"max-video-preview:-1"},"canonical":"https:\/\/www.rumoasantiago.com\/viadelaplata\/etapa-8-concluida\/","og_locale":"pt_PT","og_type":"article","og_title":"Etapa 8 conclu\u00edda - Via de la Plata","og_description":"De todas as etapas que j\u00e1 realiz\u00e1mos a de hoje foi, sem d\u00favida, a mais mon\u00f3tona e mais confusa. Mon\u00f3tona porque cerca de 3\/4 do percurso foi feito em alcatr\u00e3o e confusa porque para al\u00e9m da falta de setas amarelas em muitas zonas da etapa, o track GPS que trazemos tem um tra\u00e7ado incompat\u00edvel com [&hellip;]","og_url":"https:\/\/www.rumoasantiago.com\/viadelaplata\/etapa-8-concluida\/","og_site_name":"Via de la Plata","article_published_time":"2012-08-03T16:26:49+00:00","article_modified_time":"2012-08-03T16:45:54+00:00","og_image":[{"url":"http:\/\/www.rumoasantiago.com\/viadelaplata\/files\/2012\/08\/wpid-rps20120803_175614.jpg"}],"author":"norberto","twitter_card":"summary_large_image","twitter_misc":{"Escrito por":"norberto","Tempo estimado de leitura":"5 minutos"},"schema":{"@context":"https:\/\/schema.org","@graph":[{"@type":"WebPage","@id":"https:\/\/www.rumoasantiago.com\/viadelaplata\/etapa-8-concluida\/","url":"https:\/\/www.rumoasantiago.com\/viadelaplata\/etapa-8-concluida\/","name":"Etapa 8 conclu\u00edda - Via de la Plata","isPartOf":{"@id":"https:\/\/www.rumoasantiago.com\/viadelaplata\/#website"},"datePublished":"2012-08-03T16:26:49+00:00","dateModified":"2012-08-03T16:45:54+00:00","author":{"@id":"https:\/\/www.rumoasantiago.com\/viadelaplata\/#\/schema\/person\/72f32049b1b85d455e20c086d02608ee"},"breadcrumb":{"@id":"https:\/\/www.rumoasantiago.com\/viadelaplata\/etapa-8-concluida\/#breadcrumb"},"inLanguage":"pt-PT","potentialAction":[{"@type":"ReadAction","target":["https:\/\/www.rumoasantiago.com\/viadelaplata\/etapa-8-concluida\/"]}]},{"@type":"BreadcrumbList","@id":"https:\/\/www.rumoasantiago.com\/viadelaplata\/etapa-8-concluida\/#breadcrumb","itemListElement":[{"@type":"ListItem","position":1,"name":"Home","item":"https:\/\/www.rumoasantiago.com\/viadelaplata\/"},{"@type":"ListItem","position":2,"name":"Etapa 8 conclu\u00edda"}]},{"@type":"WebSite","@id":"https:\/\/www.rumoasantiago.com\/viadelaplata\/#website","url":"https:\/\/www.rumoasantiago.com\/viadelaplata\/","name":"Via de la Plata","description":"Travessia da Via de la Plata","potentialAction":[{"@type":"SearchAction","target":{"@type":"EntryPoint","urlTemplate":"https:\/\/www.rumoasantiago.com\/viadelaplata\/?s={search_term_string}"},"query-input":"required name=search_term_string"}],"inLanguage":"pt-PT"},{"@type":"Person","@id":"https:\/\/www.rumoasantiago.com\/viadelaplata\/#\/schema\/person\/72f32049b1b85d455e20c086d02608ee","name":"norberto","image":{"@type":"ImageObject","inLanguage":"pt-PT","@id":"https:\/\/www.rumoasantiago.com\/viadelaplata\/#\/schema\/person\/image\/","url":"https:\/\/secure.gravatar.com\/avatar\/258e8e796306c4f0066b7a531bd3db2d?s=96&d=mm&r=g","contentUrl":"https:\/\/secure.gravatar.com\/avatar\/258e8e796306c4f0066b7a531bd3db2d?s=96&d=mm&r=g","caption":"norberto"},"url":"https:\/\/www.rumoasantiago.com\/viadelaplata\/author\/norberto\/"}]}},"publishpress_future_action":{"enabled":false,"date":"0","action":"","terms":[],"taxonomy":""},"_links":{"self":[{"href":"https:\/\/www.rumoasantiago.com\/viadelaplata\/wp-json\/wp\/v2\/posts\/374"}],"collection":[{"href":"https:\/\/www.rumoasantiago.com\/viadelaplata\/wp-json\/wp\/v2\/posts"}],"about":[{"href":"https:\/\/www.rumoasantiago.com\/viadelaplata\/wp-json\/wp\/v2\/types\/post"}],"author":[{"embeddable":true,"href":"https:\/\/www.rumoasantiago.com\/viadelaplata\/wp-json\/wp\/v2\/users\/1"}],"replies":[{"embeddable":true,"href":"https:\/\/www.rumoasantiago.com\/viadelaplata\/wp-json\/wp\/v2\/comments?post=374"}],"version-history":[{"count":6,"href":"https:\/\/www.rumoasantiago.com\/viadelaplata\/wp-json\/wp\/v2\/posts\/374\/revisions"}],"predecessor-version":[{"id":381,"href":"https:\/\/www.rumoasantiago.com\/viadelaplata\/wp-json\/wp\/v2\/posts\/374\/revisions\/381"}],"wp:attachment":[{"href":"https:\/\/www.rumoasantiago.com\/viadelaplata\/wp-json\/wp\/v2\/media?parent=374"}],"wp:term":[{"taxonomy":"category","embeddable":true,"href":"https:\/\/www.rumoasantiago.com\/viadelaplata\/wp-json\/wp\/v2\/categories?post=374"},{"taxonomy":"post_tag","embeddable":true,"href":"https:\/\/www.rumoasantiago.com\/viadelaplata\/wp-json\/wp\/v2\/tags?post=374"}],"curies":[{"name":"wp","href":"https:\/\/api.w.org\/{rel}","templated":true}]}}