{"id":366,"date":"2012-08-03T05:30:21","date_gmt":"2012-08-03T05:30:21","guid":{"rendered":"http:\/\/www.rumoasantiago.com\/viadelaplata\/?p=366"},"modified":"2012-08-03T05:30:21","modified_gmt":"2012-08-03T05:30:21","slug":"dia-7-mais-uma-etapa-concluida","status":"publish","type":"post","link":"https:\/\/www.rumoasantiago.com\/viadelaplata\/dia-7-mais-uma-etapa-concluida\/","title":{"rendered":"Dia 7 &#8211; mais uma etapa conclu\u00edda"},"content":{"rendered":"<p>Hoje abandon\u00e1mos a remota aldeia de Calzada de Bejar para rumarmos em direc\u00e7\u00e3o a Salamanca. Foi uma etapa mais acess\u00edvel do que o esperado, dado que, com excelentes excep\u00e7\u00e3o da subida ao ponto mais alto do percurso de hoje, o restante foi bastante rolante. O dia come\u00e7ou novamente bastante cedo, com o despertador a acordar-nos por volta das 6h30. O nosso colega peregrino belga acordou tamb\u00e9m a esta hora e rapidamente iniciou a sua caminhada. A propriet\u00e1ria do albergue chegou por volta das 7h para nos preparar o pequeno almo\u00e7o. Ap\u00f3s uma alegre conversa com a senhora e da pose para algumas fotografias, inici\u00e1mos a viagem. Fomos avan\u00e7ando em partes que oscilavam entre o alcatr\u00e3o e os trilhos. A temperatura do ar estava muito mais baixa do que o habitual at\u00e9 agora, tendo sido necess\u00e1rio algum agasalho adicional na primeira hora de pedalada. A sensivelmente a meio do percurso surgiu o nosso desafio f\u00edsico de hoje. Foram ainda bastantes quil\u00f3metros de subidas acentuadas e em boa parte forradas com muita pedra. A subida quase que alcan\u00e7ou os geradores e\u00f3licos no topo do monte e de seguida prendou-nos com uma alucinante descida. Daqui para a frente o percurso p\u00f4de ser considerado plano. Par\u00e1mos mais tarde em San Pedro de los Rozados para o nosso almo\u00e7o. Em boa hora que decidimos parar aqui, porque foi a nossa primeira oportunidade para comer um p\u00e3o digno de ser chamado p\u00e3o. \u00c0 semelhan\u00e7a da maior parte das localidades por onde temos passado, tamb\u00e9m esta tinha um parque, com \u00e1gua fresca pot\u00e1vel. O corpo n\u00e3o acusava grande cansa\u00e7o, pelo que hoje seguimos logo viagem, sem o habitual descanso. Pelo caminho encontr\u00e1mos um jovem casal franc\u00eas que tem vindo a fazer cicloturismo desde Fran\u00e7a com destino a Faro. Est\u00e1vamos nessa altura a cerca de 13 quil\u00f3metros de Salamanca e em pouco tempo cheg\u00e1mos \u00e0 cidade. Procur\u00e1mos o nosso local de estadia. Desta vez, por uma quest\u00e3o de pre\u00e7o, n\u00e3o fic\u00e1mos num t\u00edpico albergue de peregrinos, mas sim numa pousada de juventude chamada Albergue Juvenil Salamanca. A pousada at\u00e9 tem bastantes condi\u00e7\u00f5es e a pessoa que nos recebeu foi bastante atenciosa e simp\u00e1tica. H\u00e1, contudo, um reparo a fazer: a pousada tem cerca de 65 lugares distribu\u00eddos por v\u00e1rios quartos. Quando cheg\u00e1mos \u00e9ramos ao todo 9 pessoas aqui alojadas. No entanto, n\u00e3o houve sensibilidade suficiente para contribuir para o conforto de todos e dividir as pessoas pelos v\u00e1rios quartos. Neste momento estamos todos numa \u00fanica divis\u00e3o de beliches, quando a mesma situa\u00e7\u00e3o num albergue de peregrinos teria sido certamente resolvida doutra forma. Houve, contudo, um grande motivo de celebra\u00e7\u00e3o: finalmente temos o acess\u00f3rio USB que nos permite aceder ao cart\u00e3o de fotografias :). O dia terminou com um passeio pela cidade de Salamanca, onde o rapaz que nos atendeu ao jantar confessou que j\u00e1 tinha trabalhado 13 anos em Portugal, no Porto e em Loures.<\/p>\n<p>Amanh\u00e3 h\u00e1 mais para ver e para pedalar, pelo que at\u00e9 l\u00e1, Bom Caminho!<\/p>\n<p><img decoding=\"async\" title=\"rps20120803_072725.jpg\" class=\"alignnone\" alt=\"image\" src=\"https:\/\/www.rumoasantiago.com\/viadelaplata\/files\/2012\/08\/wpid-rps20120803_072725.jpg\" \/><\/p>\n<div class=\"al2fb_like_button\"><div id=\"fb-root\"><\/div><script type=\"text\/javascript\">\n(function(d, s, id) {\n  var js, fjs = d.getElementsByTagName(s)[0];\n  if (d.getElementById(id)) return;\n  js = d.createElement(s); js.id = id;\n  js.src = \"\/\/connect.facebook.net\/pt_PT\/all.js#xfbml=1&appId=118672068213591\";\n  fjs.parentNode.insertBefore(js, fjs);\n}(document, \"script\", \"facebook-jssdk\"));\n<\/script>\n<fb:like href=\"https:\/\/www.rumoasantiago.com\/viadelaplata\/dia-7-mais-uma-etapa-concluida\/\" layout=\"button_count\" show_faces=\"true\" share=\"false\" width=\"450\" action=\"like\" font=\"arial\" colorscheme=\"light\" ref=\"AL2FB\"><\/fb:like><\/div>","protected":false},"excerpt":{"rendered":"<p>Hoje abandon\u00e1mos a remota aldeia de Calzada de Bejar para rumarmos em direc\u00e7\u00e3o a Salamanca. Foi uma etapa mais acess\u00edvel do que o esperado, dado que, com excelentes excep\u00e7\u00e3o da subida ao ponto mais alto do percurso de hoje, o restante foi bastante rolante. O dia come\u00e7ou novamente bastante cedo, com o despertador a acordar-nos [&hellip;]<\/p>\n","protected":false},"author":1,"featured_media":0,"comment_status":"open","ping_status":"open","sticky":false,"template":"","format":"standard","meta":[],"categories":[1,18,16,10],"tags":[],"yoast_head":"<!-- This site is optimized with the Yoast SEO plugin v20.10 - https:\/\/yoast.com\/wordpress\/plugins\/seo\/ -->\n<title>Dia 7 - mais uma etapa conclu\u00edda - Via de la Plata<\/title>\n<meta name=\"robots\" content=\"index, follow, max-snippet:-1, max-image-preview:large, max-video-preview:-1\" \/>\n<link rel=\"canonical\" href=\"https:\/\/www.rumoasantiago.com\/viadelaplata\/dia-7-mais-uma-etapa-concluida\/\" \/>\n<meta property=\"og:locale\" content=\"pt_PT\" \/>\n<meta property=\"og:type\" content=\"article\" \/>\n<meta property=\"og:title\" content=\"Dia 7 - mais uma etapa conclu\u00edda - Via de la Plata\" \/>\n<meta property=\"og:description\" content=\"Hoje abandon\u00e1mos a remota aldeia de Calzada de Bejar para rumarmos em direc\u00e7\u00e3o a Salamanca. Foi uma etapa mais acess\u00edvel do que o esperado, dado que, com excelentes excep\u00e7\u00e3o da subida ao ponto mais alto do percurso de hoje, o restante foi bastante rolante. O dia come\u00e7ou novamente bastante cedo, com o despertador a acordar-nos [&hellip;]\" \/>\n<meta property=\"og:url\" content=\"https:\/\/www.rumoasantiago.com\/viadelaplata\/dia-7-mais-uma-etapa-concluida\/\" \/>\n<meta property=\"og:site_name\" content=\"Via de la Plata\" \/>\n<meta property=\"article:published_time\" content=\"2012-08-03T05:30:21+00:00\" \/>\n<meta property=\"og:image\" content=\"http:\/\/www.rumoasantiago.com\/viadelaplata\/files\/2012\/08\/wpid-rps20120803_072725.jpg\" \/>\n<meta name=\"author\" content=\"norberto\" \/>\n<meta name=\"twitter:card\" content=\"summary_large_image\" \/>\n<meta name=\"twitter:label1\" content=\"Escrito por\" \/>\n\t<meta name=\"twitter:data1\" content=\"norberto\" \/>\n\t<meta name=\"twitter:label2\" content=\"Tempo estimado de leitura\" \/>\n\t<meta name=\"twitter:data2\" content=\"3 minutos\" \/>\n<script type=\"application\/ld+json\" class=\"yoast-schema-graph\">{\"@context\":\"https:\/\/schema.org\",\"@graph\":[{\"@type\":\"WebPage\",\"@id\":\"https:\/\/www.rumoasantiago.com\/viadelaplata\/dia-7-mais-uma-etapa-concluida\/\",\"url\":\"https:\/\/www.rumoasantiago.com\/viadelaplata\/dia-7-mais-uma-etapa-concluida\/\",\"name\":\"Dia 7 - mais uma etapa conclu\u00edda - Via de la Plata\",\"isPartOf\":{\"@id\":\"https:\/\/www.rumoasantiago.com\/viadelaplata\/#website\"},\"datePublished\":\"2012-08-03T05:30:21+00:00\",\"dateModified\":\"2012-08-03T05:30:21+00:00\",\"author\":{\"@id\":\"https:\/\/www.rumoasantiago.com\/viadelaplata\/#\/schema\/person\/72f32049b1b85d455e20c086d02608ee\"},\"breadcrumb\":{\"@id\":\"https:\/\/www.rumoasantiago.com\/viadelaplata\/dia-7-mais-uma-etapa-concluida\/#breadcrumb\"},\"inLanguage\":\"pt-PT\",\"potentialAction\":[{\"@type\":\"ReadAction\",\"target\":[\"https:\/\/www.rumoasantiago.com\/viadelaplata\/dia-7-mais-uma-etapa-concluida\/\"]}]},{\"@type\":\"BreadcrumbList\",\"@id\":\"https:\/\/www.rumoasantiago.com\/viadelaplata\/dia-7-mais-uma-etapa-concluida\/#breadcrumb\",\"itemListElement\":[{\"@type\":\"ListItem\",\"position\":1,\"name\":\"Home\",\"item\":\"https:\/\/www.rumoasantiago.com\/viadelaplata\/\"},{\"@type\":\"ListItem\",\"position\":2,\"name\":\"Dia 7 &#8211; mais uma etapa conclu\u00edda\"}]},{\"@type\":\"WebSite\",\"@id\":\"https:\/\/www.rumoasantiago.com\/viadelaplata\/#website\",\"url\":\"https:\/\/www.rumoasantiago.com\/viadelaplata\/\",\"name\":\"Via de la Plata\",\"description\":\"Travessia da Via de la Plata\",\"potentialAction\":[{\"@type\":\"SearchAction\",\"target\":{\"@type\":\"EntryPoint\",\"urlTemplate\":\"https:\/\/www.rumoasantiago.com\/viadelaplata\/?s={search_term_string}\"},\"query-input\":\"required name=search_term_string\"}],\"inLanguage\":\"pt-PT\"},{\"@type\":\"Person\",\"@id\":\"https:\/\/www.rumoasantiago.com\/viadelaplata\/#\/schema\/person\/72f32049b1b85d455e20c086d02608ee\",\"name\":\"norberto\",\"image\":{\"@type\":\"ImageObject\",\"inLanguage\":\"pt-PT\",\"@id\":\"https:\/\/www.rumoasantiago.com\/viadelaplata\/#\/schema\/person\/image\/\",\"url\":\"https:\/\/secure.gravatar.com\/avatar\/258e8e796306c4f0066b7a531bd3db2d?s=96&d=mm&r=g\",\"contentUrl\":\"https:\/\/secure.gravatar.com\/avatar\/258e8e796306c4f0066b7a531bd3db2d?s=96&d=mm&r=g\",\"caption\":\"norberto\"},\"url\":\"https:\/\/www.rumoasantiago.com\/viadelaplata\/author\/norberto\/\"}]}<\/script>\n<!-- \/ Yoast SEO plugin. -->","yoast_head_json":{"title":"Dia 7 - mais uma etapa conclu\u00edda - Via de la Plata","robots":{"index":"index","follow":"follow","max-snippet":"max-snippet:-1","max-image-preview":"max-image-preview:large","max-video-preview":"max-video-preview:-1"},"canonical":"https:\/\/www.rumoasantiago.com\/viadelaplata\/dia-7-mais-uma-etapa-concluida\/","og_locale":"pt_PT","og_type":"article","og_title":"Dia 7 - mais uma etapa conclu\u00edda - Via de la Plata","og_description":"Hoje abandon\u00e1mos a remota aldeia de Calzada de Bejar para rumarmos em direc\u00e7\u00e3o a Salamanca. Foi uma etapa mais acess\u00edvel do que o esperado, dado que, com excelentes excep\u00e7\u00e3o da subida ao ponto mais alto do percurso de hoje, o restante foi bastante rolante. O dia come\u00e7ou novamente bastante cedo, com o despertador a acordar-nos [&hellip;]","og_url":"https:\/\/www.rumoasantiago.com\/viadelaplata\/dia-7-mais-uma-etapa-concluida\/","og_site_name":"Via de la Plata","article_published_time":"2012-08-03T05:30:21+00:00","og_image":[{"url":"http:\/\/www.rumoasantiago.com\/viadelaplata\/files\/2012\/08\/wpid-rps20120803_072725.jpg"}],"author":"norberto","twitter_card":"summary_large_image","twitter_misc":{"Escrito por":"norberto","Tempo estimado de leitura":"3 minutos"},"schema":{"@context":"https:\/\/schema.org","@graph":[{"@type":"WebPage","@id":"https:\/\/www.rumoasantiago.com\/viadelaplata\/dia-7-mais-uma-etapa-concluida\/","url":"https:\/\/www.rumoasantiago.com\/viadelaplata\/dia-7-mais-uma-etapa-concluida\/","name":"Dia 7 - mais uma etapa conclu\u00edda - Via de la Plata","isPartOf":{"@id":"https:\/\/www.rumoasantiago.com\/viadelaplata\/#website"},"datePublished":"2012-08-03T05:30:21+00:00","dateModified":"2012-08-03T05:30:21+00:00","author":{"@id":"https:\/\/www.rumoasantiago.com\/viadelaplata\/#\/schema\/person\/72f32049b1b85d455e20c086d02608ee"},"breadcrumb":{"@id":"https:\/\/www.rumoasantiago.com\/viadelaplata\/dia-7-mais-uma-etapa-concluida\/#breadcrumb"},"inLanguage":"pt-PT","potentialAction":[{"@type":"ReadAction","target":["https:\/\/www.rumoasantiago.com\/viadelaplata\/dia-7-mais-uma-etapa-concluida\/"]}]},{"@type":"BreadcrumbList","@id":"https:\/\/www.rumoasantiago.com\/viadelaplata\/dia-7-mais-uma-etapa-concluida\/#breadcrumb","itemListElement":[{"@type":"ListItem","position":1,"name":"Home","item":"https:\/\/www.rumoasantiago.com\/viadelaplata\/"},{"@type":"ListItem","position":2,"name":"Dia 7 &#8211; mais uma etapa conclu\u00edda"}]},{"@type":"WebSite","@id":"https:\/\/www.rumoasantiago.com\/viadelaplata\/#website","url":"https:\/\/www.rumoasantiago.com\/viadelaplata\/","name":"Via de la Plata","description":"Travessia da Via de la Plata","potentialAction":[{"@type":"SearchAction","target":{"@type":"EntryPoint","urlTemplate":"https:\/\/www.rumoasantiago.com\/viadelaplata\/?s={search_term_string}"},"query-input":"required name=search_term_string"}],"inLanguage":"pt-PT"},{"@type":"Person","@id":"https:\/\/www.rumoasantiago.com\/viadelaplata\/#\/schema\/person\/72f32049b1b85d455e20c086d02608ee","name":"norberto","image":{"@type":"ImageObject","inLanguage":"pt-PT","@id":"https:\/\/www.rumoasantiago.com\/viadelaplata\/#\/schema\/person\/image\/","url":"https:\/\/secure.gravatar.com\/avatar\/258e8e796306c4f0066b7a531bd3db2d?s=96&d=mm&r=g","contentUrl":"https:\/\/secure.gravatar.com\/avatar\/258e8e796306c4f0066b7a531bd3db2d?s=96&d=mm&r=g","caption":"norberto"},"url":"https:\/\/www.rumoasantiago.com\/viadelaplata\/author\/norberto\/"}]}},"publishpress_future_action":{"enabled":false,"date":"0","action":"","terms":[],"taxonomy":""},"_links":{"self":[{"href":"https:\/\/www.rumoasantiago.com\/viadelaplata\/wp-json\/wp\/v2\/posts\/366"}],"collection":[{"href":"https:\/\/www.rumoasantiago.com\/viadelaplata\/wp-json\/wp\/v2\/posts"}],"about":[{"href":"https:\/\/www.rumoasantiago.com\/viadelaplata\/wp-json\/wp\/v2\/types\/post"}],"author":[{"embeddable":true,"href":"https:\/\/www.rumoasantiago.com\/viadelaplata\/wp-json\/wp\/v2\/users\/1"}],"replies":[{"embeddable":true,"href":"https:\/\/www.rumoasantiago.com\/viadelaplata\/wp-json\/wp\/v2\/comments?post=366"}],"version-history":[{"count":1,"href":"https:\/\/www.rumoasantiago.com\/viadelaplata\/wp-json\/wp\/v2\/posts\/366\/revisions"}],"predecessor-version":[{"id":367,"href":"https:\/\/www.rumoasantiago.com\/viadelaplata\/wp-json\/wp\/v2\/posts\/366\/revisions\/367"}],"wp:attachment":[{"href":"https:\/\/www.rumoasantiago.com\/viadelaplata\/wp-json\/wp\/v2\/media?parent=366"}],"wp:term":[{"taxonomy":"category","embeddable":true,"href":"https:\/\/www.rumoasantiago.com\/viadelaplata\/wp-json\/wp\/v2\/categories?post=366"},{"taxonomy":"post_tag","embeddable":true,"href":"https:\/\/www.rumoasantiago.com\/viadelaplata\/wp-json\/wp\/v2\/tags?post=366"}],"curies":[{"name":"wp","href":"https:\/\/api.w.org\/{rel}","templated":true}]}}