{"id":363,"date":"2012-08-01T21:10:29","date_gmt":"2012-08-01T21:10:29","guid":{"rendered":"http:\/\/www.rumoasantiago.com\/viadelaplata\/?p=363"},"modified":"2012-08-01T21:10:29","modified_gmt":"2012-08-01T21:10:29","slug":"1-de-agosto-etapa-6-terminada","status":"publish","type":"post","link":"https:\/\/www.rumoasantiago.com\/viadelaplata\/1-de-agosto-etapa-6-terminada\/","title":{"rendered":"1 de Agosto, etapa 6 terminada"},"content":{"rendered":"<p>Hoje foi um dia especial: o amigo Fraz\u00e3o celebra hoje 33 anos!<br \/>\nA noite foi bem passada, pois o albergue em que fic\u00e1mos (albergue municipal de Galisteo) \u00e9 dos que tem mais condi\u00e7\u00f5es dentro daqueles a que j\u00e1 recorremos, considerando o pre\u00e7o, conforto da cama e t\u00e9rmico, bem como o ru\u00eddo exterior. Acord\u00e1mos por volta das 6h30 e calmamente come\u00e7\u00e1mos a arrumar as nossas coisas. Pouco tempo depois, o Keith (amigo escoc\u00eas que vive neste momento na Irlanda) tamb\u00e9m despertou. Tom\u00e1mos o pequeno almo\u00e7o que nos tinha sido preparado na v\u00e9spera pela hospitaleira e o Fraz\u00e3o tratou posteriormente da lavagem das nossas bicicletas (o albergue tem \u00e0 disposi\u00e7\u00e3o uma mangueira no terra\u00e7o exterior).<br \/>\nAntes de partirmos ainda houve tempo para trocarmos umas palavras com o Keith, que iria partir do albergue um pouco mais tarde para fazer apenas 11 quil\u00f3metros hoje.<br \/>\nJ\u00e1 t\u00ednhamos conversado no dia anterior sobre o projecto Rumo a Santiago, mas fiquei completamente sem palavras quando ao nos despedimos o Keith me passou 10 euros para a m\u00e3o como contribui\u00e7\u00e3o para a campanha que estamos a promover para beneficiar a Associa\u00e7\u00e3o Acreditar. Ali\u00e1s, j\u00e1 tinha sucedido algo semelhante em M\u00e9rida, quando um dos elementos da equipa de 3 portugueses que tamb\u00e9m est\u00e3o a fazer a Via de la Plata em bicicleta fez um donativo sem sequer termos trocado palavras antes (reconheceram o projecto). \u00c9 incr\u00edvel como a ajuda chega vinda de pessoas que simplesmente n\u00e3o conhecemos, principalmente quando tem sido t\u00e3o dif\u00edcil motivar amigos e conhecidos que nos s\u00e3o bem mais pr\u00f3ximos.<br \/>\nA paisagem de hoje foi deslumbrantemente diferente de tudo o que j\u00e1 vimos at\u00e9 agora. A paisagem in\u00f3spita foi trocada por verdejantes pastos e por bosques de azinheiras. Os trilhos tamb\u00e9m foram muito diferentes. Se ontem reinavam os estrad\u00f5es repletos de pedra solta, hoje eram os single tracks serpenteando que preponderaram.<br \/>\nO percurso de hoje tamb\u00e9m nos reservou uma surpresa hist\u00f3rica: pass\u00e1mos por umas escava\u00e7\u00f5es arqueol\u00f3gicas onde se pode ver parte da antiga cal\u00e7ada romana e os restos do que seria uma antiga cidade. O estado de preserva\u00e7\u00e3o destas ru\u00ednas \u00e9 impressionante e foi uma boa oportunidade para espreitar o passado.<br \/>\nOs trilhos passaram tamb\u00e9m a ter marca\u00e7\u00f5es melhoradas. Ainda que haja um ou outro lugar sem marca\u00e7\u00e3o que podem dar azo a d\u00favidas, seguir os marcos que identificam a antiga cal\u00e7ada romana (sempre os marcados com um rect\u00e2ngulo amarelo) \u00e9 praticamente suficiente para n\u00e3o nos perdermos.<br \/>\nComo partimos cedo e rol\u00e1mos sempre a bom ritmo, s\u00f3 fizemos a nossa paragem para almo\u00e7o aos 50 quil\u00f3metros, em Aldeanueva del Camino. Foi preciso entrar em 3 lugares diferentes para encontrar p\u00e3o. Infelizmente, o p\u00e3o que encontramos \u00e0 disposi\u00e7\u00e3o continua a ser terrivelmente mau, muito seco e duro (bem pior que qualquer p\u00e3o pr\u00e9 congelado que podemos comprar em Portugal).<br \/>\nDepois de um almo\u00e7o refor\u00e7ado, foi hora do descanso&#8230; para o Fraz\u00e3o, j\u00e1 que eu acabei por usar o per\u00edodo de descanso para fazer uns contactos de maneira a providenciar o cabo micro USB OTG que tanta falta faz para partilharmos as fotos convosco. Tem sido uma odisseia tecnol\u00f3gica (como o Fraz\u00e3o a apelida) :).<br \/>\nSeguimos viagem, numa primeira parte relativamente plana (a subir e a descer), predominantemente em alcatr\u00e3o. Foi mais tarde que cheg\u00e1mos ao desafio f\u00edsico do dia, numa subida extremamente inclinada em piso empedrado (ao g\u00e9nero de cal\u00e7ada romana, mas com pedra trabalhada de forma moderna) \u00e9 pontualmente atravessada por um degrau. Fomos depois recompensados com uma bela descida at\u00e9 cerca de 2 quil\u00f3metros do nosso destino.<br \/>\nOs \u00faltimos 2 quil\u00f3metros foram um pouco sofridos, com um trilho em subida pejado de grandes pedras alisadas talvez pelas \u00e1guas de Inverno.<br \/>\nCheg\u00e1mos ao albergue Alba y Soraya, onde fomos alegremente recebidos pela propriet\u00e1ria. O albergue est\u00e1 instalado no que parece ser uma antiga casa rural e o tratamento n\u00e3o podia ser mais caseiro. A senhora preparou -nos uma deliciosa refei\u00e7\u00e3o que nos fez sentir praticamente em casa. O facto de estarmos sentados \u00e0 mesa na sala da casa enquanto convers\u00e1vamos com o marido da senhora ainda deu mais \u00eanfase \u00e0 esse detalhe.<br \/>\nTivemos tamb\u00e9m oportunidade de conversar um pouco com um peregrino belga que est\u00e1 hospedado no nosso albergue desde ontem. Fic\u00e1mos impressionados com o esp\u00edrito aut\u00f3nomo dele, dado que algumas das noites da sua caminhada foram passadas, por op\u00e7\u00e3o, no meio do campo.<br \/>\nComo a aldeia onde estamos \u00e9 mesmo muito pequena e isolada (tem cerca de 40 residentes permanentes), n\u00e3o conseguimos comprar um bolo \u00e0 altura da celebra\u00e7\u00e3o de hoje. Contudo n\u00e3o nos demos por vencidos e com a aplica\u00e7\u00e3o certa para Android l\u00e1 conseguimos improvisar uma chama para cantarmos os parab\u00e9ns ao Fraz\u00e3o :).<br \/>\nE com essa pequena celebra\u00e7\u00e3o e uma curta caminhada para digerir o jantar, chegou o momento de mais um repouso. Amanh\u00e3 iremos pedalar tendo como destino a cidade de Salamanca e alcan\u00e7aremos a meta de metade dos quil\u00f3metros da nossa viagem. <\/p>\n<p>Bom Caminho!<\/p>\n<div class=\"al2fb_like_button\"><div id=\"fb-root\"><\/div><script type=\"text\/javascript\">\n(function(d, s, id) {\n  var js, fjs = d.getElementsByTagName(s)[0];\n  if (d.getElementById(id)) return;\n  js = d.createElement(s); js.id = id;\n  js.src = \"\/\/connect.facebook.net\/pt_PT\/all.js#xfbml=1&appId=118672068213591\";\n  fjs.parentNode.insertBefore(js, fjs);\n}(document, \"script\", \"facebook-jssdk\"));\n<\/script>\n<fb:like href=\"https:\/\/www.rumoasantiago.com\/viadelaplata\/1-de-agosto-etapa-6-terminada\/\" layout=\"button_count\" show_faces=\"true\" share=\"false\" width=\"450\" action=\"like\" font=\"arial\" colorscheme=\"light\" ref=\"AL2FB\"><\/fb:like><\/div>","protected":false},"excerpt":{"rendered":"<p>Hoje foi um dia especial: o amigo Fraz\u00e3o celebra hoje 33 anos! A noite foi bem passada, pois o albergue em que fic\u00e1mos (albergue municipal de Galisteo) \u00e9 dos que tem mais condi\u00e7\u00f5es dentro daqueles a que j\u00e1 recorremos, considerando o pre\u00e7o, conforto da cama e t\u00e9rmico, bem como o ru\u00eddo exterior. Acord\u00e1mos por volta [&hellip;]<\/p>\n","protected":false},"author":1,"featured_media":0,"comment_status":"open","ping_status":"open","sticky":false,"template":"","format":"standard","meta":[],"categories":[1,18,10],"tags":[],"yoast_head":"<!-- This site is optimized with the Yoast SEO plugin v20.10 - https:\/\/yoast.com\/wordpress\/plugins\/seo\/ -->\n<title>1 de Agosto, etapa 6 terminada - Via de la Plata<\/title>\n<meta name=\"robots\" content=\"index, follow, max-snippet:-1, max-image-preview:large, max-video-preview:-1\" \/>\n<link rel=\"canonical\" href=\"https:\/\/www.rumoasantiago.com\/viadelaplata\/1-de-agosto-etapa-6-terminada\/\" \/>\n<meta property=\"og:locale\" content=\"pt_PT\" \/>\n<meta property=\"og:type\" content=\"article\" \/>\n<meta property=\"og:title\" content=\"1 de Agosto, etapa 6 terminada - Via de la Plata\" \/>\n<meta property=\"og:description\" content=\"Hoje foi um dia especial: o amigo Fraz\u00e3o celebra hoje 33 anos! A noite foi bem passada, pois o albergue em que fic\u00e1mos (albergue municipal de Galisteo) \u00e9 dos que tem mais condi\u00e7\u00f5es dentro daqueles a que j\u00e1 recorremos, considerando o pre\u00e7o, conforto da cama e t\u00e9rmico, bem como o ru\u00eddo exterior. Acord\u00e1mos por volta [&hellip;]\" \/>\n<meta property=\"og:url\" content=\"https:\/\/www.rumoasantiago.com\/viadelaplata\/1-de-agosto-etapa-6-terminada\/\" \/>\n<meta property=\"og:site_name\" content=\"Via de la Plata\" \/>\n<meta property=\"article:published_time\" content=\"2012-08-01T21:10:29+00:00\" \/>\n<meta name=\"author\" content=\"norberto\" \/>\n<meta name=\"twitter:card\" content=\"summary_large_image\" \/>\n<meta name=\"twitter:label1\" content=\"Escrito por\" \/>\n\t<meta name=\"twitter:data1\" content=\"norberto\" \/>\n\t<meta name=\"twitter:label2\" content=\"Tempo estimado de leitura\" \/>\n\t<meta name=\"twitter:data2\" content=\"4 minutos\" \/>\n<script type=\"application\/ld+json\" class=\"yoast-schema-graph\">{\"@context\":\"https:\/\/schema.org\",\"@graph\":[{\"@type\":\"WebPage\",\"@id\":\"https:\/\/www.rumoasantiago.com\/viadelaplata\/1-de-agosto-etapa-6-terminada\/\",\"url\":\"https:\/\/www.rumoasantiago.com\/viadelaplata\/1-de-agosto-etapa-6-terminada\/\",\"name\":\"1 de Agosto, etapa 6 terminada - Via de la Plata\",\"isPartOf\":{\"@id\":\"https:\/\/www.rumoasantiago.com\/viadelaplata\/#website\"},\"datePublished\":\"2012-08-01T21:10:29+00:00\",\"dateModified\":\"2012-08-01T21:10:29+00:00\",\"author\":{\"@id\":\"https:\/\/www.rumoasantiago.com\/viadelaplata\/#\/schema\/person\/72f32049b1b85d455e20c086d02608ee\"},\"breadcrumb\":{\"@id\":\"https:\/\/www.rumoasantiago.com\/viadelaplata\/1-de-agosto-etapa-6-terminada\/#breadcrumb\"},\"inLanguage\":\"pt-PT\",\"potentialAction\":[{\"@type\":\"ReadAction\",\"target\":[\"https:\/\/www.rumoasantiago.com\/viadelaplata\/1-de-agosto-etapa-6-terminada\/\"]}]},{\"@type\":\"BreadcrumbList\",\"@id\":\"https:\/\/www.rumoasantiago.com\/viadelaplata\/1-de-agosto-etapa-6-terminada\/#breadcrumb\",\"itemListElement\":[{\"@type\":\"ListItem\",\"position\":1,\"name\":\"Home\",\"item\":\"https:\/\/www.rumoasantiago.com\/viadelaplata\/\"},{\"@type\":\"ListItem\",\"position\":2,\"name\":\"1 de Agosto, etapa 6 terminada\"}]},{\"@type\":\"WebSite\",\"@id\":\"https:\/\/www.rumoasantiago.com\/viadelaplata\/#website\",\"url\":\"https:\/\/www.rumoasantiago.com\/viadelaplata\/\",\"name\":\"Via de la Plata\",\"description\":\"Travessia da Via de la Plata\",\"potentialAction\":[{\"@type\":\"SearchAction\",\"target\":{\"@type\":\"EntryPoint\",\"urlTemplate\":\"https:\/\/www.rumoasantiago.com\/viadelaplata\/?s={search_term_string}\"},\"query-input\":\"required name=search_term_string\"}],\"inLanguage\":\"pt-PT\"},{\"@type\":\"Person\",\"@id\":\"https:\/\/www.rumoasantiago.com\/viadelaplata\/#\/schema\/person\/72f32049b1b85d455e20c086d02608ee\",\"name\":\"norberto\",\"image\":{\"@type\":\"ImageObject\",\"inLanguage\":\"pt-PT\",\"@id\":\"https:\/\/www.rumoasantiago.com\/viadelaplata\/#\/schema\/person\/image\/\",\"url\":\"https:\/\/secure.gravatar.com\/avatar\/258e8e796306c4f0066b7a531bd3db2d?s=96&d=mm&r=g\",\"contentUrl\":\"https:\/\/secure.gravatar.com\/avatar\/258e8e796306c4f0066b7a531bd3db2d?s=96&d=mm&r=g\",\"caption\":\"norberto\"},\"url\":\"https:\/\/www.rumoasantiago.com\/viadelaplata\/author\/norberto\/\"}]}<\/script>\n<!-- \/ Yoast SEO plugin. -->","yoast_head_json":{"title":"1 de Agosto, etapa 6 terminada - Via de la Plata","robots":{"index":"index","follow":"follow","max-snippet":"max-snippet:-1","max-image-preview":"max-image-preview:large","max-video-preview":"max-video-preview:-1"},"canonical":"https:\/\/www.rumoasantiago.com\/viadelaplata\/1-de-agosto-etapa-6-terminada\/","og_locale":"pt_PT","og_type":"article","og_title":"1 de Agosto, etapa 6 terminada - Via de la Plata","og_description":"Hoje foi um dia especial: o amigo Fraz\u00e3o celebra hoje 33 anos! A noite foi bem passada, pois o albergue em que fic\u00e1mos (albergue municipal de Galisteo) \u00e9 dos que tem mais condi\u00e7\u00f5es dentro daqueles a que j\u00e1 recorremos, considerando o pre\u00e7o, conforto da cama e t\u00e9rmico, bem como o ru\u00eddo exterior. Acord\u00e1mos por volta [&hellip;]","og_url":"https:\/\/www.rumoasantiago.com\/viadelaplata\/1-de-agosto-etapa-6-terminada\/","og_site_name":"Via de la Plata","article_published_time":"2012-08-01T21:10:29+00:00","author":"norberto","twitter_card":"summary_large_image","twitter_misc":{"Escrito por":"norberto","Tempo estimado de leitura":"4 minutos"},"schema":{"@context":"https:\/\/schema.org","@graph":[{"@type":"WebPage","@id":"https:\/\/www.rumoasantiago.com\/viadelaplata\/1-de-agosto-etapa-6-terminada\/","url":"https:\/\/www.rumoasantiago.com\/viadelaplata\/1-de-agosto-etapa-6-terminada\/","name":"1 de Agosto, etapa 6 terminada - Via de la Plata","isPartOf":{"@id":"https:\/\/www.rumoasantiago.com\/viadelaplata\/#website"},"datePublished":"2012-08-01T21:10:29+00:00","dateModified":"2012-08-01T21:10:29+00:00","author":{"@id":"https:\/\/www.rumoasantiago.com\/viadelaplata\/#\/schema\/person\/72f32049b1b85d455e20c086d02608ee"},"breadcrumb":{"@id":"https:\/\/www.rumoasantiago.com\/viadelaplata\/1-de-agosto-etapa-6-terminada\/#breadcrumb"},"inLanguage":"pt-PT","potentialAction":[{"@type":"ReadAction","target":["https:\/\/www.rumoasantiago.com\/viadelaplata\/1-de-agosto-etapa-6-terminada\/"]}]},{"@type":"BreadcrumbList","@id":"https:\/\/www.rumoasantiago.com\/viadelaplata\/1-de-agosto-etapa-6-terminada\/#breadcrumb","itemListElement":[{"@type":"ListItem","position":1,"name":"Home","item":"https:\/\/www.rumoasantiago.com\/viadelaplata\/"},{"@type":"ListItem","position":2,"name":"1 de Agosto, etapa 6 terminada"}]},{"@type":"WebSite","@id":"https:\/\/www.rumoasantiago.com\/viadelaplata\/#website","url":"https:\/\/www.rumoasantiago.com\/viadelaplata\/","name":"Via de la Plata","description":"Travessia da Via de la Plata","potentialAction":[{"@type":"SearchAction","target":{"@type":"EntryPoint","urlTemplate":"https:\/\/www.rumoasantiago.com\/viadelaplata\/?s={search_term_string}"},"query-input":"required name=search_term_string"}],"inLanguage":"pt-PT"},{"@type":"Person","@id":"https:\/\/www.rumoasantiago.com\/viadelaplata\/#\/schema\/person\/72f32049b1b85d455e20c086d02608ee","name":"norberto","image":{"@type":"ImageObject","inLanguage":"pt-PT","@id":"https:\/\/www.rumoasantiago.com\/viadelaplata\/#\/schema\/person\/image\/","url":"https:\/\/secure.gravatar.com\/avatar\/258e8e796306c4f0066b7a531bd3db2d?s=96&d=mm&r=g","contentUrl":"https:\/\/secure.gravatar.com\/avatar\/258e8e796306c4f0066b7a531bd3db2d?s=96&d=mm&r=g","caption":"norberto"},"url":"https:\/\/www.rumoasantiago.com\/viadelaplata\/author\/norberto\/"}]}},"publishpress_future_action":{"enabled":false,"date":"0","action":"","terms":[],"taxonomy":""},"_links":{"self":[{"href":"https:\/\/www.rumoasantiago.com\/viadelaplata\/wp-json\/wp\/v2\/posts\/363"}],"collection":[{"href":"https:\/\/www.rumoasantiago.com\/viadelaplata\/wp-json\/wp\/v2\/posts"}],"about":[{"href":"https:\/\/www.rumoasantiago.com\/viadelaplata\/wp-json\/wp\/v2\/types\/post"}],"author":[{"embeddable":true,"href":"https:\/\/www.rumoasantiago.com\/viadelaplata\/wp-json\/wp\/v2\/users\/1"}],"replies":[{"embeddable":true,"href":"https:\/\/www.rumoasantiago.com\/viadelaplata\/wp-json\/wp\/v2\/comments?post=363"}],"version-history":[{"count":1,"href":"https:\/\/www.rumoasantiago.com\/viadelaplata\/wp-json\/wp\/v2\/posts\/363\/revisions"}],"predecessor-version":[{"id":364,"href":"https:\/\/www.rumoasantiago.com\/viadelaplata\/wp-json\/wp\/v2\/posts\/363\/revisions\/364"}],"wp:attachment":[{"href":"https:\/\/www.rumoasantiago.com\/viadelaplata\/wp-json\/wp\/v2\/media?parent=363"}],"wp:term":[{"taxonomy":"category","embeddable":true,"href":"https:\/\/www.rumoasantiago.com\/viadelaplata\/wp-json\/wp\/v2\/categories?post=363"},{"taxonomy":"post_tag","embeddable":true,"href":"https:\/\/www.rumoasantiago.com\/viadelaplata\/wp-json\/wp\/v2\/tags?post=363"}],"curies":[{"name":"wp","href":"https:\/\/api.w.org\/{rel}","templated":true}]}}