{"id":361,"date":"2012-07-31T22:01:09","date_gmt":"2012-07-31T22:01:09","guid":{"rendered":"http:\/\/www.rumoasantiago.com\/viadelaplata\/?p=361"},"modified":"2012-07-31T22:01:09","modified_gmt":"2012-07-31T22:01:09","slug":"fim-a-etapa-5-31-de-julho","status":"publish","type":"post","link":"https:\/\/www.rumoasantiago.com\/viadelaplata\/fim-a-etapa-5-31-de-julho\/","title":{"rendered":"Fim a etapa 5 &#8211; 31 de Julho"},"content":{"rendered":"<p>A etapa de hoje foi, \u00e0 falta de outra express\u00e3o para a descrever, uma divertida aventura. Como j\u00e1 t\u00ednhamos comprado os v\u00edveres para o pequeno almo\u00e7o no dia anterior, trat\u00e1mos de o tomar no pr\u00f3prio albergue. O \u00fanico sen\u00e3o foi que, para al\u00e9m de termos feito as compras com fome, o senhor do talho que nos cortou o presunto excedeu-se um bocado na dose que nos serviu. Consequentemente, a quantidade de comida, incluindo a fruta, era mais do que o necess\u00e1rio para um pequeno almo\u00e7o. Fic\u00e1mos assim com o lanche do meio da manh\u00e3 j\u00e1 preparado, ao dividir a comida por esse lanche e o pequeno almo\u00e7o :). Uma a parte da etapa de hoje passa junto de umas mega constru\u00e7\u00f5es da linha espanhola do comboio e alta velocidade. Por isso tivemos de fazer uma s\u00e9rie de desvios para contornar algumas das escava\u00e7\u00f5es ou constru\u00e7\u00e3o de funda\u00e7\u00f5es desta obra. O Fraz\u00e3o, pela profiss\u00e3o que desempenha (est\u00e1 integrado numa equipa militar de engenharia) passou uns quantos quil\u00f3metros entusiasmado com as obras em curso e as imponentes m\u00e1quinas a trabalhar. O percurso levou-nos tamb\u00e9m a perto do &#8220;nosso&#8221; rio Tejo. Parte desse tro\u00e7o foi feito serpenteando por um fant\u00e1stico trilho t\u00e9cnico em descida, onde pudemos n\u00e3o s\u00f3 divertir-nos um pouco, mas tamb\u00e9m explorar o grande potencial das Spark 20 para descer. O momento inesquec\u00edvel do dia chegou perto das 11h30, quando nos depar\u00e1mos com uma manada de vacas negras no meio do nosso trilho. Fic\u00e1mos um pouco intimidados com este cen\u00e1rio, n\u00e3o s\u00f3 pela quantidade de cabe\u00e7as (devidamente ornamentadas com chifres pontiagudos), mas tamb\u00e9m com o \u00fanico boi da manada, que exibia um imponente f\u00edsico capaz de derrubar um autom\u00f3vel, quanto mais um ciclista. Ap\u00f3s algumas aproxima\u00e7\u00f5es lentas \u00e0 manada, na expectativa de passar por ela despercebidos, o Fraz\u00e3o ficou alertado quando uma das vacas come\u00e7ou a raspar o ch\u00e3o com uma das patas. Mais tarde percebemos empiricamente que se trata de um comportamento normal quando o animal sente que tem de se aliviar, mas na altura pareceu-nos a prepara\u00e7\u00e3o para uma investida :). Como rol\u00e1mos sempre a bom ritmo, s\u00f3 par\u00e1mos na aldeia de Grimaldo. Esta aldeia est\u00e1 desprovida de qualquer mini mercado, mas resolvemos o nosso almo\u00e7o no aparente \u00fanico restaurante da aldeia comprando os ingredientes habituais do nosso almo\u00e7o: p\u00e3o, fiambre, tomate, fruta e bebida fresca. A igreja da aldeia tem mesmo ao lado um agrad\u00e1vel parque de merendas que, no entanto, aparenta ser pouco frequentado. Rapidamente prepar\u00e1mos a nossa refei\u00e7\u00e3o com os nossos Leatherman a trabalhar em paralelo. Seguiu-se cerca de 1 hora de descanso e seguimos viagem. A continua\u00e7\u00e3o dos trilhos levou-nos novamente por uma imensid\u00e3o de port\u00f5es. A diferen\u00e7a \u00e9 que desta vez ao inv\u00e9s de animais da quinta, fomos surpreendidos por&#8230; gazelas e veados! Embora um pouco furtivos, pudemos avistar uns quantos. A cerca de 11 quil\u00f3metros de Galisteo depar\u00e1mo-nos com um desvio consider\u00e1vel da rota tra\u00e7ada no GPS, por um percurso que, a julgar pela pintura das setas amarelas, \u00e9 muito recente. Soubemos mais tarde que se trata da zona do percurso em que a coopera\u00e7\u00e3o de um dos propriet\u00e1rios de um terreno n\u00e3o \u00e9 das melhores. Cheg\u00e1mos a Galisteo por vezes volta das 17h e encontr\u00e1mos \u00e0 nossa espera um albergue muito confort\u00e1vel e bem equipado. Para al\u00e9m de n\u00f3s, estamos a partilhar o albergue com um peregrino origin\u00e1rio do norte de Espanha e um escoc\u00eas. Sendo ambos pessoas com experi\u00eancias muito interessantes, convers\u00e1mos um pouco ao jantar. Tivemos tamb\u00e9m a oportunidade de aprender uma t\u00e9cnica de alongamentos das coxas com base em exerc\u00edcios de ioga. Conhecemos um pouco da vila (que est\u00e1 quase toda dentro de muralhas) e fomos finalmente descansar. Com a etapa de amanh\u00e3 nem que precisamos de um descanso! Ainda n\u00e3o temos fotos para voc\u00eas, mas cremos que em dois dias poderemos compensar-vos por esta aus\u00eancia!<\/p>\n<p>Bom Caminho!<\/p>\n<div class=\"al2fb_like_button\"><div id=\"fb-root\"><\/div><script type=\"text\/javascript\">\n(function(d, s, id) {\n  var js, fjs = d.getElementsByTagName(s)[0];\n  if (d.getElementById(id)) return;\n  js = d.createElement(s); js.id = id;\n  js.src = \"\/\/connect.facebook.net\/pt_PT\/all.js#xfbml=1&appId=118672068213591\";\n  fjs.parentNode.insertBefore(js, fjs);\n}(document, \"script\", \"facebook-jssdk\"));\n<\/script>\n<fb:like href=\"https:\/\/www.rumoasantiago.com\/viadelaplata\/fim-a-etapa-5-31-de-julho\/\" layout=\"button_count\" show_faces=\"true\" share=\"false\" width=\"450\" action=\"like\" font=\"arial\" colorscheme=\"light\" ref=\"AL2FB\"><\/fb:like><\/div>","protected":false},"excerpt":{"rendered":"<p>A etapa de hoje foi, \u00e0 falta de outra express\u00e3o para a descrever, uma divertida aventura. Como j\u00e1 t\u00ednhamos comprado os v\u00edveres para o pequeno almo\u00e7o no dia anterior, trat\u00e1mos de o tomar no pr\u00f3prio albergue. O \u00fanico sen\u00e3o foi que, para al\u00e9m de termos feito as compras com fome, o senhor do talho que [&hellip;]<\/p>\n","protected":false},"author":1,"featured_media":0,"comment_status":"open","ping_status":"open","sticky":false,"template":"","format":"standard","meta":[],"categories":[1,18,10],"tags":[],"yoast_head":"<!-- This site is optimized with the Yoast SEO plugin v20.10 - https:\/\/yoast.com\/wordpress\/plugins\/seo\/ -->\n<title>Fim a etapa 5 - 31 de Julho - Via de la Plata<\/title>\n<meta name=\"robots\" content=\"index, follow, max-snippet:-1, max-image-preview:large, max-video-preview:-1\" \/>\n<link rel=\"canonical\" href=\"https:\/\/www.rumoasantiago.com\/viadelaplata\/fim-a-etapa-5-31-de-julho\/\" \/>\n<meta property=\"og:locale\" content=\"pt_PT\" \/>\n<meta property=\"og:type\" content=\"article\" \/>\n<meta property=\"og:title\" content=\"Fim a etapa 5 - 31 de Julho - Via de la Plata\" \/>\n<meta property=\"og:description\" content=\"A etapa de hoje foi, \u00e0 falta de outra express\u00e3o para a descrever, uma divertida aventura. Como j\u00e1 t\u00ednhamos comprado os v\u00edveres para o pequeno almo\u00e7o no dia anterior, trat\u00e1mos de o tomar no pr\u00f3prio albergue. O \u00fanico sen\u00e3o foi que, para al\u00e9m de termos feito as compras com fome, o senhor do talho que [&hellip;]\" \/>\n<meta property=\"og:url\" content=\"https:\/\/www.rumoasantiago.com\/viadelaplata\/fim-a-etapa-5-31-de-julho\/\" \/>\n<meta property=\"og:site_name\" content=\"Via de la Plata\" \/>\n<meta property=\"article:published_time\" content=\"2012-07-31T22:01:09+00:00\" \/>\n<meta name=\"author\" content=\"norberto\" \/>\n<meta name=\"twitter:card\" content=\"summary_large_image\" \/>\n<meta name=\"twitter:label1\" content=\"Escrito por\" \/>\n\t<meta name=\"twitter:data1\" content=\"norberto\" \/>\n\t<meta name=\"twitter:label2\" content=\"Tempo estimado de leitura\" \/>\n\t<meta name=\"twitter:data2\" content=\"4 minutos\" \/>\n<script type=\"application\/ld+json\" class=\"yoast-schema-graph\">{\"@context\":\"https:\/\/schema.org\",\"@graph\":[{\"@type\":\"WebPage\",\"@id\":\"https:\/\/www.rumoasantiago.com\/viadelaplata\/fim-a-etapa-5-31-de-julho\/\",\"url\":\"https:\/\/www.rumoasantiago.com\/viadelaplata\/fim-a-etapa-5-31-de-julho\/\",\"name\":\"Fim a etapa 5 - 31 de Julho - Via de la Plata\",\"isPartOf\":{\"@id\":\"https:\/\/www.rumoasantiago.com\/viadelaplata\/#website\"},\"datePublished\":\"2012-07-31T22:01:09+00:00\",\"dateModified\":\"2012-07-31T22:01:09+00:00\",\"author\":{\"@id\":\"https:\/\/www.rumoasantiago.com\/viadelaplata\/#\/schema\/person\/72f32049b1b85d455e20c086d02608ee\"},\"breadcrumb\":{\"@id\":\"https:\/\/www.rumoasantiago.com\/viadelaplata\/fim-a-etapa-5-31-de-julho\/#breadcrumb\"},\"inLanguage\":\"pt-PT\",\"potentialAction\":[{\"@type\":\"ReadAction\",\"target\":[\"https:\/\/www.rumoasantiago.com\/viadelaplata\/fim-a-etapa-5-31-de-julho\/\"]}]},{\"@type\":\"BreadcrumbList\",\"@id\":\"https:\/\/www.rumoasantiago.com\/viadelaplata\/fim-a-etapa-5-31-de-julho\/#breadcrumb\",\"itemListElement\":[{\"@type\":\"ListItem\",\"position\":1,\"name\":\"Home\",\"item\":\"https:\/\/www.rumoasantiago.com\/viadelaplata\/\"},{\"@type\":\"ListItem\",\"position\":2,\"name\":\"Fim a etapa 5 &#8211; 31 de Julho\"}]},{\"@type\":\"WebSite\",\"@id\":\"https:\/\/www.rumoasantiago.com\/viadelaplata\/#website\",\"url\":\"https:\/\/www.rumoasantiago.com\/viadelaplata\/\",\"name\":\"Via de la Plata\",\"description\":\"Travessia da Via de la Plata\",\"potentialAction\":[{\"@type\":\"SearchAction\",\"target\":{\"@type\":\"EntryPoint\",\"urlTemplate\":\"https:\/\/www.rumoasantiago.com\/viadelaplata\/?s={search_term_string}\"},\"query-input\":\"required name=search_term_string\"}],\"inLanguage\":\"pt-PT\"},{\"@type\":\"Person\",\"@id\":\"https:\/\/www.rumoasantiago.com\/viadelaplata\/#\/schema\/person\/72f32049b1b85d455e20c086d02608ee\",\"name\":\"norberto\",\"image\":{\"@type\":\"ImageObject\",\"inLanguage\":\"pt-PT\",\"@id\":\"https:\/\/www.rumoasantiago.com\/viadelaplata\/#\/schema\/person\/image\/\",\"url\":\"https:\/\/secure.gravatar.com\/avatar\/258e8e796306c4f0066b7a531bd3db2d?s=96&d=mm&r=g\",\"contentUrl\":\"https:\/\/secure.gravatar.com\/avatar\/258e8e796306c4f0066b7a531bd3db2d?s=96&d=mm&r=g\",\"caption\":\"norberto\"},\"url\":\"https:\/\/www.rumoasantiago.com\/viadelaplata\/author\/norberto\/\"}]}<\/script>\n<!-- \/ Yoast SEO plugin. -->","yoast_head_json":{"title":"Fim a etapa 5 - 31 de Julho - Via de la Plata","robots":{"index":"index","follow":"follow","max-snippet":"max-snippet:-1","max-image-preview":"max-image-preview:large","max-video-preview":"max-video-preview:-1"},"canonical":"https:\/\/www.rumoasantiago.com\/viadelaplata\/fim-a-etapa-5-31-de-julho\/","og_locale":"pt_PT","og_type":"article","og_title":"Fim a etapa 5 - 31 de Julho - Via de la Plata","og_description":"A etapa de hoje foi, \u00e0 falta de outra express\u00e3o para a descrever, uma divertida aventura. Como j\u00e1 t\u00ednhamos comprado os v\u00edveres para o pequeno almo\u00e7o no dia anterior, trat\u00e1mos de o tomar no pr\u00f3prio albergue. O \u00fanico sen\u00e3o foi que, para al\u00e9m de termos feito as compras com fome, o senhor do talho que [&hellip;]","og_url":"https:\/\/www.rumoasantiago.com\/viadelaplata\/fim-a-etapa-5-31-de-julho\/","og_site_name":"Via de la Plata","article_published_time":"2012-07-31T22:01:09+00:00","author":"norberto","twitter_card":"summary_large_image","twitter_misc":{"Escrito por":"norberto","Tempo estimado de leitura":"4 minutos"},"schema":{"@context":"https:\/\/schema.org","@graph":[{"@type":"WebPage","@id":"https:\/\/www.rumoasantiago.com\/viadelaplata\/fim-a-etapa-5-31-de-julho\/","url":"https:\/\/www.rumoasantiago.com\/viadelaplata\/fim-a-etapa-5-31-de-julho\/","name":"Fim a etapa 5 - 31 de Julho - Via de la Plata","isPartOf":{"@id":"https:\/\/www.rumoasantiago.com\/viadelaplata\/#website"},"datePublished":"2012-07-31T22:01:09+00:00","dateModified":"2012-07-31T22:01:09+00:00","author":{"@id":"https:\/\/www.rumoasantiago.com\/viadelaplata\/#\/schema\/person\/72f32049b1b85d455e20c086d02608ee"},"breadcrumb":{"@id":"https:\/\/www.rumoasantiago.com\/viadelaplata\/fim-a-etapa-5-31-de-julho\/#breadcrumb"},"inLanguage":"pt-PT","potentialAction":[{"@type":"ReadAction","target":["https:\/\/www.rumoasantiago.com\/viadelaplata\/fim-a-etapa-5-31-de-julho\/"]}]},{"@type":"BreadcrumbList","@id":"https:\/\/www.rumoasantiago.com\/viadelaplata\/fim-a-etapa-5-31-de-julho\/#breadcrumb","itemListElement":[{"@type":"ListItem","position":1,"name":"Home","item":"https:\/\/www.rumoasantiago.com\/viadelaplata\/"},{"@type":"ListItem","position":2,"name":"Fim a etapa 5 &#8211; 31 de Julho"}]},{"@type":"WebSite","@id":"https:\/\/www.rumoasantiago.com\/viadelaplata\/#website","url":"https:\/\/www.rumoasantiago.com\/viadelaplata\/","name":"Via de la Plata","description":"Travessia da Via de la Plata","potentialAction":[{"@type":"SearchAction","target":{"@type":"EntryPoint","urlTemplate":"https:\/\/www.rumoasantiago.com\/viadelaplata\/?s={search_term_string}"},"query-input":"required name=search_term_string"}],"inLanguage":"pt-PT"},{"@type":"Person","@id":"https:\/\/www.rumoasantiago.com\/viadelaplata\/#\/schema\/person\/72f32049b1b85d455e20c086d02608ee","name":"norberto","image":{"@type":"ImageObject","inLanguage":"pt-PT","@id":"https:\/\/www.rumoasantiago.com\/viadelaplata\/#\/schema\/person\/image\/","url":"https:\/\/secure.gravatar.com\/avatar\/258e8e796306c4f0066b7a531bd3db2d?s=96&d=mm&r=g","contentUrl":"https:\/\/secure.gravatar.com\/avatar\/258e8e796306c4f0066b7a531bd3db2d?s=96&d=mm&r=g","caption":"norberto"},"url":"https:\/\/www.rumoasantiago.com\/viadelaplata\/author\/norberto\/"}]}},"publishpress_future_action":{"enabled":false,"date":"0","action":"","terms":[],"taxonomy":""},"_links":{"self":[{"href":"https:\/\/www.rumoasantiago.com\/viadelaplata\/wp-json\/wp\/v2\/posts\/361"}],"collection":[{"href":"https:\/\/www.rumoasantiago.com\/viadelaplata\/wp-json\/wp\/v2\/posts"}],"about":[{"href":"https:\/\/www.rumoasantiago.com\/viadelaplata\/wp-json\/wp\/v2\/types\/post"}],"author":[{"embeddable":true,"href":"https:\/\/www.rumoasantiago.com\/viadelaplata\/wp-json\/wp\/v2\/users\/1"}],"replies":[{"embeddable":true,"href":"https:\/\/www.rumoasantiago.com\/viadelaplata\/wp-json\/wp\/v2\/comments?post=361"}],"version-history":[{"count":1,"href":"https:\/\/www.rumoasantiago.com\/viadelaplata\/wp-json\/wp\/v2\/posts\/361\/revisions"}],"predecessor-version":[{"id":362,"href":"https:\/\/www.rumoasantiago.com\/viadelaplata\/wp-json\/wp\/v2\/posts\/361\/revisions\/362"}],"wp:attachment":[{"href":"https:\/\/www.rumoasantiago.com\/viadelaplata\/wp-json\/wp\/v2\/media?parent=361"}],"wp:term":[{"taxonomy":"category","embeddable":true,"href":"https:\/\/www.rumoasantiago.com\/viadelaplata\/wp-json\/wp\/v2\/categories?post=361"},{"taxonomy":"post_tag","embeddable":true,"href":"https:\/\/www.rumoasantiago.com\/viadelaplata\/wp-json\/wp\/v2\/tags?post=361"}],"curies":[{"name":"wp","href":"https:\/\/api.w.org\/{rel}","templated":true}]}}