{"id":359,"date":"2012-07-31T21:59:51","date_gmt":"2012-07-31T21:59:51","guid":{"rendered":"http:\/\/www.rumoasantiago.com\/viadelaplata\/?p=359"},"modified":"2012-07-31T21:59:51","modified_gmt":"2012-07-31T21:59:51","slug":"fim-da-etapa-4-30-de-julho","status":"publish","type":"post","link":"https:\/\/www.rumoasantiago.com\/viadelaplata\/fim-da-etapa-4-30-de-julho\/","title":{"rendered":"Fim da Etapa 4 &#8211; 30 de Julho"},"content":{"rendered":"<p>Quase sem darmos por isso, termin\u00e1mos mais uma etapa. Desta vez o nosso road book fez-nos uma partida, pois a altimetria que realiz\u00e1mos ficou muito aqu\u00e9m do que t\u00ednhamos calculado no nosso trabalho de casa. Antes assim que ao contr\u00e1rio :). Como previsto, hoje levant\u00e1mo-nos bastante cedo. Inicialmente t\u00ednhamos previsto levantarmo-nos \u00e0s 7h, mas o calor extremo que se fazia sentir no albergue e a az\u00e1fama dos restantes peregrinos motivou-nos para nos levantarmos cerca das 6h30. A essa hora partiu do albergue um grupo de 3 portugueses (2 rapazes e 1 rapariga) que tamb\u00e9m est\u00e3o a fazer a Via de la Plata. Ser\u00e1 certamente a \u00faltima vez que os avistaremos no Caminho, dado que est\u00e3o a fazer etapas bastante mais longas que as nossas. Atendendo \u00e0 hora a que sa\u00edmos, n\u00e3o t\u00ednhamos nada \u00e0 disposi\u00e7\u00e3o para comprar o pequeno almo\u00e7o. Ap\u00f3s tomarmos o nosso suplemento nutricional da manh\u00e3 (um belo batido proteico com sabor a baunilha, da Evo Nutrition), decidimos pedalar at\u00e9 Alcuscar e comprar a\u00ed algo para tomarmos. Encontr\u00e1mos uma mercearia t\u00edpica de aldeia onde para al\u00e9m de bem atebdidos, fizemos as nossas compras para o pequeno almo\u00e7o por menos de 3 euros. Sent\u00e1mo-nos junto \u00e0 um fontan\u00e1rio onde tamb\u00e9m comiam duas polacas que estavam alojadas no mesmo albergue que n\u00f3s. Depois de uma breve explica\u00e7\u00e3o em ingl\u00eas do que \u00e9 o projecto Rumo a Santiago e da campanha para a Acreditar, seguimos viagem. Hoje decidimos fazer uma navega\u00e7\u00e3o por GPS orientada a etapas interm\u00e9dias. O simples facto de vermos os quil\u00f3metros que faltam chegarem \u00e0 marca dos 0 quil\u00f3metros t\u00e3o depressa age como um factor de motiva\u00e7\u00e3o. A verdade \u00e9 que a etapa correu lindamente e mesmo com o extremo calor n\u00e3o sentimos grandes dificuldades para chegar a Casar de C\u00e1ceres. Cheg\u00e1mos a Aldea del Cano por volta das 12h15 e embora hesitantes, opt\u00e1mos por continuar viagem e arriscar a nossa sorte para encontrar uma mercearia aberta em Valdesalor. Em boa hora que fizemos essa op\u00e7\u00e3o: n\u00e3o s\u00f3 encontr\u00e1mos uma simp\u00e1tica mercearia, como tamb\u00e9m encontr\u00e1mos o parque da vila que disp\u00f5e de relva e sombras. Foi a forma mais agrad\u00e1vel de fazer uma pausa para a digest\u00e3o e para evitar as horas de maior calor. Por volta das 15h45 seguimos viagem em direc\u00e7\u00e3o a C\u00e1ceres. Aqui foi uma aut\u00eantica odisseia para procurar um acess\u00f3rio que permita ligar um leitor de cart\u00f5es ao tablet com que escrevemos estas rubricas. S\u00f3 o conseguimos \u00e0 5a tentativa, numa loja de material electr\u00f3nico. Contudo, para nosso azar, a pe\u00e7a que compr\u00e1mos tem algum defeito e n\u00e3o funciona. Volt\u00e1mos, por isso, \u00e0 estaca zero no que toca a partilhar fotos. Com cerca de 2 horas desperdi\u00e7adas, seguimos viagem em direc\u00e7\u00e3o a Casar de C\u00e1ceres. O albergue fica numa zona central da vila, o que por um lado significa que foi f\u00e1cil encontr\u00e1-lo mas por outro lado torna imposs\u00edvel dormir com todo o ru\u00eddo que se faz ouvir. Vale o facto de ser um albergue gratuito que, tendo isso em considera\u00e7\u00e3o, tem boas condi\u00e7\u00f5es para o peregrino. Troc\u00e1mos algumas impress\u00f5es com um rapaz natural da Nicar\u00e1gua mas que vive na Alemanha desde os 3, bem como com um rapaz b\u00falgaro que se est\u00e1 a estrear nos Caminhos de Santiago e cuja travessia da Via de la Plata est\u00e1 a ser uma odisseia digna de filme. Logo numa das primeiras etapas perdeu-se de tal forma que deixou de perceber onde estava. Por cima, sob o calor extremo, ficou sem \u00e1gua. Nessa altura largou a mochila e partiu \u00e0 procura de ajuda. A verdade \u00e9 acabou por dormir ao relento nessa noite. E foi assim mais um dia Rumo a Santiago!<\/p>\n<div class=\"al2fb_like_button\"><div id=\"fb-root\"><\/div><script type=\"text\/javascript\">\n(function(d, s, id) {\n  var js, fjs = d.getElementsByTagName(s)[0];\n  if (d.getElementById(id)) return;\n  js = d.createElement(s); js.id = id;\n  js.src = \"\/\/connect.facebook.net\/pt_PT\/all.js#xfbml=1&appId=118672068213591\";\n  fjs.parentNode.insertBefore(js, fjs);\n}(document, \"script\", \"facebook-jssdk\"));\n<\/script>\n<fb:like href=\"https:\/\/www.rumoasantiago.com\/viadelaplata\/fim-da-etapa-4-30-de-julho\/\" layout=\"button_count\" show_faces=\"true\" share=\"false\" width=\"450\" action=\"like\" font=\"arial\" colorscheme=\"light\" ref=\"AL2FB\"><\/fb:like><\/div>","protected":false},"excerpt":{"rendered":"<p>Quase sem darmos por isso, termin\u00e1mos mais uma etapa. Desta vez o nosso road book fez-nos uma partida, pois a altimetria que realiz\u00e1mos ficou muito aqu\u00e9m do que t\u00ednhamos calculado no nosso trabalho de casa. Antes assim que ao contr\u00e1rio :). Como previsto, hoje levant\u00e1mo-nos bastante cedo. Inicialmente t\u00ednhamos previsto levantarmo-nos \u00e0s 7h, mas o [&hellip;]<\/p>\n","protected":false},"author":1,"featured_media":0,"comment_status":"open","ping_status":"open","sticky":false,"template":"","format":"standard","meta":[],"categories":[1,18,10],"tags":[],"yoast_head":"<!-- This site is optimized with the Yoast SEO plugin v20.10 - https:\/\/yoast.com\/wordpress\/plugins\/seo\/ -->\n<title>Fim da Etapa 4 - 30 de Julho - Via de la Plata<\/title>\n<meta name=\"robots\" content=\"index, follow, max-snippet:-1, max-image-preview:large, max-video-preview:-1\" \/>\n<link rel=\"canonical\" href=\"https:\/\/www.rumoasantiago.com\/viadelaplata\/fim-da-etapa-4-30-de-julho\/\" \/>\n<meta property=\"og:locale\" content=\"pt_PT\" \/>\n<meta property=\"og:type\" content=\"article\" \/>\n<meta property=\"og:title\" content=\"Fim da Etapa 4 - 30 de Julho - Via de la Plata\" \/>\n<meta property=\"og:description\" content=\"Quase sem darmos por isso, termin\u00e1mos mais uma etapa. Desta vez o nosso road book fez-nos uma partida, pois a altimetria que realiz\u00e1mos ficou muito aqu\u00e9m do que t\u00ednhamos calculado no nosso trabalho de casa. Antes assim que ao contr\u00e1rio :). Como previsto, hoje levant\u00e1mo-nos bastante cedo. Inicialmente t\u00ednhamos previsto levantarmo-nos \u00e0s 7h, mas o [&hellip;]\" \/>\n<meta property=\"og:url\" content=\"https:\/\/www.rumoasantiago.com\/viadelaplata\/fim-da-etapa-4-30-de-julho\/\" \/>\n<meta property=\"og:site_name\" content=\"Via de la Plata\" \/>\n<meta property=\"article:published_time\" content=\"2012-07-31T21:59:51+00:00\" \/>\n<meta name=\"author\" content=\"norberto\" \/>\n<meta name=\"twitter:card\" content=\"summary_large_image\" \/>\n<meta name=\"twitter:label1\" content=\"Escrito por\" \/>\n\t<meta name=\"twitter:data1\" content=\"norberto\" \/>\n\t<meta name=\"twitter:label2\" content=\"Tempo estimado de leitura\" \/>\n\t<meta name=\"twitter:data2\" content=\"3 minutos\" \/>\n<script type=\"application\/ld+json\" class=\"yoast-schema-graph\">{\"@context\":\"https:\/\/schema.org\",\"@graph\":[{\"@type\":\"WebPage\",\"@id\":\"https:\/\/www.rumoasantiago.com\/viadelaplata\/fim-da-etapa-4-30-de-julho\/\",\"url\":\"https:\/\/www.rumoasantiago.com\/viadelaplata\/fim-da-etapa-4-30-de-julho\/\",\"name\":\"Fim da Etapa 4 - 30 de Julho - Via de la Plata\",\"isPartOf\":{\"@id\":\"https:\/\/www.rumoasantiago.com\/viadelaplata\/#website\"},\"datePublished\":\"2012-07-31T21:59:51+00:00\",\"dateModified\":\"2012-07-31T21:59:51+00:00\",\"author\":{\"@id\":\"https:\/\/www.rumoasantiago.com\/viadelaplata\/#\/schema\/person\/72f32049b1b85d455e20c086d02608ee\"},\"breadcrumb\":{\"@id\":\"https:\/\/www.rumoasantiago.com\/viadelaplata\/fim-da-etapa-4-30-de-julho\/#breadcrumb\"},\"inLanguage\":\"pt-PT\",\"potentialAction\":[{\"@type\":\"ReadAction\",\"target\":[\"https:\/\/www.rumoasantiago.com\/viadelaplata\/fim-da-etapa-4-30-de-julho\/\"]}]},{\"@type\":\"BreadcrumbList\",\"@id\":\"https:\/\/www.rumoasantiago.com\/viadelaplata\/fim-da-etapa-4-30-de-julho\/#breadcrumb\",\"itemListElement\":[{\"@type\":\"ListItem\",\"position\":1,\"name\":\"Home\",\"item\":\"https:\/\/www.rumoasantiago.com\/viadelaplata\/\"},{\"@type\":\"ListItem\",\"position\":2,\"name\":\"Fim da Etapa 4 &#8211; 30 de Julho\"}]},{\"@type\":\"WebSite\",\"@id\":\"https:\/\/www.rumoasantiago.com\/viadelaplata\/#website\",\"url\":\"https:\/\/www.rumoasantiago.com\/viadelaplata\/\",\"name\":\"Via de la Plata\",\"description\":\"Travessia da Via de la Plata\",\"potentialAction\":[{\"@type\":\"SearchAction\",\"target\":{\"@type\":\"EntryPoint\",\"urlTemplate\":\"https:\/\/www.rumoasantiago.com\/viadelaplata\/?s={search_term_string}\"},\"query-input\":\"required name=search_term_string\"}],\"inLanguage\":\"pt-PT\"},{\"@type\":\"Person\",\"@id\":\"https:\/\/www.rumoasantiago.com\/viadelaplata\/#\/schema\/person\/72f32049b1b85d455e20c086d02608ee\",\"name\":\"norberto\",\"image\":{\"@type\":\"ImageObject\",\"inLanguage\":\"pt-PT\",\"@id\":\"https:\/\/www.rumoasantiago.com\/viadelaplata\/#\/schema\/person\/image\/\",\"url\":\"https:\/\/secure.gravatar.com\/avatar\/258e8e796306c4f0066b7a531bd3db2d?s=96&d=mm&r=g\",\"contentUrl\":\"https:\/\/secure.gravatar.com\/avatar\/258e8e796306c4f0066b7a531bd3db2d?s=96&d=mm&r=g\",\"caption\":\"norberto\"},\"url\":\"https:\/\/www.rumoasantiago.com\/viadelaplata\/author\/norberto\/\"}]}<\/script>\n<!-- \/ Yoast SEO plugin. -->","yoast_head_json":{"title":"Fim da Etapa 4 - 30 de Julho - Via de la Plata","robots":{"index":"index","follow":"follow","max-snippet":"max-snippet:-1","max-image-preview":"max-image-preview:large","max-video-preview":"max-video-preview:-1"},"canonical":"https:\/\/www.rumoasantiago.com\/viadelaplata\/fim-da-etapa-4-30-de-julho\/","og_locale":"pt_PT","og_type":"article","og_title":"Fim da Etapa 4 - 30 de Julho - Via de la Plata","og_description":"Quase sem darmos por isso, termin\u00e1mos mais uma etapa. Desta vez o nosso road book fez-nos uma partida, pois a altimetria que realiz\u00e1mos ficou muito aqu\u00e9m do que t\u00ednhamos calculado no nosso trabalho de casa. Antes assim que ao contr\u00e1rio :). Como previsto, hoje levant\u00e1mo-nos bastante cedo. Inicialmente t\u00ednhamos previsto levantarmo-nos \u00e0s 7h, mas o [&hellip;]","og_url":"https:\/\/www.rumoasantiago.com\/viadelaplata\/fim-da-etapa-4-30-de-julho\/","og_site_name":"Via de la Plata","article_published_time":"2012-07-31T21:59:51+00:00","author":"norberto","twitter_card":"summary_large_image","twitter_misc":{"Escrito por":"norberto","Tempo estimado de leitura":"3 minutos"},"schema":{"@context":"https:\/\/schema.org","@graph":[{"@type":"WebPage","@id":"https:\/\/www.rumoasantiago.com\/viadelaplata\/fim-da-etapa-4-30-de-julho\/","url":"https:\/\/www.rumoasantiago.com\/viadelaplata\/fim-da-etapa-4-30-de-julho\/","name":"Fim da Etapa 4 - 30 de Julho - Via de la Plata","isPartOf":{"@id":"https:\/\/www.rumoasantiago.com\/viadelaplata\/#website"},"datePublished":"2012-07-31T21:59:51+00:00","dateModified":"2012-07-31T21:59:51+00:00","author":{"@id":"https:\/\/www.rumoasantiago.com\/viadelaplata\/#\/schema\/person\/72f32049b1b85d455e20c086d02608ee"},"breadcrumb":{"@id":"https:\/\/www.rumoasantiago.com\/viadelaplata\/fim-da-etapa-4-30-de-julho\/#breadcrumb"},"inLanguage":"pt-PT","potentialAction":[{"@type":"ReadAction","target":["https:\/\/www.rumoasantiago.com\/viadelaplata\/fim-da-etapa-4-30-de-julho\/"]}]},{"@type":"BreadcrumbList","@id":"https:\/\/www.rumoasantiago.com\/viadelaplata\/fim-da-etapa-4-30-de-julho\/#breadcrumb","itemListElement":[{"@type":"ListItem","position":1,"name":"Home","item":"https:\/\/www.rumoasantiago.com\/viadelaplata\/"},{"@type":"ListItem","position":2,"name":"Fim da Etapa 4 &#8211; 30 de Julho"}]},{"@type":"WebSite","@id":"https:\/\/www.rumoasantiago.com\/viadelaplata\/#website","url":"https:\/\/www.rumoasantiago.com\/viadelaplata\/","name":"Via de la Plata","description":"Travessia da Via de la Plata","potentialAction":[{"@type":"SearchAction","target":{"@type":"EntryPoint","urlTemplate":"https:\/\/www.rumoasantiago.com\/viadelaplata\/?s={search_term_string}"},"query-input":"required name=search_term_string"}],"inLanguage":"pt-PT"},{"@type":"Person","@id":"https:\/\/www.rumoasantiago.com\/viadelaplata\/#\/schema\/person\/72f32049b1b85d455e20c086d02608ee","name":"norberto","image":{"@type":"ImageObject","inLanguage":"pt-PT","@id":"https:\/\/www.rumoasantiago.com\/viadelaplata\/#\/schema\/person\/image\/","url":"https:\/\/secure.gravatar.com\/avatar\/258e8e796306c4f0066b7a531bd3db2d?s=96&d=mm&r=g","contentUrl":"https:\/\/secure.gravatar.com\/avatar\/258e8e796306c4f0066b7a531bd3db2d?s=96&d=mm&r=g","caption":"norberto"},"url":"https:\/\/www.rumoasantiago.com\/viadelaplata\/author\/norberto\/"}]}},"publishpress_future_action":{"enabled":false,"date":"0","action":"","terms":[],"taxonomy":""},"_links":{"self":[{"href":"https:\/\/www.rumoasantiago.com\/viadelaplata\/wp-json\/wp\/v2\/posts\/359"}],"collection":[{"href":"https:\/\/www.rumoasantiago.com\/viadelaplata\/wp-json\/wp\/v2\/posts"}],"about":[{"href":"https:\/\/www.rumoasantiago.com\/viadelaplata\/wp-json\/wp\/v2\/types\/post"}],"author":[{"embeddable":true,"href":"https:\/\/www.rumoasantiago.com\/viadelaplata\/wp-json\/wp\/v2\/users\/1"}],"replies":[{"embeddable":true,"href":"https:\/\/www.rumoasantiago.com\/viadelaplata\/wp-json\/wp\/v2\/comments?post=359"}],"version-history":[{"count":1,"href":"https:\/\/www.rumoasantiago.com\/viadelaplata\/wp-json\/wp\/v2\/posts\/359\/revisions"}],"predecessor-version":[{"id":360,"href":"https:\/\/www.rumoasantiago.com\/viadelaplata\/wp-json\/wp\/v2\/posts\/359\/revisions\/360"}],"wp:attachment":[{"href":"https:\/\/www.rumoasantiago.com\/viadelaplata\/wp-json\/wp\/v2\/media?parent=359"}],"wp:term":[{"taxonomy":"category","embeddable":true,"href":"https:\/\/www.rumoasantiago.com\/viadelaplata\/wp-json\/wp\/v2\/categories?post=359"},{"taxonomy":"post_tag","embeddable":true,"href":"https:\/\/www.rumoasantiago.com\/viadelaplata\/wp-json\/wp\/v2\/tags?post=359"}],"curies":[{"name":"wp","href":"https:\/\/api.w.org\/{rel}","templated":true}]}}