{"id":357,"date":"2012-07-29T16:49:34","date_gmt":"2012-07-29T16:49:34","guid":{"rendered":"http:\/\/www.rumoasantiago.com\/viadelaplata\/?p=357"},"modified":"2012-07-29T16:49:34","modified_gmt":"2012-07-29T16:49:34","slug":"etapa-3-concluida","status":"publish","type":"post","link":"https:\/\/www.rumoasantiago.com\/viadelaplata\/etapa-3-concluida\/","title":{"rendered":"Etapa 3 conclu\u00edda"},"content":{"rendered":"<p>A etapa de hoje foi, como previsto, muito rolante. A altimetria j\u00e1 deixava adivinhar este tipo de progress\u00e3o, que viemos a confirmar.<br \/>\nO dia come\u00e7ou bem cedo, com o despertador a tocar por volta das 7h da manh\u00e3. O pequeno almo\u00e7o j\u00e1 estava servido, pelo que trat\u00e1mos de matar a fome com as torradas e o leite \u00e0 disposi\u00e7\u00e3o. O Fraz\u00e3o, que n\u00e3o ficou satisfeito com as 2 torradas servidas, acabou por fazer uma pequena pesquisa pelos arm\u00e1rios da cozinha \u00e0 procura de mais p\u00e3o, sendo que foi bem sucedido :).<br \/>\nCom o tempo bastante folgado, prepar\u00e1mo-nos com bastante calma, recolhemos a roupa que t\u00ednhamos deixado a secar, limp\u00e1mos e lubrific\u00e1mos as bicicletas e por volta das 9h j\u00e1 est\u00e1vamos a pedalar.<br \/>\nO perfil da etapa de hoje era tendencialmente descendente. As poucas subidas que fizemos eram ou curtas e relativamente inclinadas, ou longas e com pouca inclina\u00e7\u00e3o. Foi a meio de uma das subidas que encontr\u00e1mos um grupo de 4 pessoas que estavam a fazer um passeio de btt. \u00c9 curioso que sempre que vemos algu\u00e9m de bicicleta, pensamos sempre que \u00e9 mais algu\u00e9m que est\u00e1 a fazer a Via de la Plata, mas temos de nos lembrar que por aqui tamb\u00e9m se faz btt &#8220;normal&#8221; :).<br \/>\nRol\u00e1mos uns bons quil\u00f3metros at\u00e9 encontrarmos dois btt&#8217;istas que vinham na direc\u00e7\u00e3o contr\u00e1ria \u00e0 nossa. R\u00e1pido nos perguntaram se est\u00e1vamos a fazer a Via de la Plata \u00e9 ap\u00f3s a nossa resposta um deles rapidamente anunciou um hostal de um familiar de um amigo que ficava na localidade seguinte :).<br \/>\nSeguimos viagem at\u00e9 passarmos por Villafranca de los Barros, uma vila simp\u00e1tica onde aproveit\u00e1mos para fazer algumas fotografias. Umas quantas voltas depois est\u00e1vamos j\u00e1 fora da localidade.<br \/>\nA paisagem de hoje impressionou pela imensid\u00e3o das vinhas. A zona da Extremadura \u00e9 tamb\u00e9m conhecida pela sua produ\u00e7\u00e3o de vinho e as dezenas de quil\u00f3metros que percorremos sem deixar de ter o caminho ladeado por vi\u00e7osas e verdejantes vinhas deu para perceber que a fama n\u00e3o \u00e9 \u00e0 toa.<br \/>\nEram cerca de 12h quando cheg\u00e1mos \u00e0 localidade de Torremejia. Com o pequeno almo\u00e7o t\u00e3o cedo, j\u00e1 se fazia sentir alguma fome. Por isso procur\u00e1mos uma padaria que estivesse aberta e trat\u00e1mos de comprar algum p\u00e3o e chouri\u00e7o para um refor\u00e7o \u00e0 moda antiga :). Para sobremesa compr\u00e1mos alguns biscoitos de v\u00e1rias receitas diferentes, influenciados pelos biscoitos que a senhora da padaria nos deu a provar :). Sent\u00e1mo-nos para comer num passeio alto, na sombra, onde uns senhores idosos comentavam a actualidade da terra local :).<br \/>\nCom o est\u00f4mago j\u00e1 satisfeito, fizemo-nos aos restantes 15 quil\u00f3metros. Sempre a rolar, cheg\u00e1mos a M\u00e9rida uns 40 minutos depois.<br \/>\nEncontr\u00e1mos facilmente o albergue, que fica mesmo por cima de um dos canais do Guadiana (este rio banha a cidade). Trata-se de um albergue municipal constru\u00eddo num antigo mo\u00ednho de \u00e1gua. Fomos muito bem recebidos pelo hospitaleiro, que com simpatia l\u00e1 fez umas gra\u00e7olas em rela\u00e7\u00e3o \u00e0s nossas bicicletas perguntando-nos se \u00e9ramos irm\u00e3os, por serem iguais.<br \/>\nTom\u00e1mos um reconfortante banho e os minutos que t\u00ednhamos decidido dedicar a um curto relaxe antes de visitar M\u00e9rida transformaram-se numa sesta de quase 3 horas :).<br \/>\nPor ser domingo, a maior parte do com\u00e9rcio est\u00e1 fechada. Isso significa que ainda n\u00e3o foi hoje que encontr\u00e1mos um local para comprar o adaptador USB que nos falta para aceder \u00e0s fotos. Ainda procur\u00e1mos uma loja dos chineses, mas pelos vistos nem este com\u00e9rcio funciona ao domingo. Amanh\u00e3 teremos certamente mais sorte em C\u00e1ceres.<br \/>\nPara j\u00e1, ap\u00f3s um belo gelado artesanal que comemos numa gelataria da zona, resta-nos fazer algum tempo para irmos jantar. E com a cr\u00f3nica escrita, ser\u00e1 uma boa noite para descansar por bastantes horas :).<br \/>\nAt\u00e9 amanh\u00e3 a todos e Bom Caminho, onde quer que estejam!<\/p>\n<div class=\"al2fb_like_button\"><div id=\"fb-root\"><\/div><script type=\"text\/javascript\">\n(function(d, s, id) {\n  var js, fjs = d.getElementsByTagName(s)[0];\n  if (d.getElementById(id)) return;\n  js = d.createElement(s); js.id = id;\n  js.src = \"\/\/connect.facebook.net\/pt_PT\/all.js#xfbml=1&appId=118672068213591\";\n  fjs.parentNode.insertBefore(js, fjs);\n}(document, \"script\", \"facebook-jssdk\"));\n<\/script>\n<fb:like href=\"https:\/\/www.rumoasantiago.com\/viadelaplata\/etapa-3-concluida\/\" layout=\"button_count\" show_faces=\"true\" share=\"false\" width=\"450\" action=\"like\" font=\"arial\" colorscheme=\"light\" ref=\"AL2FB\"><\/fb:like><\/div>","protected":false},"excerpt":{"rendered":"<p>A etapa de hoje foi, como previsto, muito rolante. A altimetria j\u00e1 deixava adivinhar este tipo de progress\u00e3o, que viemos a confirmar. O dia come\u00e7ou bem cedo, com o despertador a tocar por volta das 7h da manh\u00e3. O pequeno almo\u00e7o j\u00e1 estava servido, pelo que trat\u00e1mos de matar a fome com as torradas e [&hellip;]<\/p>\n","protected":false},"author":1,"featured_media":0,"comment_status":"open","ping_status":"open","sticky":false,"template":"","format":"standard","meta":[],"categories":[1,18,10],"tags":[],"yoast_head":"<!-- This site is optimized with the Yoast SEO plugin v20.10 - https:\/\/yoast.com\/wordpress\/plugins\/seo\/ -->\n<title>Etapa 3 conclu\u00edda - Via de la Plata<\/title>\n<meta name=\"robots\" content=\"index, follow, max-snippet:-1, max-image-preview:large, max-video-preview:-1\" \/>\n<link rel=\"canonical\" href=\"https:\/\/www.rumoasantiago.com\/viadelaplata\/etapa-3-concluida\/\" \/>\n<meta property=\"og:locale\" content=\"pt_PT\" \/>\n<meta property=\"og:type\" content=\"article\" \/>\n<meta property=\"og:title\" content=\"Etapa 3 conclu\u00edda - Via de la Plata\" \/>\n<meta property=\"og:description\" content=\"A etapa de hoje foi, como previsto, muito rolante. A altimetria j\u00e1 deixava adivinhar este tipo de progress\u00e3o, que viemos a confirmar. O dia come\u00e7ou bem cedo, com o despertador a tocar por volta das 7h da manh\u00e3. O pequeno almo\u00e7o j\u00e1 estava servido, pelo que trat\u00e1mos de matar a fome com as torradas e [&hellip;]\" \/>\n<meta property=\"og:url\" content=\"https:\/\/www.rumoasantiago.com\/viadelaplata\/etapa-3-concluida\/\" \/>\n<meta property=\"og:site_name\" content=\"Via de la Plata\" \/>\n<meta property=\"article:published_time\" content=\"2012-07-29T16:49:34+00:00\" \/>\n<meta name=\"author\" content=\"norberto\" \/>\n<meta name=\"twitter:card\" content=\"summary_large_image\" \/>\n<meta name=\"twitter:label1\" content=\"Escrito por\" \/>\n\t<meta name=\"twitter:data1\" content=\"norberto\" \/>\n\t<meta name=\"twitter:label2\" content=\"Tempo estimado de leitura\" \/>\n\t<meta name=\"twitter:data2\" content=\"3 minutos\" \/>\n<script type=\"application\/ld+json\" class=\"yoast-schema-graph\">{\"@context\":\"https:\/\/schema.org\",\"@graph\":[{\"@type\":\"WebPage\",\"@id\":\"https:\/\/www.rumoasantiago.com\/viadelaplata\/etapa-3-concluida\/\",\"url\":\"https:\/\/www.rumoasantiago.com\/viadelaplata\/etapa-3-concluida\/\",\"name\":\"Etapa 3 conclu\u00edda - Via de la Plata\",\"isPartOf\":{\"@id\":\"https:\/\/www.rumoasantiago.com\/viadelaplata\/#website\"},\"datePublished\":\"2012-07-29T16:49:34+00:00\",\"dateModified\":\"2012-07-29T16:49:34+00:00\",\"author\":{\"@id\":\"https:\/\/www.rumoasantiago.com\/viadelaplata\/#\/schema\/person\/72f32049b1b85d455e20c086d02608ee\"},\"breadcrumb\":{\"@id\":\"https:\/\/www.rumoasantiago.com\/viadelaplata\/etapa-3-concluida\/#breadcrumb\"},\"inLanguage\":\"pt-PT\",\"potentialAction\":[{\"@type\":\"ReadAction\",\"target\":[\"https:\/\/www.rumoasantiago.com\/viadelaplata\/etapa-3-concluida\/\"]}]},{\"@type\":\"BreadcrumbList\",\"@id\":\"https:\/\/www.rumoasantiago.com\/viadelaplata\/etapa-3-concluida\/#breadcrumb\",\"itemListElement\":[{\"@type\":\"ListItem\",\"position\":1,\"name\":\"Home\",\"item\":\"https:\/\/www.rumoasantiago.com\/viadelaplata\/\"},{\"@type\":\"ListItem\",\"position\":2,\"name\":\"Etapa 3 conclu\u00edda\"}]},{\"@type\":\"WebSite\",\"@id\":\"https:\/\/www.rumoasantiago.com\/viadelaplata\/#website\",\"url\":\"https:\/\/www.rumoasantiago.com\/viadelaplata\/\",\"name\":\"Via de la Plata\",\"description\":\"Travessia da Via de la Plata\",\"potentialAction\":[{\"@type\":\"SearchAction\",\"target\":{\"@type\":\"EntryPoint\",\"urlTemplate\":\"https:\/\/www.rumoasantiago.com\/viadelaplata\/?s={search_term_string}\"},\"query-input\":\"required name=search_term_string\"}],\"inLanguage\":\"pt-PT\"},{\"@type\":\"Person\",\"@id\":\"https:\/\/www.rumoasantiago.com\/viadelaplata\/#\/schema\/person\/72f32049b1b85d455e20c086d02608ee\",\"name\":\"norberto\",\"image\":{\"@type\":\"ImageObject\",\"inLanguage\":\"pt-PT\",\"@id\":\"https:\/\/www.rumoasantiago.com\/viadelaplata\/#\/schema\/person\/image\/\",\"url\":\"https:\/\/secure.gravatar.com\/avatar\/258e8e796306c4f0066b7a531bd3db2d?s=96&d=mm&r=g\",\"contentUrl\":\"https:\/\/secure.gravatar.com\/avatar\/258e8e796306c4f0066b7a531bd3db2d?s=96&d=mm&r=g\",\"caption\":\"norberto\"},\"url\":\"https:\/\/www.rumoasantiago.com\/viadelaplata\/author\/norberto\/\"}]}<\/script>\n<!-- \/ Yoast SEO plugin. -->","yoast_head_json":{"title":"Etapa 3 conclu\u00edda - Via de la Plata","robots":{"index":"index","follow":"follow","max-snippet":"max-snippet:-1","max-image-preview":"max-image-preview:large","max-video-preview":"max-video-preview:-1"},"canonical":"https:\/\/www.rumoasantiago.com\/viadelaplata\/etapa-3-concluida\/","og_locale":"pt_PT","og_type":"article","og_title":"Etapa 3 conclu\u00edda - Via de la Plata","og_description":"A etapa de hoje foi, como previsto, muito rolante. A altimetria j\u00e1 deixava adivinhar este tipo de progress\u00e3o, que viemos a confirmar. O dia come\u00e7ou bem cedo, com o despertador a tocar por volta das 7h da manh\u00e3. O pequeno almo\u00e7o j\u00e1 estava servido, pelo que trat\u00e1mos de matar a fome com as torradas e [&hellip;]","og_url":"https:\/\/www.rumoasantiago.com\/viadelaplata\/etapa-3-concluida\/","og_site_name":"Via de la Plata","article_published_time":"2012-07-29T16:49:34+00:00","author":"norberto","twitter_card":"summary_large_image","twitter_misc":{"Escrito por":"norberto","Tempo estimado de leitura":"3 minutos"},"schema":{"@context":"https:\/\/schema.org","@graph":[{"@type":"WebPage","@id":"https:\/\/www.rumoasantiago.com\/viadelaplata\/etapa-3-concluida\/","url":"https:\/\/www.rumoasantiago.com\/viadelaplata\/etapa-3-concluida\/","name":"Etapa 3 conclu\u00edda - Via de la Plata","isPartOf":{"@id":"https:\/\/www.rumoasantiago.com\/viadelaplata\/#website"},"datePublished":"2012-07-29T16:49:34+00:00","dateModified":"2012-07-29T16:49:34+00:00","author":{"@id":"https:\/\/www.rumoasantiago.com\/viadelaplata\/#\/schema\/person\/72f32049b1b85d455e20c086d02608ee"},"breadcrumb":{"@id":"https:\/\/www.rumoasantiago.com\/viadelaplata\/etapa-3-concluida\/#breadcrumb"},"inLanguage":"pt-PT","potentialAction":[{"@type":"ReadAction","target":["https:\/\/www.rumoasantiago.com\/viadelaplata\/etapa-3-concluida\/"]}]},{"@type":"BreadcrumbList","@id":"https:\/\/www.rumoasantiago.com\/viadelaplata\/etapa-3-concluida\/#breadcrumb","itemListElement":[{"@type":"ListItem","position":1,"name":"Home","item":"https:\/\/www.rumoasantiago.com\/viadelaplata\/"},{"@type":"ListItem","position":2,"name":"Etapa 3 conclu\u00edda"}]},{"@type":"WebSite","@id":"https:\/\/www.rumoasantiago.com\/viadelaplata\/#website","url":"https:\/\/www.rumoasantiago.com\/viadelaplata\/","name":"Via de la Plata","description":"Travessia da Via de la Plata","potentialAction":[{"@type":"SearchAction","target":{"@type":"EntryPoint","urlTemplate":"https:\/\/www.rumoasantiago.com\/viadelaplata\/?s={search_term_string}"},"query-input":"required name=search_term_string"}],"inLanguage":"pt-PT"},{"@type":"Person","@id":"https:\/\/www.rumoasantiago.com\/viadelaplata\/#\/schema\/person\/72f32049b1b85d455e20c086d02608ee","name":"norberto","image":{"@type":"ImageObject","inLanguage":"pt-PT","@id":"https:\/\/www.rumoasantiago.com\/viadelaplata\/#\/schema\/person\/image\/","url":"https:\/\/secure.gravatar.com\/avatar\/258e8e796306c4f0066b7a531bd3db2d?s=96&d=mm&r=g","contentUrl":"https:\/\/secure.gravatar.com\/avatar\/258e8e796306c4f0066b7a531bd3db2d?s=96&d=mm&r=g","caption":"norberto"},"url":"https:\/\/www.rumoasantiago.com\/viadelaplata\/author\/norberto\/"}]}},"publishpress_future_action":{"enabled":false,"date":"0","action":"","terms":[],"taxonomy":""},"_links":{"self":[{"href":"https:\/\/www.rumoasantiago.com\/viadelaplata\/wp-json\/wp\/v2\/posts\/357"}],"collection":[{"href":"https:\/\/www.rumoasantiago.com\/viadelaplata\/wp-json\/wp\/v2\/posts"}],"about":[{"href":"https:\/\/www.rumoasantiago.com\/viadelaplata\/wp-json\/wp\/v2\/types\/post"}],"author":[{"embeddable":true,"href":"https:\/\/www.rumoasantiago.com\/viadelaplata\/wp-json\/wp\/v2\/users\/1"}],"replies":[{"embeddable":true,"href":"https:\/\/www.rumoasantiago.com\/viadelaplata\/wp-json\/wp\/v2\/comments?post=357"}],"version-history":[{"count":1,"href":"https:\/\/www.rumoasantiago.com\/viadelaplata\/wp-json\/wp\/v2\/posts\/357\/revisions"}],"predecessor-version":[{"id":358,"href":"https:\/\/www.rumoasantiago.com\/viadelaplata\/wp-json\/wp\/v2\/posts\/357\/revisions\/358"}],"wp:attachment":[{"href":"https:\/\/www.rumoasantiago.com\/viadelaplata\/wp-json\/wp\/v2\/media?parent=357"}],"wp:term":[{"taxonomy":"category","embeddable":true,"href":"https:\/\/www.rumoasantiago.com\/viadelaplata\/wp-json\/wp\/v2\/categories?post=357"},{"taxonomy":"post_tag","embeddable":true,"href":"https:\/\/www.rumoasantiago.com\/viadelaplata\/wp-json\/wp\/v2\/tags?post=357"}],"curies":[{"name":"wp","href":"https:\/\/api.w.org\/{rel}","templated":true}]}}