{"id":355,"date":"2012-07-28T22:46:40","date_gmt":"2012-07-28T22:46:40","guid":{"rendered":"http:\/\/www.rumoasantiago.com\/viadelaplata\/?p=355"},"modified":"2012-07-28T22:46:40","modified_gmt":"2012-07-28T22:46:40","slug":"etapa-2-concluida","status":"publish","type":"post","link":"https:\/\/www.rumoasantiago.com\/viadelaplata\/etapa-2-concluida\/","title":{"rendered":"Etapa 2 conclu\u00edda"},"content":{"rendered":"<p>Hoje foi dia de enfrentarmos uma etapa de 80 km com cerca de 1300 metros de acumulado. Nada melhor para abordar este desafio do que&#8230; deixarmo-nos dormir de manh\u00e3! Acord\u00e1mos por volta das 9h30 e ap\u00f3s o que \u00e9 normal fazer pela manh\u00e3 e conversar um pouco com a simp\u00e1tica hospitaleira N\u00faria, fomos procurar um local para tomar o pequeno almo\u00e7o.<br \/>\nEram cerca de 11h30 da manh\u00e3, quando efectivamente sa\u00edmos de Almaden de la Plata, pelo que era certo que o calor iria ser um grande obst\u00e1culo a ultrapassar.<br \/>\nCome\u00e7\u00e1mos logo com um empeno de subida que deve ser da fam\u00edlia da subida final da etapa 1. Pelo meio encontr\u00e1mos um caminhante espanhol que est\u00e1 a fazer uma grande rota pedestre cujo percurso \u00e9 partilhado, em parte, com a Via de la Plata.<br \/>\nSe tivesse de dar uma alcunha \u00e0 etapa de hoje, seria a Etapa Pecu\u00e1ria. A maior parte do percurso de hoje passou por terrenos privados com explora\u00e7\u00f5es pecu\u00e1rias. Para al\u00e9m do constante abrir e fechar de cancelas e port\u00f5es, pass\u00e1mos ao lado (nalguns casos pelo meio) de vacas, ovelhas, cabras, cavalos e at\u00e9 porcos. Estes \u00faltimos ser\u00e3o, provavelmente, dignos de tratamento especial, dado que os currais ao ar livre (que na realidade s\u00e3o por\u00e7\u00f5es de alguns milhares de metros quadrados de terreno vedado) disp\u00f5em de verdadeiros Jacuzzis naturais onde os animais se refastelam e fazem o que melhor sabem fazer: porcaria :).<br \/>\nFizemos os primeiros 30 a um ritmo certinho, pouco acelerado, e cheg\u00e1mos a Monasterio por volta das 15h. Reencontr\u00e1mos um dos dois peregrinos que estavam alojados no albergue de Almaden. Para quem est\u00e1 a fazer o caminho a p\u00e9, est\u00e1 a fazer um ritmo impressionante!<br \/>\nAp\u00f3s encontrarmos um local adequado para comer algo, comemos uma bela sandes de um enchido parecido com presunto e ap\u00f3s um descanso de 30 minutos, seguimos viagem.<br \/>\nMonasterio est\u00e1 localizada no nosso ponto mais alto da etapa de hoje, pelo que o restante percurso foi feito com relativa facilidade em termos de inclina\u00e7\u00e3o do terreno. O que nos ofereceu grande resist\u00eancia foi mesmo o calor e o ar extremamente seco que se faz sentir nas extensas paisagens \u00e1ridas por onde pass\u00e1mos hoje. N\u00e3o \u00e9 \u00e0 toa que hoje bebemos cerca de 6 litros de \u00e1gua cada um. Feitas as contas, se o ritmo de consumo de \u00e1gua se mantiver assim at\u00e9 ao fim, quando terminarmos a viagem teremos bebido o equivalente a mais do que o nosso peso em \u00e1gua!<br \/>\nCheg\u00e1mos a Zafra, onde pernoitamos esta noite. O albergue de hoje (albergue municipal) tem tamb\u00e9m condi\u00e7\u00f5es fant\u00e1sticas. A constru\u00e7\u00e3o (pelo menos interior) parece ser recente e tem instala\u00e7\u00f5es acima da m\u00e9dia.<br \/>\n\u00c0 semelhan\u00e7a de ontem, hoje temos tamb\u00e9m apenas dois peregrinos hospedados no albergue, para al\u00e9m de n\u00f3s os dois. Temos mais uma vez um quarto \u00e0 nossa disposi\u00e7\u00e3o, pelo que tirando o calor que se faz sentir, estamos bastante confort\u00e1veis nos beliches.<br \/>\nA Via de la Plata \u00e9, sem d\u00favida, um caminho de inverno ou primavera, conforme nos confidenciou uma senhora idosa com quem convers\u00e1mos numa localidade interm\u00e9dia enquanto recarreg\u00e1vamos o camelbak com \u00e1gua que um habitante local nos disponibilizou.<br \/>\nUma paisagem bastante des\u00e9rtica, com bastantes estrad\u00f5es e um ou outro trilho mais divertido, esta foi mais uma etapa sem especial interesse paisag\u00edstico. O facto de termos passado t\u00e3o perto de muitos animais foi engra\u00e7ado e tornou a etapa um pouco mais divertida.<br \/>\nAmanh\u00e3 h\u00e1 mais. Ser\u00e1 uma etapa para descansar, com apenas 65 km e um acumulado de subida de pouco mais de 600 metros. Como o pequeno almo\u00e7o aqui vai ser \u00e0s 7h da manh\u00e3, temos pelo menos a certeza que iremos iniciar a etapa bem mais cedo que as anteriores. Como dizem que M\u00e9rida \u00e9 muito bonita, vem mesmo a calhar! <\/p>\n<p>Ainda n\u00e3o \u00e9 hoje que podemos partilhar fotos convosco, mas esperamos resolver esse pormenor amanh\u00e3. <\/p>\n<p>Entretanto recordo que a campanha para a Acreditar continua em vigor, pelo que convido todos a visitarem o link www.rumoasantiago.com\/apoiar e a participarem.<br \/>\nAt\u00e9 amanh\u00e3, que agora \u00e9 o momento de ir descansar!<\/p>\n<div class=\"al2fb_like_button\"><div id=\"fb-root\"><\/div><script type=\"text\/javascript\">\n(function(d, s, id) {\n  var js, fjs = d.getElementsByTagName(s)[0];\n  if (d.getElementById(id)) return;\n  js = d.createElement(s); js.id = id;\n  js.src = \"\/\/connect.facebook.net\/pt_PT\/all.js#xfbml=1&appId=118672068213591\";\n  fjs.parentNode.insertBefore(js, fjs);\n}(document, \"script\", \"facebook-jssdk\"));\n<\/script>\n<fb:like href=\"https:\/\/www.rumoasantiago.com\/viadelaplata\/etapa-2-concluida\/\" layout=\"button_count\" show_faces=\"true\" share=\"false\" width=\"450\" action=\"like\" font=\"arial\" colorscheme=\"light\" ref=\"AL2FB\"><\/fb:like><\/div>","protected":false},"excerpt":{"rendered":"<p>Hoje foi dia de enfrentarmos uma etapa de 80 km com cerca de 1300 metros de acumulado. Nada melhor para abordar este desafio do que&#8230; deixarmo-nos dormir de manh\u00e3! Acord\u00e1mos por volta das 9h30 e ap\u00f3s o que \u00e9 normal fazer pela manh\u00e3 e conversar um pouco com a simp\u00e1tica hospitaleira N\u00faria, fomos procurar um [&hellip;]<\/p>\n","protected":false},"author":1,"featured_media":0,"comment_status":"open","ping_status":"open","sticky":false,"template":"","format":"standard","meta":[],"categories":[1,18,10],"tags":[],"yoast_head":"<!-- This site is optimized with the Yoast SEO plugin v20.10 - https:\/\/yoast.com\/wordpress\/plugins\/seo\/ -->\n<title>Etapa 2 conclu\u00edda - Via de la Plata<\/title>\n<meta name=\"robots\" content=\"index, follow, max-snippet:-1, max-image-preview:large, max-video-preview:-1\" \/>\n<link rel=\"canonical\" href=\"https:\/\/www.rumoasantiago.com\/viadelaplata\/etapa-2-concluida\/\" \/>\n<meta property=\"og:locale\" content=\"pt_PT\" \/>\n<meta property=\"og:type\" content=\"article\" \/>\n<meta property=\"og:title\" content=\"Etapa 2 conclu\u00edda - Via de la Plata\" \/>\n<meta property=\"og:description\" content=\"Hoje foi dia de enfrentarmos uma etapa de 80 km com cerca de 1300 metros de acumulado. Nada melhor para abordar este desafio do que&#8230; deixarmo-nos dormir de manh\u00e3! Acord\u00e1mos por volta das 9h30 e ap\u00f3s o que \u00e9 normal fazer pela manh\u00e3 e conversar um pouco com a simp\u00e1tica hospitaleira N\u00faria, fomos procurar um [&hellip;]\" \/>\n<meta property=\"og:url\" content=\"https:\/\/www.rumoasantiago.com\/viadelaplata\/etapa-2-concluida\/\" \/>\n<meta property=\"og:site_name\" content=\"Via de la Plata\" \/>\n<meta property=\"article:published_time\" content=\"2012-07-28T22:46:40+00:00\" \/>\n<meta name=\"author\" content=\"norberto\" \/>\n<meta name=\"twitter:card\" content=\"summary_large_image\" \/>\n<meta name=\"twitter:label1\" content=\"Escrito por\" \/>\n\t<meta name=\"twitter:data1\" content=\"norberto\" \/>\n\t<meta name=\"twitter:label2\" content=\"Tempo estimado de leitura\" \/>\n\t<meta name=\"twitter:data2\" content=\"4 minutos\" \/>\n<script type=\"application\/ld+json\" class=\"yoast-schema-graph\">{\"@context\":\"https:\/\/schema.org\",\"@graph\":[{\"@type\":\"WebPage\",\"@id\":\"https:\/\/www.rumoasantiago.com\/viadelaplata\/etapa-2-concluida\/\",\"url\":\"https:\/\/www.rumoasantiago.com\/viadelaplata\/etapa-2-concluida\/\",\"name\":\"Etapa 2 conclu\u00edda - Via de la Plata\",\"isPartOf\":{\"@id\":\"https:\/\/www.rumoasantiago.com\/viadelaplata\/#website\"},\"datePublished\":\"2012-07-28T22:46:40+00:00\",\"dateModified\":\"2012-07-28T22:46:40+00:00\",\"author\":{\"@id\":\"https:\/\/www.rumoasantiago.com\/viadelaplata\/#\/schema\/person\/72f32049b1b85d455e20c086d02608ee\"},\"breadcrumb\":{\"@id\":\"https:\/\/www.rumoasantiago.com\/viadelaplata\/etapa-2-concluida\/#breadcrumb\"},\"inLanguage\":\"pt-PT\",\"potentialAction\":[{\"@type\":\"ReadAction\",\"target\":[\"https:\/\/www.rumoasantiago.com\/viadelaplata\/etapa-2-concluida\/\"]}]},{\"@type\":\"BreadcrumbList\",\"@id\":\"https:\/\/www.rumoasantiago.com\/viadelaplata\/etapa-2-concluida\/#breadcrumb\",\"itemListElement\":[{\"@type\":\"ListItem\",\"position\":1,\"name\":\"Home\",\"item\":\"https:\/\/www.rumoasantiago.com\/viadelaplata\/\"},{\"@type\":\"ListItem\",\"position\":2,\"name\":\"Etapa 2 conclu\u00edda\"}]},{\"@type\":\"WebSite\",\"@id\":\"https:\/\/www.rumoasantiago.com\/viadelaplata\/#website\",\"url\":\"https:\/\/www.rumoasantiago.com\/viadelaplata\/\",\"name\":\"Via de la Plata\",\"description\":\"Travessia da Via de la Plata\",\"potentialAction\":[{\"@type\":\"SearchAction\",\"target\":{\"@type\":\"EntryPoint\",\"urlTemplate\":\"https:\/\/www.rumoasantiago.com\/viadelaplata\/?s={search_term_string}\"},\"query-input\":\"required name=search_term_string\"}],\"inLanguage\":\"pt-PT\"},{\"@type\":\"Person\",\"@id\":\"https:\/\/www.rumoasantiago.com\/viadelaplata\/#\/schema\/person\/72f32049b1b85d455e20c086d02608ee\",\"name\":\"norberto\",\"image\":{\"@type\":\"ImageObject\",\"inLanguage\":\"pt-PT\",\"@id\":\"https:\/\/www.rumoasantiago.com\/viadelaplata\/#\/schema\/person\/image\/\",\"url\":\"https:\/\/secure.gravatar.com\/avatar\/258e8e796306c4f0066b7a531bd3db2d?s=96&d=mm&r=g\",\"contentUrl\":\"https:\/\/secure.gravatar.com\/avatar\/258e8e796306c4f0066b7a531bd3db2d?s=96&d=mm&r=g\",\"caption\":\"norberto\"},\"url\":\"https:\/\/www.rumoasantiago.com\/viadelaplata\/author\/norberto\/\"}]}<\/script>\n<!-- \/ Yoast SEO plugin. -->","yoast_head_json":{"title":"Etapa 2 conclu\u00edda - Via de la Plata","robots":{"index":"index","follow":"follow","max-snippet":"max-snippet:-1","max-image-preview":"max-image-preview:large","max-video-preview":"max-video-preview:-1"},"canonical":"https:\/\/www.rumoasantiago.com\/viadelaplata\/etapa-2-concluida\/","og_locale":"pt_PT","og_type":"article","og_title":"Etapa 2 conclu\u00edda - Via de la Plata","og_description":"Hoje foi dia de enfrentarmos uma etapa de 80 km com cerca de 1300 metros de acumulado. Nada melhor para abordar este desafio do que&#8230; deixarmo-nos dormir de manh\u00e3! Acord\u00e1mos por volta das 9h30 e ap\u00f3s o que \u00e9 normal fazer pela manh\u00e3 e conversar um pouco com a simp\u00e1tica hospitaleira N\u00faria, fomos procurar um [&hellip;]","og_url":"https:\/\/www.rumoasantiago.com\/viadelaplata\/etapa-2-concluida\/","og_site_name":"Via de la Plata","article_published_time":"2012-07-28T22:46:40+00:00","author":"norberto","twitter_card":"summary_large_image","twitter_misc":{"Escrito por":"norberto","Tempo estimado de leitura":"4 minutos"},"schema":{"@context":"https:\/\/schema.org","@graph":[{"@type":"WebPage","@id":"https:\/\/www.rumoasantiago.com\/viadelaplata\/etapa-2-concluida\/","url":"https:\/\/www.rumoasantiago.com\/viadelaplata\/etapa-2-concluida\/","name":"Etapa 2 conclu\u00edda - Via de la Plata","isPartOf":{"@id":"https:\/\/www.rumoasantiago.com\/viadelaplata\/#website"},"datePublished":"2012-07-28T22:46:40+00:00","dateModified":"2012-07-28T22:46:40+00:00","author":{"@id":"https:\/\/www.rumoasantiago.com\/viadelaplata\/#\/schema\/person\/72f32049b1b85d455e20c086d02608ee"},"breadcrumb":{"@id":"https:\/\/www.rumoasantiago.com\/viadelaplata\/etapa-2-concluida\/#breadcrumb"},"inLanguage":"pt-PT","potentialAction":[{"@type":"ReadAction","target":["https:\/\/www.rumoasantiago.com\/viadelaplata\/etapa-2-concluida\/"]}]},{"@type":"BreadcrumbList","@id":"https:\/\/www.rumoasantiago.com\/viadelaplata\/etapa-2-concluida\/#breadcrumb","itemListElement":[{"@type":"ListItem","position":1,"name":"Home","item":"https:\/\/www.rumoasantiago.com\/viadelaplata\/"},{"@type":"ListItem","position":2,"name":"Etapa 2 conclu\u00edda"}]},{"@type":"WebSite","@id":"https:\/\/www.rumoasantiago.com\/viadelaplata\/#website","url":"https:\/\/www.rumoasantiago.com\/viadelaplata\/","name":"Via de la Plata","description":"Travessia da Via de la Plata","potentialAction":[{"@type":"SearchAction","target":{"@type":"EntryPoint","urlTemplate":"https:\/\/www.rumoasantiago.com\/viadelaplata\/?s={search_term_string}"},"query-input":"required name=search_term_string"}],"inLanguage":"pt-PT"},{"@type":"Person","@id":"https:\/\/www.rumoasantiago.com\/viadelaplata\/#\/schema\/person\/72f32049b1b85d455e20c086d02608ee","name":"norberto","image":{"@type":"ImageObject","inLanguage":"pt-PT","@id":"https:\/\/www.rumoasantiago.com\/viadelaplata\/#\/schema\/person\/image\/","url":"https:\/\/secure.gravatar.com\/avatar\/258e8e796306c4f0066b7a531bd3db2d?s=96&d=mm&r=g","contentUrl":"https:\/\/secure.gravatar.com\/avatar\/258e8e796306c4f0066b7a531bd3db2d?s=96&d=mm&r=g","caption":"norberto"},"url":"https:\/\/www.rumoasantiago.com\/viadelaplata\/author\/norberto\/"}]}},"publishpress_future_action":{"enabled":false,"date":"0","action":"","terms":[],"taxonomy":""},"_links":{"self":[{"href":"https:\/\/www.rumoasantiago.com\/viadelaplata\/wp-json\/wp\/v2\/posts\/355"}],"collection":[{"href":"https:\/\/www.rumoasantiago.com\/viadelaplata\/wp-json\/wp\/v2\/posts"}],"about":[{"href":"https:\/\/www.rumoasantiago.com\/viadelaplata\/wp-json\/wp\/v2\/types\/post"}],"author":[{"embeddable":true,"href":"https:\/\/www.rumoasantiago.com\/viadelaplata\/wp-json\/wp\/v2\/users\/1"}],"replies":[{"embeddable":true,"href":"https:\/\/www.rumoasantiago.com\/viadelaplata\/wp-json\/wp\/v2\/comments?post=355"}],"version-history":[{"count":1,"href":"https:\/\/www.rumoasantiago.com\/viadelaplata\/wp-json\/wp\/v2\/posts\/355\/revisions"}],"predecessor-version":[{"id":356,"href":"https:\/\/www.rumoasantiago.com\/viadelaplata\/wp-json\/wp\/v2\/posts\/355\/revisions\/356"}],"wp:attachment":[{"href":"https:\/\/www.rumoasantiago.com\/viadelaplata\/wp-json\/wp\/v2\/media?parent=355"}],"wp:term":[{"taxonomy":"category","embeddable":true,"href":"https:\/\/www.rumoasantiago.com\/viadelaplata\/wp-json\/wp\/v2\/categories?post=355"},{"taxonomy":"post_tag","embeddable":true,"href":"https:\/\/www.rumoasantiago.com\/viadelaplata\/wp-json\/wp\/v2\/tags?post=355"}],"curies":[{"name":"wp","href":"https:\/\/api.w.org\/{rel}","templated":true}]}}