{"id":353,"date":"2012-07-28T22:41:53","date_gmt":"2012-07-28T22:41:53","guid":{"rendered":"http:\/\/www.rumoasantiago.com\/viadelaplata\/?p=353"},"modified":"2012-07-28T22:41:53","modified_gmt":"2012-07-28T22:41:53","slug":"etapa-1-concluida","status":"publish","type":"post","link":"https:\/\/www.rumoasantiago.com\/viadelaplata\/etapa-1-concluida\/","title":{"rendered":"Etapa 1 conclu\u00edda"},"content":{"rendered":"<p>O dia D chegou. Ap\u00f3s extensas semanas de prepara\u00e7\u00e3o para a grande aventura deste Ver\u00e3o, a partida para Sevilha estava iminente.<br \/>\nO in\u00edcio da travessia n\u00e3o se deu sem alguns imprevistos. Na v\u00e9spera da partida, todo o processo de preparativos finais alongou-se muito mais do que o esperado. A viagem para Castelo Branco s\u00f3 aconteceu ap\u00f3s a meia noite e chegados l\u00e1 ainda havia uma s\u00e9rie de tarefas para completar. Contas feitas, n\u00e3o s\u00f3 n\u00e3o conseguimos dormir, como tamb\u00e9m sa\u00edmos com quase 3 horas de atraso.<br \/>\nO grupo ficou, a partir de hoje, oficialmente reduzido a duas pessoas, com a n\u00e3o compar\u00eancia do Hugo Serrazina.<br \/>\nA viagem at\u00e9 Sevilha foi pac\u00edfica. Como t\u00ednhamos condutor de servi\u00e7o (cortesia do pai do Norberto :)), foi uma oportunidade para ir fechando os olhos. Surge ent\u00e3o o segundo imprevisto: como ir\u00edamos necessitar um servi\u00e7o de telem\u00f3vel espanhol para poder ter Internet m\u00f3vel no telem\u00f3vel, procur\u00e1mos uma loja Vodafone para o fazer. E encontr\u00e1mos, s\u00f3 que os dois clientes que estavam j\u00e1 na loja tomaram, sem exageros, mais de uma hora para serem atendidos. Passada essa hora, foi altura de procurar um posto de correios para enviarmos parte do nosso refor\u00e7o alimentar (suplementos) para o albergue de Salamanca, onde terminaremos a nossa etapa 7. Depois de realizarmos esta tarefa, foi altura de um merecido almo\u00e7o.<br \/>\nPor volta das 15h30 locais foi ent\u00e3o altura de come\u00e7ar a pedalar.<br \/>\nA hora de partida tardia avizinhava um ritmo mais acelerado, sob pena de n\u00e3o conseguirmos chegar ao nosso destino a horas decentes. A primeira parte do percurso, at\u00e9 aos 20 km, foi bastante acess\u00edvel. Essa parte foi essencialmente alcatr\u00e3o, em ambiente urbano e praticamente plano. Os mais de 1000 metros de acumulado fizeram-se sentir depois, quando as subidas acertaram connosco.<br \/>\nA dada altura do percuso, ap\u00f3s u pequeno desvio que tom\u00e1mos por distrac\u00e7\u00e3o, apercebemo-nos que o caminho implicava atravessar um riacho que, a julgar pelo cheiro, era de salubridade duvidosa. O Fraz\u00e3o foi o primeiro a fazer as honras da casa, atravessando numa zona com rochas que permitiam atragessar, embora de forma muito prec\u00e1ria, o riacho. Por azar, um p\u00e9 em falso na \u00faltima pedra fez com que o Fraz\u00e3o metesse, literalmente, o p\u00e9 na po\u00e7a :). Ap\u00f3s este percal\u00e7o e uma troca de piadas, seguimos viagem.<br \/>\nUma das subidas mais duras deu-se a 3 km de Almaden de la Plata. Depar\u00e1mo-nos com uma aut\u00eantica parede, que mesmo a p\u00e9 nos custou imenso a fazer. N\u00e3o nos espantou,por isso, que o nome dessa subida tivesse &#8220;calv\u00e1rio&#8221; no nome, como comprov\u00e1mos na tabuleta que est\u00e1 no cimo do monte que subimos. Vale o facto de essa subida ter sido compensada com uma divertida descida mesmo antes da popula\u00e7\u00e3o.<br \/>\nCheg\u00e1mos ao albergue por volta das 21h e depar\u00e1mo-nos com uma porta aberta e um n\u00famero de telefone de contacto, em caso de necessidade. Este \u00e9 um dos albergues que est\u00e3o \u00e0 disposi\u00e7\u00e3o dos peregrinos sem que haja algu\u00e9m permanentemente nas instala\u00e7\u00f5es a receber-nos. Depositam plena confian\u00e7a nos peregrinos e tratando-se de uma pequena localidade, \u00e9 poss\u00edvel ter uma porta aberta sem quaisquer receios.<br \/>\nO albergue, que pede um donativo de 5 eur por pessoa, tem condi\u00e7\u00f5es muito boas. As camas dividem-se por v\u00e1rios quartos equipados com beliches, sendo que tivemos a sorte de ter um quarto para 2 pessoas. As casas de banho e os duches s\u00e3o amplos o suficiente, tem uma cozinha funcional e tanque para lavagem manual de roupa.<br \/>\nArrum\u00e1mos as bicicletas num p\u00e1tio fechado, tom\u00e1mos um merecido duche e fomos procurar um local para jantar. O bar\/restaurante La Concha foi a nossa (boa) escolha, onde por 8 eur tom\u00e1mos uma refei\u00e7\u00e3o completa com direito a 2 pratos, bebida, p\u00e3o e sobremesa.<br \/>\nO dia n\u00e3o durou muito mais tempo. Est\u00e1vamos sem dormir decentemente h\u00e1 quase 48 horas e bastaram minutos (se \u00e9 que n\u00e3o foram segundos) para adormecer.<br \/>\nResumindo, esta etapa acaba por oferecer alguma dificuldade principalmente por concentrar uma boa parte do acumulado de subida depois de meio do percurso. N\u00e3o oferece tamb\u00e9m nenhuma paisagem deslumbrante, com excep\u00e7\u00e3o da bela vista com que fomos prendados ap\u00f3s a subida do Calv\u00e1rio.<br \/>\nAssim terminou o primeiro de 15 belos dias a pedalar! <\/p>\n<p>Algumas notas de rodap\u00e9: embora seja nossa inten\u00e7\u00e3o complementar estas cr\u00f3nicas di\u00e1rias com fotografias, o m\u00e9todo que t\u00ednhamos idealizado para passar fotografias para o tablet falhou no momento em que nos apercebemos que nos falta um cabo USB com ficha micro de um lado e mini do outro. A nossa esperan\u00e7a reside no El Corte Ingl\u00e9s de M\u00e9rida, onde esperamos encontrar o que necessitamos no pr\u00f3ximo domingo. A segunda nota diz respeito a estes textos: como s\u00e3o redigidos num tablet cujo teclado \u00e9 respons\u00e1vel pela escrita de 2\/3 dos caracteres atrav\u00e9s da escrita inteligente, \u00e9 natural que surja uma ou outra palavra descontextualizada. Al\u00e9m do mais, embora eu j\u00e1 tenha aderido ao novo acordo ortogr\u00e1fico, o teclado n\u00e3o, pelo que estes textos ser\u00e3o escritos segundo o portugu\u00eas antigo.<\/p>\n<div class=\"al2fb_like_button\"><div id=\"fb-root\"><\/div><script type=\"text\/javascript\">\n(function(d, s, id) {\n  var js, fjs = d.getElementsByTagName(s)[0];\n  if (d.getElementById(id)) return;\n  js = d.createElement(s); js.id = id;\n  js.src = \"\/\/connect.facebook.net\/pt_PT\/all.js#xfbml=1&appId=118672068213591\";\n  fjs.parentNode.insertBefore(js, fjs);\n}(document, \"script\", \"facebook-jssdk\"));\n<\/script>\n<fb:like href=\"https:\/\/www.rumoasantiago.com\/viadelaplata\/etapa-1-concluida\/\" layout=\"button_count\" show_faces=\"true\" share=\"false\" width=\"450\" action=\"like\" font=\"arial\" colorscheme=\"light\" ref=\"AL2FB\"><\/fb:like><\/div>","protected":false},"excerpt":{"rendered":"<p>O dia D chegou. Ap\u00f3s extensas semanas de prepara\u00e7\u00e3o para a grande aventura deste Ver\u00e3o, a partida para Sevilha estava iminente. O in\u00edcio da travessia n\u00e3o se deu sem alguns imprevistos. Na v\u00e9spera da partida, todo o processo de preparativos finais alongou-se muito mais do que o esperado. A viagem para Castelo Branco s\u00f3 aconteceu [&hellip;]<\/p>\n","protected":false},"author":1,"featured_media":0,"comment_status":"open","ping_status":"open","sticky":false,"template":"","format":"standard","meta":[],"categories":[1,18,10],"tags":[],"yoast_head":"<!-- This site is optimized with the Yoast SEO plugin v20.10 - https:\/\/yoast.com\/wordpress\/plugins\/seo\/ -->\n<title>Etapa 1 conclu\u00edda - Via de la Plata<\/title>\n<meta name=\"robots\" content=\"index, follow, max-snippet:-1, max-image-preview:large, max-video-preview:-1\" \/>\n<link rel=\"canonical\" href=\"https:\/\/www.rumoasantiago.com\/viadelaplata\/etapa-1-concluida\/\" \/>\n<meta property=\"og:locale\" content=\"pt_PT\" \/>\n<meta property=\"og:type\" content=\"article\" \/>\n<meta property=\"og:title\" content=\"Etapa 1 conclu\u00edda - Via de la Plata\" \/>\n<meta property=\"og:description\" content=\"O dia D chegou. Ap\u00f3s extensas semanas de prepara\u00e7\u00e3o para a grande aventura deste Ver\u00e3o, a partida para Sevilha estava iminente. O in\u00edcio da travessia n\u00e3o se deu sem alguns imprevistos. Na v\u00e9spera da partida, todo o processo de preparativos finais alongou-se muito mais do que o esperado. A viagem para Castelo Branco s\u00f3 aconteceu [&hellip;]\" \/>\n<meta property=\"og:url\" content=\"https:\/\/www.rumoasantiago.com\/viadelaplata\/etapa-1-concluida\/\" \/>\n<meta property=\"og:site_name\" content=\"Via de la Plata\" \/>\n<meta property=\"article:published_time\" content=\"2012-07-28T22:41:53+00:00\" \/>\n<meta name=\"author\" content=\"norberto\" \/>\n<meta name=\"twitter:card\" content=\"summary_large_image\" \/>\n<meta name=\"twitter:label1\" content=\"Escrito por\" \/>\n\t<meta name=\"twitter:data1\" content=\"norberto\" \/>\n\t<meta name=\"twitter:label2\" content=\"Tempo estimado de leitura\" \/>\n\t<meta name=\"twitter:data2\" content=\"4 minutos\" \/>\n<script type=\"application\/ld+json\" class=\"yoast-schema-graph\">{\"@context\":\"https:\/\/schema.org\",\"@graph\":[{\"@type\":\"WebPage\",\"@id\":\"https:\/\/www.rumoasantiago.com\/viadelaplata\/etapa-1-concluida\/\",\"url\":\"https:\/\/www.rumoasantiago.com\/viadelaplata\/etapa-1-concluida\/\",\"name\":\"Etapa 1 conclu\u00edda - Via de la Plata\",\"isPartOf\":{\"@id\":\"https:\/\/www.rumoasantiago.com\/viadelaplata\/#website\"},\"datePublished\":\"2012-07-28T22:41:53+00:00\",\"dateModified\":\"2012-07-28T22:41:53+00:00\",\"author\":{\"@id\":\"https:\/\/www.rumoasantiago.com\/viadelaplata\/#\/schema\/person\/72f32049b1b85d455e20c086d02608ee\"},\"breadcrumb\":{\"@id\":\"https:\/\/www.rumoasantiago.com\/viadelaplata\/etapa-1-concluida\/#breadcrumb\"},\"inLanguage\":\"pt-PT\",\"potentialAction\":[{\"@type\":\"ReadAction\",\"target\":[\"https:\/\/www.rumoasantiago.com\/viadelaplata\/etapa-1-concluida\/\"]}]},{\"@type\":\"BreadcrumbList\",\"@id\":\"https:\/\/www.rumoasantiago.com\/viadelaplata\/etapa-1-concluida\/#breadcrumb\",\"itemListElement\":[{\"@type\":\"ListItem\",\"position\":1,\"name\":\"Home\",\"item\":\"https:\/\/www.rumoasantiago.com\/viadelaplata\/\"},{\"@type\":\"ListItem\",\"position\":2,\"name\":\"Etapa 1 conclu\u00edda\"}]},{\"@type\":\"WebSite\",\"@id\":\"https:\/\/www.rumoasantiago.com\/viadelaplata\/#website\",\"url\":\"https:\/\/www.rumoasantiago.com\/viadelaplata\/\",\"name\":\"Via de la Plata\",\"description\":\"Travessia da Via de la Plata\",\"potentialAction\":[{\"@type\":\"SearchAction\",\"target\":{\"@type\":\"EntryPoint\",\"urlTemplate\":\"https:\/\/www.rumoasantiago.com\/viadelaplata\/?s={search_term_string}\"},\"query-input\":\"required name=search_term_string\"}],\"inLanguage\":\"pt-PT\"},{\"@type\":\"Person\",\"@id\":\"https:\/\/www.rumoasantiago.com\/viadelaplata\/#\/schema\/person\/72f32049b1b85d455e20c086d02608ee\",\"name\":\"norberto\",\"image\":{\"@type\":\"ImageObject\",\"inLanguage\":\"pt-PT\",\"@id\":\"https:\/\/www.rumoasantiago.com\/viadelaplata\/#\/schema\/person\/image\/\",\"url\":\"https:\/\/secure.gravatar.com\/avatar\/258e8e796306c4f0066b7a531bd3db2d?s=96&d=mm&r=g\",\"contentUrl\":\"https:\/\/secure.gravatar.com\/avatar\/258e8e796306c4f0066b7a531bd3db2d?s=96&d=mm&r=g\",\"caption\":\"norberto\"},\"url\":\"https:\/\/www.rumoasantiago.com\/viadelaplata\/author\/norberto\/\"}]}<\/script>\n<!-- \/ Yoast SEO plugin. -->","yoast_head_json":{"title":"Etapa 1 conclu\u00edda - Via de la Plata","robots":{"index":"index","follow":"follow","max-snippet":"max-snippet:-1","max-image-preview":"max-image-preview:large","max-video-preview":"max-video-preview:-1"},"canonical":"https:\/\/www.rumoasantiago.com\/viadelaplata\/etapa-1-concluida\/","og_locale":"pt_PT","og_type":"article","og_title":"Etapa 1 conclu\u00edda - Via de la Plata","og_description":"O dia D chegou. Ap\u00f3s extensas semanas de prepara\u00e7\u00e3o para a grande aventura deste Ver\u00e3o, a partida para Sevilha estava iminente. O in\u00edcio da travessia n\u00e3o se deu sem alguns imprevistos. Na v\u00e9spera da partida, todo o processo de preparativos finais alongou-se muito mais do que o esperado. A viagem para Castelo Branco s\u00f3 aconteceu [&hellip;]","og_url":"https:\/\/www.rumoasantiago.com\/viadelaplata\/etapa-1-concluida\/","og_site_name":"Via de la Plata","article_published_time":"2012-07-28T22:41:53+00:00","author":"norberto","twitter_card":"summary_large_image","twitter_misc":{"Escrito por":"norberto","Tempo estimado de leitura":"4 minutos"},"schema":{"@context":"https:\/\/schema.org","@graph":[{"@type":"WebPage","@id":"https:\/\/www.rumoasantiago.com\/viadelaplata\/etapa-1-concluida\/","url":"https:\/\/www.rumoasantiago.com\/viadelaplata\/etapa-1-concluida\/","name":"Etapa 1 conclu\u00edda - Via de la Plata","isPartOf":{"@id":"https:\/\/www.rumoasantiago.com\/viadelaplata\/#website"},"datePublished":"2012-07-28T22:41:53+00:00","dateModified":"2012-07-28T22:41:53+00:00","author":{"@id":"https:\/\/www.rumoasantiago.com\/viadelaplata\/#\/schema\/person\/72f32049b1b85d455e20c086d02608ee"},"breadcrumb":{"@id":"https:\/\/www.rumoasantiago.com\/viadelaplata\/etapa-1-concluida\/#breadcrumb"},"inLanguage":"pt-PT","potentialAction":[{"@type":"ReadAction","target":["https:\/\/www.rumoasantiago.com\/viadelaplata\/etapa-1-concluida\/"]}]},{"@type":"BreadcrumbList","@id":"https:\/\/www.rumoasantiago.com\/viadelaplata\/etapa-1-concluida\/#breadcrumb","itemListElement":[{"@type":"ListItem","position":1,"name":"Home","item":"https:\/\/www.rumoasantiago.com\/viadelaplata\/"},{"@type":"ListItem","position":2,"name":"Etapa 1 conclu\u00edda"}]},{"@type":"WebSite","@id":"https:\/\/www.rumoasantiago.com\/viadelaplata\/#website","url":"https:\/\/www.rumoasantiago.com\/viadelaplata\/","name":"Via de la Plata","description":"Travessia da Via de la Plata","potentialAction":[{"@type":"SearchAction","target":{"@type":"EntryPoint","urlTemplate":"https:\/\/www.rumoasantiago.com\/viadelaplata\/?s={search_term_string}"},"query-input":"required name=search_term_string"}],"inLanguage":"pt-PT"},{"@type":"Person","@id":"https:\/\/www.rumoasantiago.com\/viadelaplata\/#\/schema\/person\/72f32049b1b85d455e20c086d02608ee","name":"norberto","image":{"@type":"ImageObject","inLanguage":"pt-PT","@id":"https:\/\/www.rumoasantiago.com\/viadelaplata\/#\/schema\/person\/image\/","url":"https:\/\/secure.gravatar.com\/avatar\/258e8e796306c4f0066b7a531bd3db2d?s=96&d=mm&r=g","contentUrl":"https:\/\/secure.gravatar.com\/avatar\/258e8e796306c4f0066b7a531bd3db2d?s=96&d=mm&r=g","caption":"norberto"},"url":"https:\/\/www.rumoasantiago.com\/viadelaplata\/author\/norberto\/"}]}},"publishpress_future_action":{"enabled":false,"date":"0","action":"","terms":[],"taxonomy":""},"_links":{"self":[{"href":"https:\/\/www.rumoasantiago.com\/viadelaplata\/wp-json\/wp\/v2\/posts\/353"}],"collection":[{"href":"https:\/\/www.rumoasantiago.com\/viadelaplata\/wp-json\/wp\/v2\/posts"}],"about":[{"href":"https:\/\/www.rumoasantiago.com\/viadelaplata\/wp-json\/wp\/v2\/types\/post"}],"author":[{"embeddable":true,"href":"https:\/\/www.rumoasantiago.com\/viadelaplata\/wp-json\/wp\/v2\/users\/1"}],"replies":[{"embeddable":true,"href":"https:\/\/www.rumoasantiago.com\/viadelaplata\/wp-json\/wp\/v2\/comments?post=353"}],"version-history":[{"count":1,"href":"https:\/\/www.rumoasantiago.com\/viadelaplata\/wp-json\/wp\/v2\/posts\/353\/revisions"}],"predecessor-version":[{"id":354,"href":"https:\/\/www.rumoasantiago.com\/viadelaplata\/wp-json\/wp\/v2\/posts\/353\/revisions\/354"}],"wp:attachment":[{"href":"https:\/\/www.rumoasantiago.com\/viadelaplata\/wp-json\/wp\/v2\/media?parent=353"}],"wp:term":[{"taxonomy":"category","embeddable":true,"href":"https:\/\/www.rumoasantiago.com\/viadelaplata\/wp-json\/wp\/v2\/categories?post=353"},{"taxonomy":"post_tag","embeddable":true,"href":"https:\/\/www.rumoasantiago.com\/viadelaplata\/wp-json\/wp\/v2\/tags?post=353"}],"curies":[{"name":"wp","href":"https:\/\/api.w.org\/{rel}","templated":true}]}}