{"id":307,"date":"2012-07-14T20:09:47","date_gmt":"2012-07-14T20:09:47","guid":{"rendered":"http:\/\/www.rumoasantiago.com\/viadelaplata\/?p=307"},"modified":"2012-07-14T20:09:47","modified_gmt":"2012-07-14T20:09:47","slug":"apoio-litocar","status":"publish","type":"post","link":"https:\/\/www.rumoasantiago.com\/viadelaplata\/apoio-litocar\/","title":{"rendered":"Apoio Litocar"},"content":{"rendered":"<p><a href=\"https:\/\/www.rumoasantiago.com\/viadelaplata\/files\/2012\/07\/litocar_logo_no_bg_400px.png\"><img decoding=\"async\" loading=\"lazy\" class=\"alignleft size-medium wp-image-308\" title=\"litocar_logo_no_bg_400px\" src=\"https:\/\/www.rumoasantiago.com\/viadelaplata\/files\/2012\/07\/litocar_logo_no_bg_400px-300x167.png\" alt=\"\" width=\"300\" height=\"167\" srcset=\"https:\/\/www.rumoasantiago.com\/viadelaplata\/files\/2012\/07\/litocar_logo_no_bg_400px-300x167.png 300w, https:\/\/www.rumoasantiago.com\/viadelaplata\/files\/2012\/07\/litocar_logo_no_bg_400px.png 400w\" sizes=\"(max-width: 300px) 100vw, 300px\" \/><\/a>O\u00a0<a href=\"http:\/\/www.litocar.pt\" target=\"_blank\">Grupo Litocar<\/a>\u00a0junta-se ao projecto Rumo a Santiago pelo segundo ano consecutivo, disponibilizando-nos uma viatura para nos transportar na viagem de Portugal at\u00e9 Sevilha e no posterior regresso de Espanha at\u00e9 Portugal.<\/p>\n<p>Com mais de uma dezena de pontos de venda, o Grupo Litocar \u00e9 hoje uma refer\u00eancia na distribui\u00e7\u00e3o autom\u00f3vel da Regi\u00e3o Centro. Actualmente est\u00e1 presente nos distritos de Coimbra, Viseu, Guarda e Castelo Branco, onde representa as marcas Renault, Dacia, Nissan e Honda, para al\u00e9m da marca pr\u00f3pria &#8211; Usados 100%.<\/p>\n<p>O Grupo Litocar tem como neg\u00f3cio a distribui\u00e7\u00e3o autom\u00f3vel apoiada no desenvolvimento de compet\u00eancias dos seus recursos humanos, na qualidade dos meios t\u00e9cnicos e na excel\u00eancia de gest\u00e3o, tendo como principal objectivo a satisfa\u00e7\u00e3o total do cliente.<\/p>\n<p>Agradecemos imenso por este generoso apoio e pela fant\u00e1stica recetividade manifestada relativamente ao projeto Rumo a Santiago!<\/p>\n<div class=\"al2fb_like_button\"><div id=\"fb-root\"><\/div><script type=\"text\/javascript\">\n(function(d, s, id) {\n  var js, fjs = d.getElementsByTagName(s)[0];\n  if (d.getElementById(id)) return;\n  js = d.createElement(s); js.id = id;\n  js.src = \"\/\/connect.facebook.net\/pt_PT\/all.js#xfbml=1&appId=118672068213591\";\n  fjs.parentNode.insertBefore(js, fjs);\n}(document, \"script\", \"facebook-jssdk\"));\n<\/script>\n<fb:like href=\"https:\/\/www.rumoasantiago.com\/viadelaplata\/apoio-litocar\/\" layout=\"button_count\" show_faces=\"true\" share=\"false\" width=\"450\" action=\"like\" font=\"arial\" colorscheme=\"light\" ref=\"AL2FB\"><\/fb:like><\/div>","protected":false},"excerpt":{"rendered":"<p>O\u00a0Grupo Litocar\u00a0junta-se ao projecto Rumo a Santiago pelo segundo ano consecutivo, disponibilizando-nos uma viatura para nos transportar na viagem de Portugal at\u00e9 Sevilha e no posterior regresso de Espanha at\u00e9 Portugal. Com mais de uma dezena de pontos de venda, o Grupo Litocar \u00e9 hoje uma refer\u00eancia na distribui\u00e7\u00e3o autom\u00f3vel da Regi\u00e3o Centro. Actualmente est\u00e1 [&hellip;]<\/p>\n","protected":false},"author":1,"featured_media":309,"comment_status":"open","ping_status":"open","sticky":false,"template":"","format":"standard","meta":[],"categories":[8,9],"tags":[],"yoast_head":"<!-- This site is optimized with the Yoast SEO plugin v20.10 - https:\/\/yoast.com\/wordpress\/plugins\/seo\/ -->\n<title>Apoio Litocar - Via de la Plata<\/title>\n<meta name=\"robots\" content=\"index, follow, max-snippet:-1, max-image-preview:large, max-video-preview:-1\" \/>\n<link rel=\"canonical\" href=\"https:\/\/www.rumoasantiago.com\/viadelaplata\/apoio-litocar\/\" \/>\n<meta property=\"og:locale\" content=\"pt_PT\" \/>\n<meta property=\"og:type\" content=\"article\" \/>\n<meta property=\"og:title\" content=\"Apoio Litocar - Via de la Plata\" \/>\n<meta property=\"og:description\" content=\"O\u00a0Grupo Litocar\u00a0junta-se ao projecto Rumo a Santiago pelo segundo ano consecutivo, disponibilizando-nos uma viatura para nos transportar na viagem de Portugal at\u00e9 Sevilha e no posterior regresso de Espanha at\u00e9 Portugal. Com mais de uma dezena de pontos de venda, o Grupo Litocar \u00e9 hoje uma refer\u00eancia na distribui\u00e7\u00e3o autom\u00f3vel da Regi\u00e3o Centro. Actualmente est\u00e1 [&hellip;]\" \/>\n<meta property=\"og:url\" content=\"https:\/\/www.rumoasantiago.com\/viadelaplata\/apoio-litocar\/\" \/>\n<meta property=\"og:site_name\" content=\"Via de la Plata\" \/>\n<meta property=\"article:published_time\" content=\"2012-07-14T20:09:47+00:00\" \/>\n<meta property=\"og:image\" content=\"https:\/\/www.rumoasantiago.com\/viadelaplata\/files\/2012\/07\/litocar_logo_400px.png\" \/>\n\t<meta property=\"og:image:width\" content=\"400\" \/>\n\t<meta property=\"og:image:height\" content=\"234\" \/>\n\t<meta property=\"og:image:type\" content=\"image\/png\" \/>\n<meta name=\"author\" content=\"norberto\" \/>\n<meta name=\"twitter:card\" content=\"summary_large_image\" \/>\n<meta name=\"twitter:label1\" content=\"Escrito por\" \/>\n\t<meta name=\"twitter:data1\" content=\"norberto\" \/>\n\t<meta name=\"twitter:label2\" content=\"Tempo estimado de leitura\" \/>\n\t<meta name=\"twitter:data2\" content=\"1 minuto\" \/>\n<script type=\"application\/ld+json\" class=\"yoast-schema-graph\">{\"@context\":\"https:\/\/schema.org\",\"@graph\":[{\"@type\":\"WebPage\",\"@id\":\"https:\/\/www.rumoasantiago.com\/viadelaplata\/apoio-litocar\/\",\"url\":\"https:\/\/www.rumoasantiago.com\/viadelaplata\/apoio-litocar\/\",\"name\":\"Apoio Litocar - Via de la Plata\",\"isPartOf\":{\"@id\":\"https:\/\/www.rumoasantiago.com\/viadelaplata\/#website\"},\"datePublished\":\"2012-07-14T20:09:47+00:00\",\"dateModified\":\"2012-07-14T20:09:47+00:00\",\"author\":{\"@id\":\"https:\/\/www.rumoasantiago.com\/viadelaplata\/#\/schema\/person\/72f32049b1b85d455e20c086d02608ee\"},\"breadcrumb\":{\"@id\":\"https:\/\/www.rumoasantiago.com\/viadelaplata\/apoio-litocar\/#breadcrumb\"},\"inLanguage\":\"pt-PT\",\"potentialAction\":[{\"@type\":\"ReadAction\",\"target\":[\"https:\/\/www.rumoasantiago.com\/viadelaplata\/apoio-litocar\/\"]}]},{\"@type\":\"BreadcrumbList\",\"@id\":\"https:\/\/www.rumoasantiago.com\/viadelaplata\/apoio-litocar\/#breadcrumb\",\"itemListElement\":[{\"@type\":\"ListItem\",\"position\":1,\"name\":\"Home\",\"item\":\"https:\/\/www.rumoasantiago.com\/viadelaplata\/\"},{\"@type\":\"ListItem\",\"position\":2,\"name\":\"Apoio Litocar\"}]},{\"@type\":\"WebSite\",\"@id\":\"https:\/\/www.rumoasantiago.com\/viadelaplata\/#website\",\"url\":\"https:\/\/www.rumoasantiago.com\/viadelaplata\/\",\"name\":\"Via de la Plata\",\"description\":\"Travessia da Via de la Plata\",\"potentialAction\":[{\"@type\":\"SearchAction\",\"target\":{\"@type\":\"EntryPoint\",\"urlTemplate\":\"https:\/\/www.rumoasantiago.com\/viadelaplata\/?s={search_term_string}\"},\"query-input\":\"required name=search_term_string\"}],\"inLanguage\":\"pt-PT\"},{\"@type\":\"Person\",\"@id\":\"https:\/\/www.rumoasantiago.com\/viadelaplata\/#\/schema\/person\/72f32049b1b85d455e20c086d02608ee\",\"name\":\"norberto\",\"image\":{\"@type\":\"ImageObject\",\"inLanguage\":\"pt-PT\",\"@id\":\"https:\/\/www.rumoasantiago.com\/viadelaplata\/#\/schema\/person\/image\/\",\"url\":\"https:\/\/secure.gravatar.com\/avatar\/258e8e796306c4f0066b7a531bd3db2d?s=96&d=mm&r=g\",\"contentUrl\":\"https:\/\/secure.gravatar.com\/avatar\/258e8e796306c4f0066b7a531bd3db2d?s=96&d=mm&r=g\",\"caption\":\"norberto\"},\"url\":\"https:\/\/www.rumoasantiago.com\/viadelaplata\/author\/norberto\/\"}]}<\/script>\n<!-- \/ Yoast SEO plugin. -->","yoast_head_json":{"title":"Apoio Litocar - Via de la Plata","robots":{"index":"index","follow":"follow","max-snippet":"max-snippet:-1","max-image-preview":"max-image-preview:large","max-video-preview":"max-video-preview:-1"},"canonical":"https:\/\/www.rumoasantiago.com\/viadelaplata\/apoio-litocar\/","og_locale":"pt_PT","og_type":"article","og_title":"Apoio Litocar - Via de la Plata","og_description":"O\u00a0Grupo Litocar\u00a0junta-se ao projecto Rumo a Santiago pelo segundo ano consecutivo, disponibilizando-nos uma viatura para nos transportar na viagem de Portugal at\u00e9 Sevilha e no posterior regresso de Espanha at\u00e9 Portugal. Com mais de uma dezena de pontos de venda, o Grupo Litocar \u00e9 hoje uma refer\u00eancia na distribui\u00e7\u00e3o autom\u00f3vel da Regi\u00e3o Centro. Actualmente est\u00e1 [&hellip;]","og_url":"https:\/\/www.rumoasantiago.com\/viadelaplata\/apoio-litocar\/","og_site_name":"Via de la Plata","article_published_time":"2012-07-14T20:09:47+00:00","og_image":[{"width":"400","height":"234","url":"https:\/\/www.rumoasantiago.com\/viadelaplata\/files\/2012\/07\/litocar_logo_400px.png","type":"image\/png"}],"author":"norberto","twitter_card":"summary_large_image","twitter_misc":{"Escrito por":"norberto","Tempo estimado de leitura":"1 minuto"},"schema":{"@context":"https:\/\/schema.org","@graph":[{"@type":"WebPage","@id":"https:\/\/www.rumoasantiago.com\/viadelaplata\/apoio-litocar\/","url":"https:\/\/www.rumoasantiago.com\/viadelaplata\/apoio-litocar\/","name":"Apoio Litocar - Via de la Plata","isPartOf":{"@id":"https:\/\/www.rumoasantiago.com\/viadelaplata\/#website"},"datePublished":"2012-07-14T20:09:47+00:00","dateModified":"2012-07-14T20:09:47+00:00","author":{"@id":"https:\/\/www.rumoasantiago.com\/viadelaplata\/#\/schema\/person\/72f32049b1b85d455e20c086d02608ee"},"breadcrumb":{"@id":"https:\/\/www.rumoasantiago.com\/viadelaplata\/apoio-litocar\/#breadcrumb"},"inLanguage":"pt-PT","potentialAction":[{"@type":"ReadAction","target":["https:\/\/www.rumoasantiago.com\/viadelaplata\/apoio-litocar\/"]}]},{"@type":"BreadcrumbList","@id":"https:\/\/www.rumoasantiago.com\/viadelaplata\/apoio-litocar\/#breadcrumb","itemListElement":[{"@type":"ListItem","position":1,"name":"Home","item":"https:\/\/www.rumoasantiago.com\/viadelaplata\/"},{"@type":"ListItem","position":2,"name":"Apoio Litocar"}]},{"@type":"WebSite","@id":"https:\/\/www.rumoasantiago.com\/viadelaplata\/#website","url":"https:\/\/www.rumoasantiago.com\/viadelaplata\/","name":"Via de la Plata","description":"Travessia da Via de la Plata","potentialAction":[{"@type":"SearchAction","target":{"@type":"EntryPoint","urlTemplate":"https:\/\/www.rumoasantiago.com\/viadelaplata\/?s={search_term_string}"},"query-input":"required name=search_term_string"}],"inLanguage":"pt-PT"},{"@type":"Person","@id":"https:\/\/www.rumoasantiago.com\/viadelaplata\/#\/schema\/person\/72f32049b1b85d455e20c086d02608ee","name":"norberto","image":{"@type":"ImageObject","inLanguage":"pt-PT","@id":"https:\/\/www.rumoasantiago.com\/viadelaplata\/#\/schema\/person\/image\/","url":"https:\/\/secure.gravatar.com\/avatar\/258e8e796306c4f0066b7a531bd3db2d?s=96&d=mm&r=g","contentUrl":"https:\/\/secure.gravatar.com\/avatar\/258e8e796306c4f0066b7a531bd3db2d?s=96&d=mm&r=g","caption":"norberto"},"url":"https:\/\/www.rumoasantiago.com\/viadelaplata\/author\/norberto\/"}]}},"publishpress_future_action":{"enabled":false,"date":"0","action":"","terms":[],"taxonomy":""},"_links":{"self":[{"href":"https:\/\/www.rumoasantiago.com\/viadelaplata\/wp-json\/wp\/v2\/posts\/307"}],"collection":[{"href":"https:\/\/www.rumoasantiago.com\/viadelaplata\/wp-json\/wp\/v2\/posts"}],"about":[{"href":"https:\/\/www.rumoasantiago.com\/viadelaplata\/wp-json\/wp\/v2\/types\/post"}],"author":[{"embeddable":true,"href":"https:\/\/www.rumoasantiago.com\/viadelaplata\/wp-json\/wp\/v2\/users\/1"}],"replies":[{"embeddable":true,"href":"https:\/\/www.rumoasantiago.com\/viadelaplata\/wp-json\/wp\/v2\/comments?post=307"}],"version-history":[{"count":2,"href":"https:\/\/www.rumoasantiago.com\/viadelaplata\/wp-json\/wp\/v2\/posts\/307\/revisions"}],"predecessor-version":[{"id":311,"href":"https:\/\/www.rumoasantiago.com\/viadelaplata\/wp-json\/wp\/v2\/posts\/307\/revisions\/311"}],"wp:featuredmedia":[{"embeddable":true,"href":"https:\/\/www.rumoasantiago.com\/viadelaplata\/wp-json\/wp\/v2\/media\/309"}],"wp:attachment":[{"href":"https:\/\/www.rumoasantiago.com\/viadelaplata\/wp-json\/wp\/v2\/media?parent=307"}],"wp:term":[{"taxonomy":"category","embeddable":true,"href":"https:\/\/www.rumoasantiago.com\/viadelaplata\/wp-json\/wp\/v2\/categories?post=307"},{"taxonomy":"post_tag","embeddable":true,"href":"https:\/\/www.rumoasantiago.com\/viadelaplata\/wp-json\/wp\/v2\/tags?post=307"}],"curies":[{"name":"wp","href":"https:\/\/api.w.org\/{rel}","templated":true}]}}