{"id":300,"date":"2012-07-06T18:53:45","date_gmt":"2012-07-06T18:53:45","guid":{"rendered":"http:\/\/www.rumoasantiago.com\/viadelaplata\/?p=300"},"modified":"2012-07-06T18:53:45","modified_gmt":"2012-07-06T18:53:45","slug":"apoio-madeira-madeira","status":"publish","type":"post","link":"https:\/\/www.rumoasantiago.com\/viadelaplata\/apoio-madeira-madeira\/","title":{"rendered":"Apoio Madeira &#038; Madeira"},"content":{"rendered":"<p><a href=\"https:\/\/www.rumoasantiago.com\/viadelaplata\/files\/2012\/07\/madeira-e-madeira-400px.png\"><img decoding=\"async\" loading=\"lazy\" class=\"alignleft size-medium wp-image-302\" title=\"madeira-e-madeira-400px\" src=\"https:\/\/www.rumoasantiago.com\/viadelaplata\/files\/2012\/07\/madeira-e-madeira-400px-300x51.png\" alt=\"\" width=\"300\" height=\"51\" srcset=\"https:\/\/www.rumoasantiago.com\/viadelaplata\/files\/2012\/07\/madeira-e-madeira-400px-300x51.png 300w, https:\/\/www.rumoasantiago.com\/viadelaplata\/files\/2012\/07\/madeira-e-madeira-400px.png 400w\" sizes=\"(max-width: 300px) 100vw, 300px\" \/><\/a>A\u00a0<a title=\"Madeira &amp; Madeira\" href=\"http:\/\/www.madeiraseguros.pt\/\" target=\"_blank\">Madeira &amp; Madeira Media\u00e7\u00e3o de Seguros<\/a>, Lda, apoia o projecto Rumo a Santiago, patrocinando esta nossa iniciativa.<\/p>\n<p>Esta empresa opera h\u00e1 muitos anos na cidade de Coimbra, proporcionando um servi\u00e7o de media\u00e7\u00e3o de seguros personalizado e de grande aten\u00e7\u00e3o ao cliente.<\/p>\n<p>Sem qualquer tipo de parcialidade, posso dizer que sou cliente desta empresa h\u00e1 bastante tempo e que a minha experi\u00eancia com a media\u00e7\u00e3o n\u00e3o podia ser mais satisfat\u00f3ria. Al\u00e9m do mais, o facto de ser poss\u00edvel tratar de toda a documenta\u00e7\u00e3o \u00e0 dist\u00e2ncia, por via electr\u00f3nica, facilita imenso todo o tipo de burocracias sem termos de nos deslocar propositadamente.<\/p>\n<p>Agradecemos imenso pelo generoso apoio!<\/p>\n<div class=\"al2fb_like_button\"><div id=\"fb-root\"><\/div><script type=\"text\/javascript\">\n(function(d, s, id) {\n  var js, fjs = d.getElementsByTagName(s)[0];\n  if (d.getElementById(id)) return;\n  js = d.createElement(s); js.id = id;\n  js.src = \"\/\/connect.facebook.net\/pt_PT\/all.js#xfbml=1&appId=118672068213591\";\n  fjs.parentNode.insertBefore(js, fjs);\n}(document, \"script\", \"facebook-jssdk\"));\n<\/script>\n<fb:like href=\"https:\/\/www.rumoasantiago.com\/viadelaplata\/apoio-madeira-madeira\/\" layout=\"button_count\" show_faces=\"true\" share=\"false\" width=\"450\" action=\"like\" font=\"arial\" colorscheme=\"light\" ref=\"AL2FB\"><\/fb:like><\/div>","protected":false},"excerpt":{"rendered":"<p>A\u00a0Madeira &amp; Madeira Media\u00e7\u00e3o de Seguros, Lda, apoia o projecto Rumo a Santiago, patrocinando esta nossa iniciativa. Esta empresa opera h\u00e1 muitos anos na cidade de Coimbra, proporcionando um servi\u00e7o de media\u00e7\u00e3o de seguros personalizado e de grande aten\u00e7\u00e3o ao cliente. Sem qualquer tipo de parcialidade, posso dizer que sou cliente desta empresa h\u00e1 bastante [&hellip;]<\/p>\n","protected":false},"author":1,"featured_media":0,"comment_status":"open","ping_status":"open","sticky":false,"template":"","format":"standard","meta":[],"categories":[8],"tags":[],"yoast_head":"<!-- This site is optimized with the Yoast SEO plugin v20.10 - https:\/\/yoast.com\/wordpress\/plugins\/seo\/ -->\n<title>Apoio Madeira &amp; Madeira - Via de la Plata<\/title>\n<meta name=\"robots\" content=\"index, follow, max-snippet:-1, max-image-preview:large, max-video-preview:-1\" \/>\n<link rel=\"canonical\" href=\"https:\/\/www.rumoasantiago.com\/viadelaplata\/apoio-madeira-madeira\/\" \/>\n<meta property=\"og:locale\" content=\"pt_PT\" \/>\n<meta property=\"og:type\" content=\"article\" \/>\n<meta property=\"og:title\" content=\"Apoio Madeira &amp; Madeira - Via de la Plata\" \/>\n<meta property=\"og:description\" content=\"A\u00a0Madeira &amp; Madeira Media\u00e7\u00e3o de Seguros, Lda, apoia o projecto Rumo a Santiago, patrocinando esta nossa iniciativa. Esta empresa opera h\u00e1 muitos anos na cidade de Coimbra, proporcionando um servi\u00e7o de media\u00e7\u00e3o de seguros personalizado e de grande aten\u00e7\u00e3o ao cliente. Sem qualquer tipo de parcialidade, posso dizer que sou cliente desta empresa h\u00e1 bastante [&hellip;]\" \/>\n<meta property=\"og:url\" content=\"https:\/\/www.rumoasantiago.com\/viadelaplata\/apoio-madeira-madeira\/\" \/>\n<meta property=\"og:site_name\" content=\"Via de la Plata\" \/>\n<meta property=\"article:published_time\" content=\"2012-07-06T18:53:45+00:00\" \/>\n<meta property=\"og:image\" content=\"http:\/\/www.rumoasantiago.com\/viadelaplata\/files\/2012\/07\/madeira-e-madeira-400px-300x51.png\" \/>\n<meta name=\"author\" content=\"norberto\" \/>\n<meta name=\"twitter:card\" content=\"summary_large_image\" \/>\n<meta name=\"twitter:label1\" content=\"Escrito por\" \/>\n\t<meta name=\"twitter:data1\" content=\"norberto\" \/>\n\t<meta name=\"twitter:label2\" content=\"Tempo estimado de leitura\" \/>\n\t<meta name=\"twitter:data2\" content=\"1 minuto\" \/>\n<script type=\"application\/ld+json\" class=\"yoast-schema-graph\">{\"@context\":\"https:\/\/schema.org\",\"@graph\":[{\"@type\":\"WebPage\",\"@id\":\"https:\/\/www.rumoasantiago.com\/viadelaplata\/apoio-madeira-madeira\/\",\"url\":\"https:\/\/www.rumoasantiago.com\/viadelaplata\/apoio-madeira-madeira\/\",\"name\":\"Apoio Madeira & Madeira - Via de la Plata\",\"isPartOf\":{\"@id\":\"https:\/\/www.rumoasantiago.com\/viadelaplata\/#website\"},\"datePublished\":\"2012-07-06T18:53:45+00:00\",\"dateModified\":\"2012-07-06T18:53:45+00:00\",\"author\":{\"@id\":\"https:\/\/www.rumoasantiago.com\/viadelaplata\/#\/schema\/person\/72f32049b1b85d455e20c086d02608ee\"},\"breadcrumb\":{\"@id\":\"https:\/\/www.rumoasantiago.com\/viadelaplata\/apoio-madeira-madeira\/#breadcrumb\"},\"inLanguage\":\"pt-PT\",\"potentialAction\":[{\"@type\":\"ReadAction\",\"target\":[\"https:\/\/www.rumoasantiago.com\/viadelaplata\/apoio-madeira-madeira\/\"]}]},{\"@type\":\"BreadcrumbList\",\"@id\":\"https:\/\/www.rumoasantiago.com\/viadelaplata\/apoio-madeira-madeira\/#breadcrumb\",\"itemListElement\":[{\"@type\":\"ListItem\",\"position\":1,\"name\":\"Home\",\"item\":\"https:\/\/www.rumoasantiago.com\/viadelaplata\/\"},{\"@type\":\"ListItem\",\"position\":2,\"name\":\"Apoio Madeira &#038; Madeira\"}]},{\"@type\":\"WebSite\",\"@id\":\"https:\/\/www.rumoasantiago.com\/viadelaplata\/#website\",\"url\":\"https:\/\/www.rumoasantiago.com\/viadelaplata\/\",\"name\":\"Via de la Plata\",\"description\":\"Travessia da Via de la Plata\",\"potentialAction\":[{\"@type\":\"SearchAction\",\"target\":{\"@type\":\"EntryPoint\",\"urlTemplate\":\"https:\/\/www.rumoasantiago.com\/viadelaplata\/?s={search_term_string}\"},\"query-input\":\"required name=search_term_string\"}],\"inLanguage\":\"pt-PT\"},{\"@type\":\"Person\",\"@id\":\"https:\/\/www.rumoasantiago.com\/viadelaplata\/#\/schema\/person\/72f32049b1b85d455e20c086d02608ee\",\"name\":\"norberto\",\"image\":{\"@type\":\"ImageObject\",\"inLanguage\":\"pt-PT\",\"@id\":\"https:\/\/www.rumoasantiago.com\/viadelaplata\/#\/schema\/person\/image\/\",\"url\":\"https:\/\/secure.gravatar.com\/avatar\/258e8e796306c4f0066b7a531bd3db2d?s=96&d=mm&r=g\",\"contentUrl\":\"https:\/\/secure.gravatar.com\/avatar\/258e8e796306c4f0066b7a531bd3db2d?s=96&d=mm&r=g\",\"caption\":\"norberto\"},\"url\":\"https:\/\/www.rumoasantiago.com\/viadelaplata\/author\/norberto\/\"}]}<\/script>\n<!-- \/ Yoast SEO plugin. -->","yoast_head_json":{"title":"Apoio Madeira & Madeira - Via de la Plata","robots":{"index":"index","follow":"follow","max-snippet":"max-snippet:-1","max-image-preview":"max-image-preview:large","max-video-preview":"max-video-preview:-1"},"canonical":"https:\/\/www.rumoasantiago.com\/viadelaplata\/apoio-madeira-madeira\/","og_locale":"pt_PT","og_type":"article","og_title":"Apoio Madeira & Madeira - Via de la Plata","og_description":"A\u00a0Madeira &amp; Madeira Media\u00e7\u00e3o de Seguros, Lda, apoia o projecto Rumo a Santiago, patrocinando esta nossa iniciativa. Esta empresa opera h\u00e1 muitos anos na cidade de Coimbra, proporcionando um servi\u00e7o de media\u00e7\u00e3o de seguros personalizado e de grande aten\u00e7\u00e3o ao cliente. Sem qualquer tipo de parcialidade, posso dizer que sou cliente desta empresa h\u00e1 bastante [&hellip;]","og_url":"https:\/\/www.rumoasantiago.com\/viadelaplata\/apoio-madeira-madeira\/","og_site_name":"Via de la Plata","article_published_time":"2012-07-06T18:53:45+00:00","og_image":[{"url":"http:\/\/www.rumoasantiago.com\/viadelaplata\/files\/2012\/07\/madeira-e-madeira-400px-300x51.png"}],"author":"norberto","twitter_card":"summary_large_image","twitter_misc":{"Escrito por":"norberto","Tempo estimado de leitura":"1 minuto"},"schema":{"@context":"https:\/\/schema.org","@graph":[{"@type":"WebPage","@id":"https:\/\/www.rumoasantiago.com\/viadelaplata\/apoio-madeira-madeira\/","url":"https:\/\/www.rumoasantiago.com\/viadelaplata\/apoio-madeira-madeira\/","name":"Apoio Madeira & Madeira - Via de la Plata","isPartOf":{"@id":"https:\/\/www.rumoasantiago.com\/viadelaplata\/#website"},"datePublished":"2012-07-06T18:53:45+00:00","dateModified":"2012-07-06T18:53:45+00:00","author":{"@id":"https:\/\/www.rumoasantiago.com\/viadelaplata\/#\/schema\/person\/72f32049b1b85d455e20c086d02608ee"},"breadcrumb":{"@id":"https:\/\/www.rumoasantiago.com\/viadelaplata\/apoio-madeira-madeira\/#breadcrumb"},"inLanguage":"pt-PT","potentialAction":[{"@type":"ReadAction","target":["https:\/\/www.rumoasantiago.com\/viadelaplata\/apoio-madeira-madeira\/"]}]},{"@type":"BreadcrumbList","@id":"https:\/\/www.rumoasantiago.com\/viadelaplata\/apoio-madeira-madeira\/#breadcrumb","itemListElement":[{"@type":"ListItem","position":1,"name":"Home","item":"https:\/\/www.rumoasantiago.com\/viadelaplata\/"},{"@type":"ListItem","position":2,"name":"Apoio Madeira &#038; Madeira"}]},{"@type":"WebSite","@id":"https:\/\/www.rumoasantiago.com\/viadelaplata\/#website","url":"https:\/\/www.rumoasantiago.com\/viadelaplata\/","name":"Via de la Plata","description":"Travessia da Via de la Plata","potentialAction":[{"@type":"SearchAction","target":{"@type":"EntryPoint","urlTemplate":"https:\/\/www.rumoasantiago.com\/viadelaplata\/?s={search_term_string}"},"query-input":"required name=search_term_string"}],"inLanguage":"pt-PT"},{"@type":"Person","@id":"https:\/\/www.rumoasantiago.com\/viadelaplata\/#\/schema\/person\/72f32049b1b85d455e20c086d02608ee","name":"norberto","image":{"@type":"ImageObject","inLanguage":"pt-PT","@id":"https:\/\/www.rumoasantiago.com\/viadelaplata\/#\/schema\/person\/image\/","url":"https:\/\/secure.gravatar.com\/avatar\/258e8e796306c4f0066b7a531bd3db2d?s=96&d=mm&r=g","contentUrl":"https:\/\/secure.gravatar.com\/avatar\/258e8e796306c4f0066b7a531bd3db2d?s=96&d=mm&r=g","caption":"norberto"},"url":"https:\/\/www.rumoasantiago.com\/viadelaplata\/author\/norberto\/"}]}},"publishpress_future_action":{"enabled":false,"date":"0","action":"","terms":[],"taxonomy":""},"_links":{"self":[{"href":"https:\/\/www.rumoasantiago.com\/viadelaplata\/wp-json\/wp\/v2\/posts\/300"}],"collection":[{"href":"https:\/\/www.rumoasantiago.com\/viadelaplata\/wp-json\/wp\/v2\/posts"}],"about":[{"href":"https:\/\/www.rumoasantiago.com\/viadelaplata\/wp-json\/wp\/v2\/types\/post"}],"author":[{"embeddable":true,"href":"https:\/\/www.rumoasantiago.com\/viadelaplata\/wp-json\/wp\/v2\/users\/1"}],"replies":[{"embeddable":true,"href":"https:\/\/www.rumoasantiago.com\/viadelaplata\/wp-json\/wp\/v2\/comments?post=300"}],"version-history":[{"count":3,"href":"https:\/\/www.rumoasantiago.com\/viadelaplata\/wp-json\/wp\/v2\/posts\/300\/revisions"}],"predecessor-version":[{"id":305,"href":"https:\/\/www.rumoasantiago.com\/viadelaplata\/wp-json\/wp\/v2\/posts\/300\/revisions\/305"}],"wp:attachment":[{"href":"https:\/\/www.rumoasantiago.com\/viadelaplata\/wp-json\/wp\/v2\/media?parent=300"}],"wp:term":[{"taxonomy":"category","embeddable":true,"href":"https:\/\/www.rumoasantiago.com\/viadelaplata\/wp-json\/wp\/v2\/categories?post=300"},{"taxonomy":"post_tag","embeddable":true,"href":"https:\/\/www.rumoasantiago.com\/viadelaplata\/wp-json\/wp\/v2\/tags?post=300"}],"curies":[{"name":"wp","href":"https:\/\/api.w.org\/{rel}","templated":true}]}}