{"id":234,"date":"2012-07-03T23:20:57","date_gmt":"2012-07-03T23:20:57","guid":{"rendered":"http:\/\/www.rumoasantiago.com\/viadelaplata\/?p=234"},"modified":"2012-07-06T01:14:50","modified_gmt":"2012-07-06T01:14:50","slug":"apoio-thule","status":"publish","type":"post","link":"https:\/\/www.rumoasantiago.com\/viadelaplata\/apoio-thule\/","title":{"rendered":"Apoio Thule"},"content":{"rendered":"<p><a href=\"http:\/\/www.thule.com\" target=\"_blank\"><img decoding=\"async\" loading=\"lazy\" class=\"alignleft size-medium wp-image-239\" style=\"margin: 5px;\" title=\"thule-400px\" src=\"https:\/\/www.rumoasantiago.com\/viadelaplata\/files\/2012\/07\/thule-400px-300x105.png\" alt=\"\" width=\"300\" height=\"105\" srcset=\"https:\/\/www.rumoasantiago.com\/viadelaplata\/files\/2012\/07\/thule-400px-300x105.png 300w, https:\/\/www.rumoasantiago.com\/viadelaplata\/files\/2012\/07\/thule-400px.png 400w\" sizes=\"(max-width: 300px) 100vw, 300px\" \/><\/a><\/p>\n<p>O projeto Rumo a Santiago conta com mais uma colabora\u00e7\u00e3o de excel\u00eancia. A Thule, atrav\u00e9s do seu representante em solo portugu\u00eas, ir\u00e1 fornecer-nos uma unidade do suporte Thule Cross, que \u00e9 uma edi\u00e7\u00e3o limitada do Thule ProRide 591, em cor antracite.<\/p>\n<p><a href=\"https:\/\/www.rumoasantiago.com\/viadelaplata\/files\/2012\/07\/thule-cross-bike-rack-adventure-team-redesign.png\"><br \/>\n<img decoding=\"async\" loading=\"lazy\" class=\"alignleft size-full wp-image-235\" title=\"thule-cross-bike-rack-adventure-team-redesign\" src=\"https:\/\/www.rumoasantiago.com\/viadelaplata\/files\/2012\/07\/thule-cross-bike-rack-adventure-team-redesign.png\" alt=\"\" width=\"610\" height=\"75\" srcset=\"https:\/\/www.rumoasantiago.com\/viadelaplata\/files\/2012\/07\/thule-cross-bike-rack-adventure-team-redesign.png 610w, https:\/\/www.rumoasantiago.com\/viadelaplata\/files\/2012\/07\/thule-cross-bike-rack-adventure-team-redesign-300x36.png 300w\" sizes=\"(max-width: 610px) 100vw, 610px\" \/><\/a><\/p>\n<p>Este \u00e9, sem d\u00favida, um fant\u00e1stico apoio e que nos ser\u00e1 muito \u00fatil. Muito obrigado por acreditarem em n\u00f3s e por nos apoiarem!<\/p>\n<div class=\"al2fb_like_button\"><div id=\"fb-root\"><\/div><script type=\"text\/javascript\">\n(function(d, s, id) {\n  var js, fjs = d.getElementsByTagName(s)[0];\n  if (d.getElementById(id)) return;\n  js = d.createElement(s); js.id = id;\n  js.src = \"\/\/connect.facebook.net\/pt_PT\/all.js#xfbml=1&appId=118672068213591\";\n  fjs.parentNode.insertBefore(js, fjs);\n}(document, \"script\", \"facebook-jssdk\"));\n<\/script>\n<fb:like href=\"https:\/\/www.rumoasantiago.com\/viadelaplata\/apoio-thule\/\" layout=\"button_count\" show_faces=\"true\" share=\"false\" width=\"450\" action=\"like\" font=\"arial\" colorscheme=\"light\" ref=\"AL2FB\"><\/fb:like><\/div>","protected":false},"excerpt":{"rendered":"<p>O projeto Rumo a Santiago conta com mais uma colabora\u00e7\u00e3o de excel\u00eancia. A Thule, atrav\u00e9s do seu representante em solo portugu\u00eas, ir\u00e1 fornecer-nos uma unidade do suporte Thule Cross, que \u00e9 uma edi\u00e7\u00e3o limitada do Thule ProRide 591, em cor antracite. Este \u00e9, sem d\u00favida, um fant\u00e1stico apoio e que nos ser\u00e1 muito \u00fatil. Muito [&hellip;]<\/p>\n","protected":false},"author":1,"featured_media":0,"comment_status":"open","ping_status":"open","sticky":false,"template":"","format":"standard","meta":[],"categories":[8,9],"tags":[],"yoast_head":"<!-- This site is optimized with the Yoast SEO plugin v20.10 - https:\/\/yoast.com\/wordpress\/plugins\/seo\/ -->\n<title>Apoio Thule - Via de la Plata<\/title>\n<meta name=\"robots\" content=\"index, follow, max-snippet:-1, max-image-preview:large, max-video-preview:-1\" \/>\n<link rel=\"canonical\" href=\"https:\/\/www.rumoasantiago.com\/viadelaplata\/apoio-thule\/\" \/>\n<meta property=\"og:locale\" content=\"pt_PT\" \/>\n<meta property=\"og:type\" content=\"article\" \/>\n<meta property=\"og:title\" content=\"Apoio Thule - Via de la Plata\" \/>\n<meta property=\"og:description\" content=\"O projeto Rumo a Santiago conta com mais uma colabora\u00e7\u00e3o de excel\u00eancia. A Thule, atrav\u00e9s do seu representante em solo portugu\u00eas, ir\u00e1 fornecer-nos uma unidade do suporte Thule Cross, que \u00e9 uma edi\u00e7\u00e3o limitada do Thule ProRide 591, em cor antracite. Este \u00e9, sem d\u00favida, um fant\u00e1stico apoio e que nos ser\u00e1 muito \u00fatil. Muito [&hellip;]\" \/>\n<meta property=\"og:url\" content=\"https:\/\/www.rumoasantiago.com\/viadelaplata\/apoio-thule\/\" \/>\n<meta property=\"og:site_name\" content=\"Via de la Plata\" \/>\n<meta property=\"article:published_time\" content=\"2012-07-03T23:20:57+00:00\" \/>\n<meta property=\"article:modified_time\" content=\"2012-07-06T01:14:50+00:00\" \/>\n<meta property=\"og:image\" content=\"http:\/\/www.rumoasantiago.com\/viadelaplata\/files\/2012\/07\/thule-400px-300x105.png\" \/>\n<meta name=\"author\" content=\"norberto\" \/>\n<meta name=\"twitter:card\" content=\"summary_large_image\" \/>\n<meta name=\"twitter:label1\" content=\"Escrito por\" \/>\n\t<meta name=\"twitter:data1\" content=\"norberto\" \/>\n<script type=\"application\/ld+json\" class=\"yoast-schema-graph\">{\"@context\":\"https:\/\/schema.org\",\"@graph\":[{\"@type\":\"WebPage\",\"@id\":\"https:\/\/www.rumoasantiago.com\/viadelaplata\/apoio-thule\/\",\"url\":\"https:\/\/www.rumoasantiago.com\/viadelaplata\/apoio-thule\/\",\"name\":\"Apoio Thule - Via de la Plata\",\"isPartOf\":{\"@id\":\"https:\/\/www.rumoasantiago.com\/viadelaplata\/#website\"},\"datePublished\":\"2012-07-03T23:20:57+00:00\",\"dateModified\":\"2012-07-06T01:14:50+00:00\",\"author\":{\"@id\":\"https:\/\/www.rumoasantiago.com\/viadelaplata\/#\/schema\/person\/72f32049b1b85d455e20c086d02608ee\"},\"breadcrumb\":{\"@id\":\"https:\/\/www.rumoasantiago.com\/viadelaplata\/apoio-thule\/#breadcrumb\"},\"inLanguage\":\"pt-PT\",\"potentialAction\":[{\"@type\":\"ReadAction\",\"target\":[\"https:\/\/www.rumoasantiago.com\/viadelaplata\/apoio-thule\/\"]}]},{\"@type\":\"BreadcrumbList\",\"@id\":\"https:\/\/www.rumoasantiago.com\/viadelaplata\/apoio-thule\/#breadcrumb\",\"itemListElement\":[{\"@type\":\"ListItem\",\"position\":1,\"name\":\"Home\",\"item\":\"https:\/\/www.rumoasantiago.com\/viadelaplata\/\"},{\"@type\":\"ListItem\",\"position\":2,\"name\":\"Apoio Thule\"}]},{\"@type\":\"WebSite\",\"@id\":\"https:\/\/www.rumoasantiago.com\/viadelaplata\/#website\",\"url\":\"https:\/\/www.rumoasantiago.com\/viadelaplata\/\",\"name\":\"Via de la Plata\",\"description\":\"Travessia da Via de la Plata\",\"potentialAction\":[{\"@type\":\"SearchAction\",\"target\":{\"@type\":\"EntryPoint\",\"urlTemplate\":\"https:\/\/www.rumoasantiago.com\/viadelaplata\/?s={search_term_string}\"},\"query-input\":\"required name=search_term_string\"}],\"inLanguage\":\"pt-PT\"},{\"@type\":\"Person\",\"@id\":\"https:\/\/www.rumoasantiago.com\/viadelaplata\/#\/schema\/person\/72f32049b1b85d455e20c086d02608ee\",\"name\":\"norberto\",\"image\":{\"@type\":\"ImageObject\",\"inLanguage\":\"pt-PT\",\"@id\":\"https:\/\/www.rumoasantiago.com\/viadelaplata\/#\/schema\/person\/image\/\",\"url\":\"https:\/\/secure.gravatar.com\/avatar\/258e8e796306c4f0066b7a531bd3db2d?s=96&d=mm&r=g\",\"contentUrl\":\"https:\/\/secure.gravatar.com\/avatar\/258e8e796306c4f0066b7a531bd3db2d?s=96&d=mm&r=g\",\"caption\":\"norberto\"},\"url\":\"https:\/\/www.rumoasantiago.com\/viadelaplata\/author\/norberto\/\"}]}<\/script>\n<!-- \/ Yoast SEO plugin. -->","yoast_head_json":{"title":"Apoio Thule - Via de la Plata","robots":{"index":"index","follow":"follow","max-snippet":"max-snippet:-1","max-image-preview":"max-image-preview:large","max-video-preview":"max-video-preview:-1"},"canonical":"https:\/\/www.rumoasantiago.com\/viadelaplata\/apoio-thule\/","og_locale":"pt_PT","og_type":"article","og_title":"Apoio Thule - Via de la Plata","og_description":"O projeto Rumo a Santiago conta com mais uma colabora\u00e7\u00e3o de excel\u00eancia. A Thule, atrav\u00e9s do seu representante em solo portugu\u00eas, ir\u00e1 fornecer-nos uma unidade do suporte Thule Cross, que \u00e9 uma edi\u00e7\u00e3o limitada do Thule ProRide 591, em cor antracite. Este \u00e9, sem d\u00favida, um fant\u00e1stico apoio e que nos ser\u00e1 muito \u00fatil. Muito [&hellip;]","og_url":"https:\/\/www.rumoasantiago.com\/viadelaplata\/apoio-thule\/","og_site_name":"Via de la Plata","article_published_time":"2012-07-03T23:20:57+00:00","article_modified_time":"2012-07-06T01:14:50+00:00","og_image":[{"url":"http:\/\/www.rumoasantiago.com\/viadelaplata\/files\/2012\/07\/thule-400px-300x105.png"}],"author":"norberto","twitter_card":"summary_large_image","twitter_misc":{"Escrito por":"norberto"},"schema":{"@context":"https:\/\/schema.org","@graph":[{"@type":"WebPage","@id":"https:\/\/www.rumoasantiago.com\/viadelaplata\/apoio-thule\/","url":"https:\/\/www.rumoasantiago.com\/viadelaplata\/apoio-thule\/","name":"Apoio Thule - Via de la Plata","isPartOf":{"@id":"https:\/\/www.rumoasantiago.com\/viadelaplata\/#website"},"datePublished":"2012-07-03T23:20:57+00:00","dateModified":"2012-07-06T01:14:50+00:00","author":{"@id":"https:\/\/www.rumoasantiago.com\/viadelaplata\/#\/schema\/person\/72f32049b1b85d455e20c086d02608ee"},"breadcrumb":{"@id":"https:\/\/www.rumoasantiago.com\/viadelaplata\/apoio-thule\/#breadcrumb"},"inLanguage":"pt-PT","potentialAction":[{"@type":"ReadAction","target":["https:\/\/www.rumoasantiago.com\/viadelaplata\/apoio-thule\/"]}]},{"@type":"BreadcrumbList","@id":"https:\/\/www.rumoasantiago.com\/viadelaplata\/apoio-thule\/#breadcrumb","itemListElement":[{"@type":"ListItem","position":1,"name":"Home","item":"https:\/\/www.rumoasantiago.com\/viadelaplata\/"},{"@type":"ListItem","position":2,"name":"Apoio Thule"}]},{"@type":"WebSite","@id":"https:\/\/www.rumoasantiago.com\/viadelaplata\/#website","url":"https:\/\/www.rumoasantiago.com\/viadelaplata\/","name":"Via de la Plata","description":"Travessia da Via de la Plata","potentialAction":[{"@type":"SearchAction","target":{"@type":"EntryPoint","urlTemplate":"https:\/\/www.rumoasantiago.com\/viadelaplata\/?s={search_term_string}"},"query-input":"required name=search_term_string"}],"inLanguage":"pt-PT"},{"@type":"Person","@id":"https:\/\/www.rumoasantiago.com\/viadelaplata\/#\/schema\/person\/72f32049b1b85d455e20c086d02608ee","name":"norberto","image":{"@type":"ImageObject","inLanguage":"pt-PT","@id":"https:\/\/www.rumoasantiago.com\/viadelaplata\/#\/schema\/person\/image\/","url":"https:\/\/secure.gravatar.com\/avatar\/258e8e796306c4f0066b7a531bd3db2d?s=96&d=mm&r=g","contentUrl":"https:\/\/secure.gravatar.com\/avatar\/258e8e796306c4f0066b7a531bd3db2d?s=96&d=mm&r=g","caption":"norberto"},"url":"https:\/\/www.rumoasantiago.com\/viadelaplata\/author\/norberto\/"}]}},"publishpress_future_action":{"enabled":false,"date":"0","action":"","terms":[],"taxonomy":""},"_links":{"self":[{"href":"https:\/\/www.rumoasantiago.com\/viadelaplata\/wp-json\/wp\/v2\/posts\/234"}],"collection":[{"href":"https:\/\/www.rumoasantiago.com\/viadelaplata\/wp-json\/wp\/v2\/posts"}],"about":[{"href":"https:\/\/www.rumoasantiago.com\/viadelaplata\/wp-json\/wp\/v2\/types\/post"}],"author":[{"embeddable":true,"href":"https:\/\/www.rumoasantiago.com\/viadelaplata\/wp-json\/wp\/v2\/users\/1"}],"replies":[{"embeddable":true,"href":"https:\/\/www.rumoasantiago.com\/viadelaplata\/wp-json\/wp\/v2\/comments?post=234"}],"version-history":[{"count":8,"href":"https:\/\/www.rumoasantiago.com\/viadelaplata\/wp-json\/wp\/v2\/posts\/234\/revisions"}],"predecessor-version":[{"id":288,"href":"https:\/\/www.rumoasantiago.com\/viadelaplata\/wp-json\/wp\/v2\/posts\/234\/revisions\/288"}],"wp:attachment":[{"href":"https:\/\/www.rumoasantiago.com\/viadelaplata\/wp-json\/wp\/v2\/media?parent=234"}],"wp:term":[{"taxonomy":"category","embeddable":true,"href":"https:\/\/www.rumoasantiago.com\/viadelaplata\/wp-json\/wp\/v2\/categories?post=234"},{"taxonomy":"post_tag","embeddable":true,"href":"https:\/\/www.rumoasantiago.com\/viadelaplata\/wp-json\/wp\/v2\/tags?post=234"}],"curies":[{"name":"wp","href":"https:\/\/api.w.org\/{rel}","templated":true}]}}