{"id":417,"date":"2016-06-23T20:32:43","date_gmt":"2016-06-23T20:32:43","guid":{"rendered":"http:\/\/www.rumoasantiago.com\/levante\/?p=417"},"modified":"2016-06-23T20:32:43","modified_gmt":"2016-06-23T20:32:43","slug":"etapa-15-alcancamos-santiago","status":"publish","type":"post","link":"https:\/\/www.rumoasantiago.com\/levante\/etapa-15-alcancamos-santiago\/","title":{"rendered":"Etapa 15 &#8211; Alcan\u00e7\u00e1mos Santiago!"},"content":{"rendered":"<p>E foi assim, 15 dias depois, cerca de 1220 quil\u00f3metros percorridos, que entr\u00e1mos na m\u00edtica Pra\u00e7a do Obradoiro.<br \/>\nO dia come\u00e7ou como de costume com um bom pequeno almo\u00e7o refor\u00e7ado. O tempo l\u00e1 fora n\u00e3o sei revelou muito agrad\u00e1vel: o que inicialmente parecia nevoeiro era na realidade uma chuva mi\u00fada que nos obrigou a repensar a indument\u00e1ria para este dia.<br \/>\nImperme\u00e1vel vestido, l\u00e1 nos pusemos no Caminho, deixando para tr\u00e1s Silleda.<br \/>\nO percurso tem uns quil\u00f3metros iniciais de descida entre alcatr\u00e3o e trilhos que v\u00e3o serpenteando ao longo da estrada nacional. Com a proximidade a Santiago deixam de ser t\u00e3o frequentes os trilhos em floresta que ainda assim, v\u00e3o surgindo de vez em quando.<br \/>\nPassados 7 ou 8 quil\u00f3metros o imperme\u00e1vel j\u00e1 era mais estorvo do que pr\u00e1tico, pelo preferimos arriscar algumas pingas a manter a estufa.<br \/>\nNovamente a altimetria de hoje fazia entender que ir\u00edamos tendencialmente descer. Assim foi, mas \u00e0s v\u00e1rias &#8220;arritmias&#8221; do gr\u00e1fico de altimetria fizeram valer o pequeno almo\u00e7o refor\u00e7ado de hoje. 770 metros de acumulado positivo para 41 quil\u00f3metros, n\u00e3o sendo uma marca terrivelmente esfor\u00e7ada, j\u00e1 \u00e9 um n\u00famero interessante.<br \/>\nDe todas as etapas esta foi a que mais peregrinos encontr\u00e1mos. Como sempre, l\u00e1 fomos vendo um ou outro &#8220;turigrino&#8221; de passo leve e pouca carga aos ombros, embora em muito menos quantidade que noutros anos.<br \/>\nPela diferen\u00e7a do n\u00famero de peregrinos que vimos noutras etapas, percebe-se que muitos planearam a chegada a Santiago para um destes dias at\u00e9 domingo.<br \/>\nA entrada na Pra\u00e7a do Obradoiro \u00e9 sempre emocionante. Por mais anos e Caminhos que passem, a emo\u00e7\u00e3o apodera-se sempre de n\u00f3s e \u00e9 uma sensa\u00e7\u00e3o indescrit\u00edvel chegar ao fim de uma jornada t\u00e3o grande e sentir aquele gosto agridoce de conseguir cumprir um objetivo e ao mesmo tempo saber que a rotina do trabalho e do dia a dia est\u00e1 quase de regresso.<br \/>\nAo fim de cerca de 20 minutos de termos chegado eis que reencontramos o nosso amigo Jordi, que tamb\u00e9m tinha acabado de chegar. Mais uma amizade que fica com a marca do Caminho!<br \/>\nFeitas as fotos, dirigimo-nos para o albergue Mundoalbergue, onde j\u00e1 \u00e9 quase tradi\u00e7\u00e3o passar a noite da chegada a Santiago. Prepar\u00e1mos as bicicletas para amanh\u00e3, fizemos o nosso lanche do almo\u00e7o e fomos tratar de fazer uma &#8220;pequena&#8221; soneca, que se estendeu at\u00e9 \u00e0s 17h.<br \/>\nA Oficina do Peregrino est\u00e1 agora localizada num outro edif\u00edcio bem maior e mais pr\u00e1tico. Para l\u00e1 chegar h\u00e1 apenas que descer a rampa junto ao Parador, virar \u00e0 direita e no final da rua virar \u00e0 esquerda. A\u00ed encontrar\u00e3o o edif\u00edcio novo.<br \/>\nEsper\u00e1mos algum tempo na fila para a obten\u00e7\u00e3o da Compostela, onde fomos percebendo de onde vinham muitos dos peregrinos que ali estavam. A maioria vinha de Sarria (Caminho Franc\u00eas, \u00faltimos 100 quil\u00f3metros).<br \/>\nDepois do passeio t\u00edpico pelas ruas de Santiago e de visitar as lojas de recuerdos, o objetivo seguinte foi encontrar uma boa empanada que s\u00f3 se encontram por aqui. Objetivo cumprido e fome saciada :).<br \/>\nHoje o descanso \u00e9 feito mais cedo do que o habitual. A nossa sa\u00edda est\u00e1 prevista para as 5h da manh\u00e3 e com 190 quil\u00f3metros para fazer, o roadbook tem de ser seguido \u00e0 letra. E \u00e9 com pena nossa que vamos descansar t\u00e3o cedo, pois hoje \u00e9 dia do festa por Santiago, com direito a fogo de artif\u00edcio. Vale o facto de termos o S\u00e3o Jo\u00e3o de Braga \u00e0 nossa espera amanh\u00e3 :). <\/p>\n<p>Antes de terminar, convidamos todos os que quiserem a acompanharem-nos nos nossos quil\u00f3metros finais. A nossa previs\u00e3o de chegada a Valen\u00e7a \u00e9 algures entre as 16h e as 17h. A partir da\u00ed continuamos pelo Caminho at\u00e9 Ponte de Lima, evitando algumas das subidas menos cicl\u00e1veis (nomeadamente a Labruja). Em Ponte de Lima tomamos o Caminho Torres em dire\u00e7\u00e3o a Braga, num misto de caminho e asfalto conforme a hora e as pernas. <\/p>\n<p><a href=\"http:\/\/www.rumoasantiago.com\/levante\/files\/2016\/06\/14667133449019.jpg\"><img decoding=\"async\" title=\"14667133449019.jpg\" class=\"alignnone size-full\"  alt=\"image\" src=\"http:\/\/www.rumoasantiago.com\/levante\/files\/2016\/06\/14667133449019.jpg\" \/><\/a><\/p>\n<p><a href=\"http:\/\/www.rumoasantiago.com\/levante\/files\/2016\/06\/14667133416402.jpg\"><img decoding=\"async\" title=\"14667133416402.jpg\" class=\"alignnone size-full\"  alt=\"image\" src=\"http:\/\/www.rumoasantiago.com\/levante\/files\/2016\/06\/14667133416402.jpg\" \/><\/a><\/p>\n<p><a href=\"http:\/\/www.rumoasantiago.com\/levante\/files\/2016\/06\/14667133425793.jpg\"><img decoding=\"async\" title=\"14667133425793.jpg\" class=\"alignnone size-full\"  alt=\"image\" src=\"http:\/\/www.rumoasantiago.com\/levante\/files\/2016\/06\/14667133425793.jpg\" \/><\/a><\/p>\n<p><a href=\"http:\/\/www.rumoasantiago.com\/levante\/files\/2016\/06\/14667133429694.jpg\"><img decoding=\"async\" title=\"14667133429694.jpg\" class=\"alignnone size-full\"  alt=\"image\" src=\"http:\/\/www.rumoasantiago.com\/levante\/files\/2016\/06\/14667133429694.jpg\" \/><\/a><\/p>\n<p><a href=\"http:\/\/www.rumoasantiago.com\/levante\/files\/2016\/06\/14667133444556.jpg\"><img decoding=\"async\" title=\"14667133444556.jpg\" class=\"alignnone size-full\"  alt=\"image\" src=\"http:\/\/www.rumoasantiago.com\/levante\/files\/2016\/06\/14667133444556.jpg\" \/><\/a><\/p>\n<p><a href=\"http:\/\/www.rumoasantiago.com\/levante\/files\/2016\/06\/14667133444707.jpg\"><img decoding=\"async\" title=\"14667133444707.jpg\" class=\"alignnone size-full\"  alt=\"image\" src=\"http:\/\/www.rumoasantiago.com\/levante\/files\/2016\/06\/14667133444707.jpg\" \/><\/a><\/p>\n<p><a href=\"http:\/\/www.rumoasantiago.com\/levante\/files\/2016\/06\/14667133446868.jpg\"><img decoding=\"async\" title=\"14667133446868.jpg\" class=\"alignnone size-full\"  alt=\"image\" src=\"http:\/\/www.rumoasantiago.com\/levante\/files\/2016\/06\/14667133446868.jpg\" \/><\/a><\/p>\n<p><a href=\"http:\/\/www.rumoasantiago.com\/levante\/files\/2016\/06\/14667133456203.jpg\"><img decoding=\"async\" title=\"14667133456203.jpg\" class=\"alignnone size-full\"  alt=\"image\" src=\"http:\/\/www.rumoasantiago.com\/levante\/files\/2016\/06\/14667133456203.jpg\" \/><\/a><\/p>\n<p><a href=\"http:\/\/www.rumoasantiago.com\/levante\/files\/2016\/06\/14667133453981.jpg\"><img decoding=\"async\" title=\"14667133453981.jpg\" class=\"alignnone size-full\"  alt=\"image\" src=\"http:\/\/www.rumoasantiago.com\/levante\/files\/2016\/06\/14667133453981.jpg\" \/><\/a><\/p>\n<p><a href=\"http:\/\/www.rumoasantiago.com\/levante\/files\/2016\/06\/14667133458814.jpg\"><img decoding=\"async\" title=\"14667133458814.jpg\" class=\"alignnone size-full\"  alt=\"image\" src=\"http:\/\/www.rumoasantiago.com\/levante\/files\/2016\/06\/14667133458814.jpg\" \/><\/a><\/p>\n<div class=\"al2fb_like_button\"><div id=\"fb-root\"><\/div><script type=\"text\/javascript\">\n(function(d, s, id) {\n  var js, fjs = d.getElementsByTagName(s)[0];\n  if (d.getElementById(id)) return;\n  js = d.createElement(s); js.id = id;\n  js.src = \"\/\/connect.facebook.net\/pt_PT\/all.js#xfbml=1&appId=118672068213591\";\n  fjs.parentNode.insertBefore(js, fjs);\n}(document, \"script\", \"facebook-jssdk\"));\n<\/script>\n<fb:like href=\"https:\/\/www.rumoasantiago.com\/levante\/etapa-15-alcancamos-santiago\/\" layout=\"button_count\" show_faces=\"true\" share=\"true\" width=\"450\" action=\"like\" font=\"arial\" colorscheme=\"light\" ref=\"AL2FB\"><\/fb:like><\/div>","protected":false},"excerpt":{"rendered":"<p>E foi assim, 15 dias depois, cerca de 1220 quil\u00f3metros percorridos, que entr\u00e1mos na m\u00edtica Pra\u00e7a do Obradoiro. O dia come\u00e7ou como de costume com um bom pequeno almo\u00e7o refor\u00e7ado. O tempo l\u00e1 fora n\u00e3o sei revelou muito agrad\u00e1vel: o que inicialmente parecia nevoeiro era na realidade uma chuva mi\u00fada que nos obrigou a repensar [&hellip;]<\/p>\n","protected":false},"author":1,"featured_media":0,"comment_status":"open","ping_status":"open","sticky":false,"template":"","format":"standard","meta":[],"categories":[4,6],"tags":[],"yoast_head":"<!-- This site is optimized with the Yoast SEO plugin v20.10 - https:\/\/yoast.com\/wordpress\/plugins\/seo\/ -->\n<title>Etapa 15 - Alcan\u00e7\u00e1mos Santiago! - Caminho do Levante<\/title>\n<meta name=\"robots\" content=\"index, follow, max-snippet:-1, max-image-preview:large, max-video-preview:-1\" \/>\n<link rel=\"canonical\" href=\"http:\/\/www.rumoasantiago.com\/levante\/etapa-15-alcancamos-santiago\/\" \/>\n<meta property=\"og:locale\" content=\"pt_PT\" \/>\n<meta property=\"og:type\" content=\"article\" \/>\n<meta property=\"og:title\" content=\"Etapa 15 - Alcan\u00e7\u00e1mos Santiago! - Caminho do Levante\" \/>\n<meta property=\"og:description\" content=\"E foi assim, 15 dias depois, cerca de 1220 quil\u00f3metros percorridos, que entr\u00e1mos na m\u00edtica Pra\u00e7a do Obradoiro. O dia come\u00e7ou como de costume com um bom pequeno almo\u00e7o refor\u00e7ado. O tempo l\u00e1 fora n\u00e3o sei revelou muito agrad\u00e1vel: o que inicialmente parecia nevoeiro era na realidade uma chuva mi\u00fada que nos obrigou a repensar [&hellip;]\" \/>\n<meta property=\"og:url\" content=\"http:\/\/www.rumoasantiago.com\/levante\/etapa-15-alcancamos-santiago\/\" \/>\n<meta property=\"og:site_name\" content=\"Caminho do Levante\" \/>\n<meta property=\"article:published_time\" content=\"2016-06-23T20:32:43+00:00\" \/>\n<meta property=\"og:image\" content=\"http:\/\/www.rumoasantiago.com\/levante\/files\/2016\/06\/14667133449019.jpg\" \/>\n<meta name=\"author\" content=\"norberto\" \/>\n<meta name=\"twitter:card\" content=\"summary_large_image\" \/>\n<meta name=\"twitter:label1\" content=\"Escrito por\" \/>\n\t<meta name=\"twitter:data1\" content=\"norberto\" \/>\n\t<meta name=\"twitter:label2\" content=\"Tempo estimado de leitura\" \/>\n\t<meta name=\"twitter:data2\" content=\"3 minutos\" \/>\n<script type=\"application\/ld+json\" class=\"yoast-schema-graph\">{\"@context\":\"https:\/\/schema.org\",\"@graph\":[{\"@type\":\"WebPage\",\"@id\":\"http:\/\/www.rumoasantiago.com\/levante\/etapa-15-alcancamos-santiago\/\",\"url\":\"http:\/\/www.rumoasantiago.com\/levante\/etapa-15-alcancamos-santiago\/\",\"name\":\"Etapa 15 - Alcan\u00e7\u00e1mos Santiago! - Caminho do Levante\",\"isPartOf\":{\"@id\":\"http:\/\/www.rumoasantiago.com\/levante\/#website\"},\"datePublished\":\"2016-06-23T20:32:43+00:00\",\"dateModified\":\"2016-06-23T20:32:43+00:00\",\"author\":{\"@id\":\"http:\/\/www.rumoasantiago.com\/levante\/#\/schema\/person\/72f32049b1b85d455e20c086d02608ee\"},\"breadcrumb\":{\"@id\":\"http:\/\/www.rumoasantiago.com\/levante\/etapa-15-alcancamos-santiago\/#breadcrumb\"},\"inLanguage\":\"pt-PT\",\"potentialAction\":[{\"@type\":\"ReadAction\",\"target\":[\"http:\/\/www.rumoasantiago.com\/levante\/etapa-15-alcancamos-santiago\/\"]}]},{\"@type\":\"BreadcrumbList\",\"@id\":\"http:\/\/www.rumoasantiago.com\/levante\/etapa-15-alcancamos-santiago\/#breadcrumb\",\"itemListElement\":[{\"@type\":\"ListItem\",\"position\":1,\"name\":\"Home\",\"item\":\"http:\/\/www.rumoasantiago.com\/levante\/\"},{\"@type\":\"ListItem\",\"position\":2,\"name\":\"Etapa 15 &#8211; Alcan\u00e7\u00e1mos Santiago!\"}]},{\"@type\":\"WebSite\",\"@id\":\"http:\/\/www.rumoasantiago.com\/levante\/#website\",\"url\":\"http:\/\/www.rumoasantiago.com\/levante\/\",\"name\":\"Caminho do Levante\",\"description\":\"Travessia do Caminho do Levante\",\"potentialAction\":[{\"@type\":\"SearchAction\",\"target\":{\"@type\":\"EntryPoint\",\"urlTemplate\":\"http:\/\/www.rumoasantiago.com\/levante\/?s={search_term_string}\"},\"query-input\":\"required name=search_term_string\"}],\"inLanguage\":\"pt-PT\"},{\"@type\":\"Person\",\"@id\":\"http:\/\/www.rumoasantiago.com\/levante\/#\/schema\/person\/72f32049b1b85d455e20c086d02608ee\",\"name\":\"norberto\",\"image\":{\"@type\":\"ImageObject\",\"inLanguage\":\"pt-PT\",\"@id\":\"http:\/\/www.rumoasantiago.com\/levante\/#\/schema\/person\/image\/\",\"url\":\"https:\/\/secure.gravatar.com\/avatar\/258e8e796306c4f0066b7a531bd3db2d?s=96&d=mm&r=g\",\"contentUrl\":\"https:\/\/secure.gravatar.com\/avatar\/258e8e796306c4f0066b7a531bd3db2d?s=96&d=mm&r=g\",\"caption\":\"norberto\"},\"url\":\"https:\/\/www.rumoasantiago.com\/levante\/author\/norberto\/\"}]}<\/script>\n<!-- \/ Yoast SEO plugin. -->","yoast_head_json":{"title":"Etapa 15 - Alcan\u00e7\u00e1mos Santiago! - Caminho do Levante","robots":{"index":"index","follow":"follow","max-snippet":"max-snippet:-1","max-image-preview":"max-image-preview:large","max-video-preview":"max-video-preview:-1"},"canonical":"http:\/\/www.rumoasantiago.com\/levante\/etapa-15-alcancamos-santiago\/","og_locale":"pt_PT","og_type":"article","og_title":"Etapa 15 - Alcan\u00e7\u00e1mos Santiago! - Caminho do Levante","og_description":"E foi assim, 15 dias depois, cerca de 1220 quil\u00f3metros percorridos, que entr\u00e1mos na m\u00edtica Pra\u00e7a do Obradoiro. O dia come\u00e7ou como de costume com um bom pequeno almo\u00e7o refor\u00e7ado. O tempo l\u00e1 fora n\u00e3o sei revelou muito agrad\u00e1vel: o que inicialmente parecia nevoeiro era na realidade uma chuva mi\u00fada que nos obrigou a repensar [&hellip;]","og_url":"http:\/\/www.rumoasantiago.com\/levante\/etapa-15-alcancamos-santiago\/","og_site_name":"Caminho do Levante","article_published_time":"2016-06-23T20:32:43+00:00","og_image":[{"url":"http:\/\/www.rumoasantiago.com\/levante\/files\/2016\/06\/14667133449019.jpg"}],"author":"norberto","twitter_card":"summary_large_image","twitter_misc":{"Escrito por":"norberto","Tempo estimado de leitura":"3 minutos"},"schema":{"@context":"https:\/\/schema.org","@graph":[{"@type":"WebPage","@id":"http:\/\/www.rumoasantiago.com\/levante\/etapa-15-alcancamos-santiago\/","url":"http:\/\/www.rumoasantiago.com\/levante\/etapa-15-alcancamos-santiago\/","name":"Etapa 15 - Alcan\u00e7\u00e1mos Santiago! - Caminho do Levante","isPartOf":{"@id":"http:\/\/www.rumoasantiago.com\/levante\/#website"},"datePublished":"2016-06-23T20:32:43+00:00","dateModified":"2016-06-23T20:32:43+00:00","author":{"@id":"http:\/\/www.rumoasantiago.com\/levante\/#\/schema\/person\/72f32049b1b85d455e20c086d02608ee"},"breadcrumb":{"@id":"http:\/\/www.rumoasantiago.com\/levante\/etapa-15-alcancamos-santiago\/#breadcrumb"},"inLanguage":"pt-PT","potentialAction":[{"@type":"ReadAction","target":["http:\/\/www.rumoasantiago.com\/levante\/etapa-15-alcancamos-santiago\/"]}]},{"@type":"BreadcrumbList","@id":"http:\/\/www.rumoasantiago.com\/levante\/etapa-15-alcancamos-santiago\/#breadcrumb","itemListElement":[{"@type":"ListItem","position":1,"name":"Home","item":"http:\/\/www.rumoasantiago.com\/levante\/"},{"@type":"ListItem","position":2,"name":"Etapa 15 &#8211; Alcan\u00e7\u00e1mos Santiago!"}]},{"@type":"WebSite","@id":"http:\/\/www.rumoasantiago.com\/levante\/#website","url":"http:\/\/www.rumoasantiago.com\/levante\/","name":"Caminho do Levante","description":"Travessia do Caminho do Levante","potentialAction":[{"@type":"SearchAction","target":{"@type":"EntryPoint","urlTemplate":"http:\/\/www.rumoasantiago.com\/levante\/?s={search_term_string}"},"query-input":"required name=search_term_string"}],"inLanguage":"pt-PT"},{"@type":"Person","@id":"http:\/\/www.rumoasantiago.com\/levante\/#\/schema\/person\/72f32049b1b85d455e20c086d02608ee","name":"norberto","image":{"@type":"ImageObject","inLanguage":"pt-PT","@id":"http:\/\/www.rumoasantiago.com\/levante\/#\/schema\/person\/image\/","url":"https:\/\/secure.gravatar.com\/avatar\/258e8e796306c4f0066b7a531bd3db2d?s=96&d=mm&r=g","contentUrl":"https:\/\/secure.gravatar.com\/avatar\/258e8e796306c4f0066b7a531bd3db2d?s=96&d=mm&r=g","caption":"norberto"},"url":"https:\/\/www.rumoasantiago.com\/levante\/author\/norberto\/"}]}},"publishpress_future_action":{"enabled":false,"date":"0","action":"","terms":[],"taxonomy":""},"_links":{"self":[{"href":"https:\/\/www.rumoasantiago.com\/levante\/wp-json\/wp\/v2\/posts\/417"}],"collection":[{"href":"https:\/\/www.rumoasantiago.com\/levante\/wp-json\/wp\/v2\/posts"}],"about":[{"href":"https:\/\/www.rumoasantiago.com\/levante\/wp-json\/wp\/v2\/types\/post"}],"author":[{"embeddable":true,"href":"https:\/\/www.rumoasantiago.com\/levante\/wp-json\/wp\/v2\/users\/1"}],"replies":[{"embeddable":true,"href":"https:\/\/www.rumoasantiago.com\/levante\/wp-json\/wp\/v2\/comments?post=417"}],"version-history":[{"count":1,"href":"https:\/\/www.rumoasantiago.com\/levante\/wp-json\/wp\/v2\/posts\/417\/revisions"}],"predecessor-version":[{"id":418,"href":"https:\/\/www.rumoasantiago.com\/levante\/wp-json\/wp\/v2\/posts\/417\/revisions\/418"}],"wp:attachment":[{"href":"https:\/\/www.rumoasantiago.com\/levante\/wp-json\/wp\/v2\/media?parent=417"}],"wp:term":[{"taxonomy":"category","embeddable":true,"href":"https:\/\/www.rumoasantiago.com\/levante\/wp-json\/wp\/v2\/categories?post=417"},{"taxonomy":"post_tag","embeddable":true,"href":"https:\/\/www.rumoasantiago.com\/levante\/wp-json\/wp\/v2\/tags?post=417"}],"curies":[{"name":"wp","href":"https:\/\/api.w.org\/{rel}","templated":true}]}}