{"id":405,"date":"2016-06-22T21:05:59","date_gmt":"2016-06-22T21:05:59","guid":{"rendered":"http:\/\/www.rumoasantiago.com\/levante\/?p=405"},"modified":"2016-06-22T21:05:59","modified_gmt":"2016-06-22T21:05:59","slug":"etapa-14-as-portas-de-santiago","status":"publish","type":"post","link":"https:\/\/www.rumoasantiago.com\/levante\/etapa-14-as-portas-de-santiago\/","title":{"rendered":"Etapa 14 &#8211; \u00c0s portas de Santiago"},"content":{"rendered":"<p>J\u00e1 come\u00e7a a sentir-se a proximidade de Santiago de Compostela. A dist\u00e2ncia que nos separava hoje de manh\u00e3 de Santiago j\u00e1 estava pr\u00f3xima dos 100 quil\u00f3metros e isso come\u00e7a a notar-se no Caminho.<br \/>\nTratando-se da localidade mais pr\u00f3xima dos 100 quil\u00f3metros de dist\u00e2ncia de Santiago, Ourense \u00e9 o ponto de in\u00edcio de Caminho de muitos peregrinos. O Caminho estava hoje, por isso mais concorrido, ainda que sem a quantidade maci\u00e7a de peregrinos que vemos em Caminhos como o Franc\u00eas ou at\u00e9 mesmo o Portugu\u00eas abaixo desta marca dos 100 quil\u00f3metros.<br \/>\nDeix\u00e1mos Ourense pela manh\u00e3, j\u00e1 a sentir o calor que se faz sentir nesta cidade. J\u00e1 dura a tarde de ontem os term\u00f3metros registavam temperaturas acima dos 40\u00b0C em Ourense e a temperatura de hoje \u00e0s 6h30 da manh\u00e3 dispensaram o corta vento e mangas do costume.<br \/>\nMas a temperatura havia de subir ainda mais da\u00ed a pouco. Estando a cidade de Ourense a uma cota bastante baixa, ao n\u00edvel do rio Minho (a cerca de 150 metros de altitude), os primeiros quil\u00f3metros foram de subida bem intensa. Esta primeira parte coincide com o Camino Real, dividido entre empedrado, paralelos e cal\u00e7ada romana que, para fazer em bicicleta, exige algum f\u00f4lego e equil\u00edbrio.<br \/>\nUltrapassada esta sec\u00e7\u00e3o do Caminho, entramos em terra batida. Come\u00e7\u00e1mos a avistar os peregrinos a p\u00e9 mais madrugadores que n\u00f3s, que nos incentivaram enquanto trep\u00e1vamos algumas das rochas que comp\u00f5em esta zona do Caminho.<br \/>\nA partir da\u00ed e at\u00e9 Cea fomos alternando entre estrad\u00f5es e trilhos dentro de floresta.<br \/>\nCheg\u00e1mos a Cea por volta das 9h30. Este era o nosso destino inicial para a etapa de hoje, mas com o adiantar de dist\u00e2ncia que temos vindo a acumular nestes \u00faltimos dias, com pena nossa deixamos para tr\u00e1s a localidade onde se come o melhor p\u00e3o de Espanha.<br \/>\nMas antes de deixar Cea aproveit\u00e1mos para fazer um pequeno lanche. \u00c9 nessa altura que surge o Jordi, o nosso amigo ciclista catal\u00e3o com quem nos temos cruzado diariamente desde Zamora.<br \/>\nSeguimos viagem e desta vez, em vez de optarmos pela variante de Oseira (que j\u00e1 tinha percorrido em 2012 em bicicleta e tamb\u00e9m em 2014 a p\u00e9), escolhemos ir por Pi\u00f1or.<br \/>\nEm conversa pr\u00e9via com o Jordi est\u00e1vamos convencidos de que seria uma variante essencialmente por estrada&#8230; N\u00e3o poder\u00edamos estar mais enganados. Esta variante leva-nos ao longo do trilhos mais a oeste muito bonitos e remotos. Al\u00e9m disso, apresentam tamb\u00e9m um n\u00edvel de dificuldade de esfor\u00e7o bastante elevado, uma vez que as descidas intensas iniciais pagam-se caro posteriormente. Ainda assim, para quem se faz deslocar de bicicleta, esta variante \u00e9 a mais adequada por ser permitam cicl\u00e1vel em praticamente toda a sua extens\u00e3o (o mesmo n\u00e3o sucede com a variante de Oseira).<br \/>\nVoltamos a encontrar o trilho comum em Castro Doz\u00f3n. Daqui at\u00e9 Silleda o percurso \u00e9 mais do mesmo: um constante sobe e desce por frondoso bosques. E porque a m\u00e1xima &#8220;Camino es Camino&#8221; continua de p\u00e9, essa op\u00e7\u00e3o fez-nos ainda apear em alguns caminhos onde o piso feito de grandes pedras escorregadias por onde passa \u00e1gua corrente e existe alguma lama &#8220;suspeita&#8221;.<br \/>\nUm pouco antes de Laxe somos confrontados com uma senhora aflita em busca de um c\u00e3o. Trata-se de um labrador preto de 4 meses que, segundo a dona, tem por h\u00e1bito seguir com os peregrinos que passam e que estaria perdido hoje. Depois de uma troca de n\u00fameros de telefone concord\u00e1mos telefonar caso avist\u00e1ssemos o c\u00e3o, o que infelizmente n\u00e3o sucedeu.<br \/>\nTermin\u00e1mos a etapa com um pouco menos de 70 quil\u00f3metros e mais de 1600 metros de acumulado. Embora o percurso seja agora tendencialmente a descer at\u00e9 Santiago de Compostela, o constante sobe e desce faz-se sentir nos n\u00fameros&#8230; E nas pernas.<br \/>\nEm Silleda desta vez fic\u00e1mos pelo albergue Santa Olaia, que fica num antigo col\u00e9gio. \u00c9 um grande albergue, com v\u00e1rios quartos de 4 lugares (alguns ligeiramente maiores que isso), num total de 65 lugares. Atendendo a que s\u00f3 estamos n\u00f3s e um outro peregrino, parece-nos que muitos dos que optam por dormir em Silleda se decidem pelo que v\u00e3o encontrando em grandes cartazes nos quil\u00f3metros que antecedem a cidade, ou na &#8220;cantiga&#8221; de pessoas que aguardam em pontos estrat\u00e9gicos no caminho para passarem a palavra sobre um ou outro albergue tur\u00edstico.<br \/>\nAmanh\u00e3 \u00e9 a derradeira etapa at\u00e9 Santiago. Agora com apenas 40 quil\u00f3metros para completar, vamos fazer una etapa relaxada que, com as nossas previs\u00f5es, terminar\u00e1 ainda durante a manh\u00e3 \/ meio dia.<\/p>\n<p><a href=\"http:\/\/www.rumoasantiago.com\/levante\/files\/2016\/06\/14666268498567.jpg\"><img decoding=\"async\" title=\"14666268498567.jpg\" class=\"alignnone size-full\"  alt=\"image\" src=\"http:\/\/www.rumoasantiago.com\/levante\/files\/2016\/06\/14666268498567.jpg\" \/><\/a><\/p>\n<p><a href=\"http:\/\/www.rumoasantiago.com\/levante\/files\/2016\/06\/14666268471710.jpg\"><img decoding=\"async\" title=\"14666268471710.jpg\" class=\"alignnone size-full\"  alt=\"image\" src=\"http:\/\/www.rumoasantiago.com\/levante\/files\/2016\/06\/14666268471710.jpg\" \/><\/a><\/p>\n<p><a href=\"http:\/\/www.rumoasantiago.com\/levante\/files\/2016\/06\/14666268481591.jpg\"><img decoding=\"async\" title=\"14666268481591.jpg\" class=\"alignnone size-full\"  alt=\"image\" src=\"http:\/\/www.rumoasantiago.com\/levante\/files\/2016\/06\/14666268481591.jpg\" \/><\/a><\/p>\n<p><a href=\"http:\/\/www.rumoasantiago.com\/levante\/files\/2016\/06\/14666268482982.jpg\"><img decoding=\"async\" title=\"14666268482982.jpg\" class=\"alignnone size-full\"  alt=\"image\" src=\"http:\/\/www.rumoasantiago.com\/levante\/files\/2016\/06\/14666268482982.jpg\" \/><\/a><\/p>\n<p><a href=\"http:\/\/www.rumoasantiago.com\/levante\/files\/2016\/06\/14666268484113.jpg\"><img decoding=\"async\" title=\"14666268484113.jpg\" class=\"alignnone size-full\"  alt=\"image\" src=\"http:\/\/www.rumoasantiago.com\/levante\/files\/2016\/06\/14666268484113.jpg\" \/><\/a><\/p>\n<p><a href=\"http:\/\/www.rumoasantiago.com\/levante\/files\/2016\/06\/14666268487614.jpg\"><img decoding=\"async\" title=\"14666268487614.jpg\" class=\"alignnone size-full\"  alt=\"image\" src=\"http:\/\/www.rumoasantiago.com\/levante\/files\/2016\/06\/14666268487614.jpg\" \/><\/a><\/p>\n<p><a href=\"http:\/\/www.rumoasantiago.com\/levante\/files\/2016\/06\/14666268494285.jpg\"><img decoding=\"async\" title=\"14666268494285.jpg\" class=\"alignnone size-full\"  alt=\"image\" src=\"http:\/\/www.rumoasantiago.com\/levante\/files\/2016\/06\/14666268494285.jpg\" \/><\/a><\/p>\n<p><a href=\"http:\/\/www.rumoasantiago.com\/levante\/files\/2016\/06\/14666268498046.jpg\"><img decoding=\"async\" title=\"14666268498046.jpg\" class=\"alignnone size-full\"  alt=\"image\" src=\"http:\/\/www.rumoasantiago.com\/levante\/files\/2016\/06\/14666268498046.jpg\" \/><\/a><\/p>\n<p><a href=\"http:\/\/www.rumoasantiago.com\/levante\/files\/2016\/06\/14666268503038.jpg\"><img decoding=\"async\" title=\"14666268503038.jpg\" class=\"alignnone size-full\"  alt=\"image\" src=\"http:\/\/www.rumoasantiago.com\/levante\/files\/2016\/06\/14666268503038.jpg\" \/><\/a><\/p>\n<p><a href=\"http:\/\/www.rumoasantiago.com\/levante\/files\/2016\/06\/14666268503509.jpg\"><img decoding=\"async\" title=\"14666268503509.jpg\" class=\"alignnone size-full\"  alt=\"image\" src=\"http:\/\/www.rumoasantiago.com\/levante\/files\/2016\/06\/14666268503509.jpg\" \/><\/a><\/p>\n<p><a href=\"http:\/\/www.rumoasantiago.com\/levante\/files\/2016\/06\/14666268506940.jpg\"><img decoding=\"async\" title=\"14666268506940.jpg\" class=\"alignnone size-full\"  alt=\"image\" src=\"http:\/\/www.rumoasantiago.com\/levante\/files\/2016\/06\/14666268506940.jpg\" \/><\/a><\/p>\n<p><a href=\"http:\/\/www.rumoasantiago.com\/levante\/files\/2016\/06\/14666268509341.jpg\"><img decoding=\"async\" title=\"14666268509341.jpg\" class=\"alignnone size-full\"  alt=\"image\" src=\"http:\/\/www.rumoasantiago.com\/levante\/files\/2016\/06\/14666268509341.jpg\" \/><\/a><\/p>\n<div class=\"al2fb_like_button\"><div id=\"fb-root\"><\/div><script type=\"text\/javascript\">\n(function(d, s, id) {\n  var js, fjs = d.getElementsByTagName(s)[0];\n  if (d.getElementById(id)) return;\n  js = d.createElement(s); js.id = id;\n  js.src = \"\/\/connect.facebook.net\/pt_PT\/all.js#xfbml=1&appId=118672068213591\";\n  fjs.parentNode.insertBefore(js, fjs);\n}(document, \"script\", \"facebook-jssdk\"));\n<\/script>\n<fb:like href=\"https:\/\/www.rumoasantiago.com\/levante\/etapa-14-as-portas-de-santiago\/\" layout=\"button_count\" show_faces=\"true\" share=\"true\" width=\"450\" action=\"like\" font=\"arial\" colorscheme=\"light\" ref=\"AL2FB\"><\/fb:like><\/div>","protected":false},"excerpt":{"rendered":"<p>J\u00e1 come\u00e7a a sentir-se a proximidade de Santiago de Compostela. A dist\u00e2ncia que nos separava hoje de manh\u00e3 de Santiago j\u00e1 estava pr\u00f3xima dos 100 quil\u00f3metros e isso come\u00e7a a notar-se no Caminho. Tratando-se da localidade mais pr\u00f3xima dos 100 quil\u00f3metros de dist\u00e2ncia de Santiago, Ourense \u00e9 o ponto de in\u00edcio de Caminho de muitos [&hellip;]<\/p>\n","protected":false},"author":1,"featured_media":0,"comment_status":"open","ping_status":"open","sticky":false,"template":"","format":"standard","meta":[],"categories":[4,6],"tags":[],"yoast_head":"<!-- This site is optimized with the Yoast SEO plugin v20.10 - https:\/\/yoast.com\/wordpress\/plugins\/seo\/ -->\n<title>Etapa 14 - \u00c0s portas de Santiago - Caminho do Levante<\/title>\n<meta name=\"robots\" content=\"index, follow, max-snippet:-1, max-image-preview:large, max-video-preview:-1\" \/>\n<link rel=\"canonical\" href=\"https:\/\/www.rumoasantiago.com\/levante\/etapa-14-as-portas-de-santiago\/\" \/>\n<meta property=\"og:locale\" content=\"pt_PT\" \/>\n<meta property=\"og:type\" content=\"article\" \/>\n<meta property=\"og:title\" content=\"Etapa 14 - \u00c0s portas de Santiago - Caminho do Levante\" \/>\n<meta property=\"og:description\" content=\"J\u00e1 come\u00e7a a sentir-se a proximidade de Santiago de Compostela. A dist\u00e2ncia que nos separava hoje de manh\u00e3 de Santiago j\u00e1 estava pr\u00f3xima dos 100 quil\u00f3metros e isso come\u00e7a a notar-se no Caminho. Tratando-se da localidade mais pr\u00f3xima dos 100 quil\u00f3metros de dist\u00e2ncia de Santiago, Ourense \u00e9 o ponto de in\u00edcio de Caminho de muitos [&hellip;]\" \/>\n<meta property=\"og:url\" content=\"https:\/\/www.rumoasantiago.com\/levante\/etapa-14-as-portas-de-santiago\/\" \/>\n<meta property=\"og:site_name\" content=\"Caminho do Levante\" \/>\n<meta property=\"article:published_time\" content=\"2016-06-22T21:05:59+00:00\" \/>\n<meta property=\"og:image\" content=\"http:\/\/www.rumoasantiago.com\/levante\/files\/2016\/06\/14666268498567.jpg\" \/>\n<meta name=\"author\" content=\"norberto\" \/>\n<meta name=\"twitter:card\" content=\"summary_large_image\" \/>\n<meta name=\"twitter:label1\" content=\"Escrito por\" \/>\n\t<meta name=\"twitter:data1\" content=\"norberto\" \/>\n\t<meta name=\"twitter:label2\" content=\"Tempo estimado de leitura\" \/>\n\t<meta name=\"twitter:data2\" content=\"4 minutos\" \/>\n<script type=\"application\/ld+json\" class=\"yoast-schema-graph\">{\"@context\":\"https:\/\/schema.org\",\"@graph\":[{\"@type\":\"WebPage\",\"@id\":\"https:\/\/www.rumoasantiago.com\/levante\/etapa-14-as-portas-de-santiago\/\",\"url\":\"https:\/\/www.rumoasantiago.com\/levante\/etapa-14-as-portas-de-santiago\/\",\"name\":\"Etapa 14 - \u00c0s portas de Santiago - Caminho do Levante\",\"isPartOf\":{\"@id\":\"http:\/\/www.rumoasantiago.com\/levante\/#website\"},\"datePublished\":\"2016-06-22T21:05:59+00:00\",\"dateModified\":\"2016-06-22T21:05:59+00:00\",\"author\":{\"@id\":\"http:\/\/www.rumoasantiago.com\/levante\/#\/schema\/person\/72f32049b1b85d455e20c086d02608ee\"},\"breadcrumb\":{\"@id\":\"https:\/\/www.rumoasantiago.com\/levante\/etapa-14-as-portas-de-santiago\/#breadcrumb\"},\"inLanguage\":\"pt-PT\",\"potentialAction\":[{\"@type\":\"ReadAction\",\"target\":[\"https:\/\/www.rumoasantiago.com\/levante\/etapa-14-as-portas-de-santiago\/\"]}]},{\"@type\":\"BreadcrumbList\",\"@id\":\"https:\/\/www.rumoasantiago.com\/levante\/etapa-14-as-portas-de-santiago\/#breadcrumb\",\"itemListElement\":[{\"@type\":\"ListItem\",\"position\":1,\"name\":\"Home\",\"item\":\"http:\/\/www.rumoasantiago.com\/levante\/\"},{\"@type\":\"ListItem\",\"position\":2,\"name\":\"Etapa 14 &#8211; \u00c0s portas de Santiago\"}]},{\"@type\":\"WebSite\",\"@id\":\"http:\/\/www.rumoasantiago.com\/levante\/#website\",\"url\":\"http:\/\/www.rumoasantiago.com\/levante\/\",\"name\":\"Caminho do Levante\",\"description\":\"Travessia do Caminho do Levante\",\"potentialAction\":[{\"@type\":\"SearchAction\",\"target\":{\"@type\":\"EntryPoint\",\"urlTemplate\":\"http:\/\/www.rumoasantiago.com\/levante\/?s={search_term_string}\"},\"query-input\":\"required name=search_term_string\"}],\"inLanguage\":\"pt-PT\"},{\"@type\":\"Person\",\"@id\":\"http:\/\/www.rumoasantiago.com\/levante\/#\/schema\/person\/72f32049b1b85d455e20c086d02608ee\",\"name\":\"norberto\",\"image\":{\"@type\":\"ImageObject\",\"inLanguage\":\"pt-PT\",\"@id\":\"http:\/\/www.rumoasantiago.com\/levante\/#\/schema\/person\/image\/\",\"url\":\"https:\/\/secure.gravatar.com\/avatar\/258e8e796306c4f0066b7a531bd3db2d?s=96&d=mm&r=g\",\"contentUrl\":\"https:\/\/secure.gravatar.com\/avatar\/258e8e796306c4f0066b7a531bd3db2d?s=96&d=mm&r=g\",\"caption\":\"norberto\"},\"url\":\"https:\/\/www.rumoasantiago.com\/levante\/author\/norberto\/\"}]}<\/script>\n<!-- \/ Yoast SEO plugin. -->","yoast_head_json":{"title":"Etapa 14 - \u00c0s portas de Santiago - Caminho do Levante","robots":{"index":"index","follow":"follow","max-snippet":"max-snippet:-1","max-image-preview":"max-image-preview:large","max-video-preview":"max-video-preview:-1"},"canonical":"https:\/\/www.rumoasantiago.com\/levante\/etapa-14-as-portas-de-santiago\/","og_locale":"pt_PT","og_type":"article","og_title":"Etapa 14 - \u00c0s portas de Santiago - Caminho do Levante","og_description":"J\u00e1 come\u00e7a a sentir-se a proximidade de Santiago de Compostela. A dist\u00e2ncia que nos separava hoje de manh\u00e3 de Santiago j\u00e1 estava pr\u00f3xima dos 100 quil\u00f3metros e isso come\u00e7a a notar-se no Caminho. Tratando-se da localidade mais pr\u00f3xima dos 100 quil\u00f3metros de dist\u00e2ncia de Santiago, Ourense \u00e9 o ponto de in\u00edcio de Caminho de muitos [&hellip;]","og_url":"https:\/\/www.rumoasantiago.com\/levante\/etapa-14-as-portas-de-santiago\/","og_site_name":"Caminho do Levante","article_published_time":"2016-06-22T21:05:59+00:00","og_image":[{"url":"http:\/\/www.rumoasantiago.com\/levante\/files\/2016\/06\/14666268498567.jpg"}],"author":"norberto","twitter_card":"summary_large_image","twitter_misc":{"Escrito por":"norberto","Tempo estimado de leitura":"4 minutos"},"schema":{"@context":"https:\/\/schema.org","@graph":[{"@type":"WebPage","@id":"https:\/\/www.rumoasantiago.com\/levante\/etapa-14-as-portas-de-santiago\/","url":"https:\/\/www.rumoasantiago.com\/levante\/etapa-14-as-portas-de-santiago\/","name":"Etapa 14 - \u00c0s portas de Santiago - Caminho do Levante","isPartOf":{"@id":"http:\/\/www.rumoasantiago.com\/levante\/#website"},"datePublished":"2016-06-22T21:05:59+00:00","dateModified":"2016-06-22T21:05:59+00:00","author":{"@id":"http:\/\/www.rumoasantiago.com\/levante\/#\/schema\/person\/72f32049b1b85d455e20c086d02608ee"},"breadcrumb":{"@id":"https:\/\/www.rumoasantiago.com\/levante\/etapa-14-as-portas-de-santiago\/#breadcrumb"},"inLanguage":"pt-PT","potentialAction":[{"@type":"ReadAction","target":["https:\/\/www.rumoasantiago.com\/levante\/etapa-14-as-portas-de-santiago\/"]}]},{"@type":"BreadcrumbList","@id":"https:\/\/www.rumoasantiago.com\/levante\/etapa-14-as-portas-de-santiago\/#breadcrumb","itemListElement":[{"@type":"ListItem","position":1,"name":"Home","item":"http:\/\/www.rumoasantiago.com\/levante\/"},{"@type":"ListItem","position":2,"name":"Etapa 14 &#8211; \u00c0s portas de Santiago"}]},{"@type":"WebSite","@id":"http:\/\/www.rumoasantiago.com\/levante\/#website","url":"http:\/\/www.rumoasantiago.com\/levante\/","name":"Caminho do Levante","description":"Travessia do Caminho do Levante","potentialAction":[{"@type":"SearchAction","target":{"@type":"EntryPoint","urlTemplate":"http:\/\/www.rumoasantiago.com\/levante\/?s={search_term_string}"},"query-input":"required name=search_term_string"}],"inLanguage":"pt-PT"},{"@type":"Person","@id":"http:\/\/www.rumoasantiago.com\/levante\/#\/schema\/person\/72f32049b1b85d455e20c086d02608ee","name":"norberto","image":{"@type":"ImageObject","inLanguage":"pt-PT","@id":"http:\/\/www.rumoasantiago.com\/levante\/#\/schema\/person\/image\/","url":"https:\/\/secure.gravatar.com\/avatar\/258e8e796306c4f0066b7a531bd3db2d?s=96&d=mm&r=g","contentUrl":"https:\/\/secure.gravatar.com\/avatar\/258e8e796306c4f0066b7a531bd3db2d?s=96&d=mm&r=g","caption":"norberto"},"url":"https:\/\/www.rumoasantiago.com\/levante\/author\/norberto\/"}]}},"publishpress_future_action":{"enabled":false,"date":"0","action":"","terms":[],"taxonomy":""},"_links":{"self":[{"href":"https:\/\/www.rumoasantiago.com\/levante\/wp-json\/wp\/v2\/posts\/405"}],"collection":[{"href":"https:\/\/www.rumoasantiago.com\/levante\/wp-json\/wp\/v2\/posts"}],"about":[{"href":"https:\/\/www.rumoasantiago.com\/levante\/wp-json\/wp\/v2\/types\/post"}],"author":[{"embeddable":true,"href":"https:\/\/www.rumoasantiago.com\/levante\/wp-json\/wp\/v2\/users\/1"}],"replies":[{"embeddable":true,"href":"https:\/\/www.rumoasantiago.com\/levante\/wp-json\/wp\/v2\/comments?post=405"}],"version-history":[{"count":1,"href":"https:\/\/www.rumoasantiago.com\/levante\/wp-json\/wp\/v2\/posts\/405\/revisions"}],"predecessor-version":[{"id":406,"href":"https:\/\/www.rumoasantiago.com\/levante\/wp-json\/wp\/v2\/posts\/405\/revisions\/406"}],"wp:attachment":[{"href":"https:\/\/www.rumoasantiago.com\/levante\/wp-json\/wp\/v2\/media?parent=405"}],"wp:term":[{"taxonomy":"category","embeddable":true,"href":"https:\/\/www.rumoasantiago.com\/levante\/wp-json\/wp\/v2\/categories?post=405"},{"taxonomy":"post_tag","embeddable":true,"href":"https:\/\/www.rumoasantiago.com\/levante\/wp-json\/wp\/v2\/tags?post=405"}],"curies":[{"name":"wp","href":"https:\/\/api.w.org\/{rel}","templated":true}]}}