{"id":245,"date":"2016-06-13T20:38:00","date_gmt":"2016-06-13T20:38:00","guid":{"rendered":"http:\/\/www.rumoasantiago.com\/levante\/?p=245"},"modified":"2016-06-13T20:38:00","modified_gmt":"2016-06-13T20:38:00","slug":"etapa-5-o-meu-pequeno-tejo","status":"publish","type":"post","link":"https:\/\/www.rumoasantiago.com\/levante\/etapa-5-o-meu-pequeno-tejo\/","title":{"rendered":"Etapa 5 &#8211; o meu pequeno Tejo"},"content":{"rendered":"<p>Hoje foi dia de mais uma longa etapa.<br \/>\nDos 93 quil\u00f3metros programados pass\u00e1mos aos 98 quil\u00f3metros, fruto de alguma confus\u00e3o na sinaliza\u00e7\u00e3o do Caminho. Esta \u00e9, ali\u00e1s, uma das dificuldades que as etapas mais recentes t\u00eam introduzido: ou falta de sinaliza\u00e7\u00e3o, ou ent\u00e3o amb\u00edgua.<br \/>\nNo nosso caso, ao optarmos por seguir as setas em vez de seguir o track gps, fomos desviados cerca de 5 quil\u00f3metros de uma das primeiras localidades onde pass\u00e1mos (Tembleque).<br \/>\nNa etapa anterior os produtos hort\u00edcolas foram rei e senhor da paisagem&#8230; Hoje foi a vez de os olivais marcarem a paisagem, com oliveiras at\u00e9 literalmente perder de vista. \u00c9 incr\u00edvel a capacidade de produ\u00e7\u00e3o de azeite que esta zona decerto tem.<br \/>\nCuriosamente o Caminho atravessa parte dos olivais de que falo. O terreno nesse trajeto \u00e9 terr\u00edvel, completamente pejado de pequenas pedras que dificultam muito a progress\u00e3o.<br \/>\nNo geral foi uma etapa acess\u00edvel, onde j\u00e1 se nota a influ\u00eancia do relevo a que nos estamos a aproximar; junto a umas quantas subidas que foram bem suadas vieram tamb\u00e9m descidas a condizer.<br \/>\nA alguns quil\u00f3metros antes de Mora vimos um condutor parado num cruzamento, que tinha passado por n\u00f3s h\u00e1 um par de minutos. Era um adepto dos Caminhos de Santiago que nos reconheceu como peregrinos e decidiu aguardar por n\u00f3s para nos dar umas dicas. Falou-nos de algumas alternativas ao Caminho do Levante feitas no Caminho do Sudeste (o que acompanha quase em paralelo o Levante.<br \/>\n\u00c9 curioso que o Caminho do Levante n\u00e3o \u00e9 muito popular no seio dos habitantes destas regi\u00f5es&#8230; J\u00e1 nos t\u00ednhamos apercebido de que o Sureste e os de La Llana recebem mais simpatia. Ao que parece \u00e9 o \u00f3rg\u00e3o da Galiza que \u00e9 respons\u00e1vel pela homologa\u00e7\u00e3o dos percursos dos Caminhos de Santiago que define por onde passa o Caminho do Levante, ao passo que os outros Caminhos que por aqui se v\u00eaem n\u00e3o aparentam ser regidos de forma t\u00e3o supervisionada. Esta depend\u00eancia de terceiros n\u00e3o parece cair na gra\u00e7a dos locais :).<br \/>\nCom o fim de etapa marcado para Toledo, conclu\u00edmos a\u00ed a etapa bem mais cedo do que cont\u00e1vamos. Com o Tejo, na sua vers\u00e3o XS :), j\u00e1 \u00e0 vista, percorremos a estrada que acompanha a margem esquerda do rio at\u00e9 chegarmos a uma das Portas que d\u00e3o acesso \u00e0 cidade.<br \/>\nAp\u00f3s algumas fotos da praxe, no meio da multid\u00e3o o Fraz\u00e3o apercebeu-se de que algu\u00e9m falava em portugu\u00eas, aparentemente comentando o ligeiro aparato de dois ciclistas de mochila \u00e0s costas. Aproveit\u00e1mos para nos apresentarmos e com algum espanto os nossos conterr\u00e2neos aperceberam-se de que tamb\u00e9m \u00e9ramos portugueses :). Afinal de contas o nosso povo est\u00e1 em todo o lado, pelo que sempre que falamos em portugu\u00eas h\u00e1 sempre o risco de algu\u00e9m perceber o que estamos a dizer :).<br \/>\nA estadia de hoje \u00e9 num albergue juvenil (uma esp\u00e9cie de pousada da juventude) que n\u00e3o s\u00f3 tem excelentes condi\u00e7\u00f5es, mas tamb\u00e9m tem um respons\u00e1vel muito atencioso e divertido. Sendo hoje dia de jogo da sele\u00e7\u00e3o espanhola e sendo este amigo um fervoroso adepto da modalidade, fizemos um tour pelas instala\u00e7\u00f5es e s\u00f3 mais tarde trat\u00e1mos das formalidades, dado que o jogo estaria quase a iniciar :). Facto curioso: a sele\u00e7\u00e3o espanhola ganhou o jogo por 1 &#8211; 0.<br \/>\nSeguiu-se uma volta pela cidade hist\u00f3rica de Toledo, que conserva assombrosamente bem rel\u00edquias de h\u00e1 centenas de anos. \u00c9 uma cidade que merece uma outra visita em &#8220;modo de turismo&#8221; para perceber com mais calma (e energia \ud83d\ude42 ) as inclinadas ruas da cidade.<br \/>\nJantar resolvido, cr\u00f3nica escrita, \u00e9 agora hora de descansar. Amanh\u00e3 ser\u00e1 aparentemente a mais dura etapa (exceto o regresso a Portugal) e por isso hoje o descanso faz-se com ainda mais determina\u00e7\u00e3o \ud83d\ude42 <\/p>\n<p><a href=\"http:\/\/www.rumoasantiago.com\/levante\/files\/2016\/06\/wp-1465849402995-1.jpg\"><img decoding=\"async\" title=\"wp-1465849402995\" class=\"alignnone size-full\"  alt=\"image\" src=\"http:\/\/www.rumoasantiago.com\/levante\/files\/2016\/06\/wp-1465849402995-1.jpg\" \/><\/a><\/p>\n<p><a href=\"http:\/\/www.rumoasantiago.com\/levante\/files\/2016\/06\/wp-1465849422906-1.jpg\"><img decoding=\"async\" title=\"wp-1465849422906\" class=\"alignnone size-full\"  alt=\"image\" src=\"http:\/\/www.rumoasantiago.com\/levante\/files\/2016\/06\/wp-1465849422906-1.jpg\" \/><\/a><\/p>\n<p><a href=\"http:\/\/www.rumoasantiago.com\/levante\/files\/2016\/06\/wp-1465849434099-1.jpg\"><img decoding=\"async\" title=\"wp-1465849434099\" class=\"alignnone size-full\"  alt=\"image\" src=\"http:\/\/www.rumoasantiago.com\/levante\/files\/2016\/06\/wp-1465849434099-1.jpg\" \/><\/a><\/p>\n<p><a href=\"http:\/\/www.rumoasantiago.com\/levante\/files\/2016\/06\/wp-1465849444972-1.jpg\"><img decoding=\"async\" title=\"wp-1465849444972\" class=\"alignnone size-full\"  alt=\"image\" src=\"http:\/\/www.rumoasantiago.com\/levante\/files\/2016\/06\/wp-1465849444972-1.jpg\" \/><\/a><\/p>\n<p><a href=\"http:\/\/www.rumoasantiago.com\/levante\/files\/2016\/06\/wp-1465849455330-1.jpg\"><img decoding=\"async\" title=\"wp-1465849455330\" class=\"alignnone size-full\"  alt=\"image\" src=\"http:\/\/www.rumoasantiago.com\/levante\/files\/2016\/06\/wp-1465849455330-1.jpg\" \/><\/a><\/p>\n<p><a href=\"http:\/\/www.rumoasantiago.com\/levante\/files\/2016\/06\/wp-1465849463416-1.jpg\"><img decoding=\"async\" title=\"wp-1465849463416\" class=\"alignnone size-full\"  alt=\"image\" src=\"http:\/\/www.rumoasantiago.com\/levante\/files\/2016\/06\/wp-1465849463416-1.jpg\" \/><\/a><\/p>\n<p><a href=\"http:\/\/www.rumoasantiago.com\/levante\/files\/2016\/06\/wp-1465849472429-1.jpg\"><img decoding=\"async\" title=\"wp-1465849472429\" class=\"alignnone size-full\"  alt=\"image\" src=\"http:\/\/www.rumoasantiago.com\/levante\/files\/2016\/06\/wp-1465849472429-1.jpg\" \/><\/a><\/p>\n<p><a href=\"http:\/\/www.rumoasantiago.com\/levante\/files\/2016\/06\/wp-1465849479543-1.jpg\"><img decoding=\"async\" title=\"wp-1465849479543\" class=\"alignnone size-full\"  alt=\"image\" src=\"http:\/\/www.rumoasantiago.com\/levante\/files\/2016\/06\/wp-1465849479543-1.jpg\" \/><\/a><\/p>\n<p><a href=\"http:\/\/www.rumoasantiago.com\/levante\/files\/2016\/06\/wp-1465849486888-1.jpg\"><img decoding=\"async\" title=\"wp-1465849486888\" class=\"alignnone size-full\"  alt=\"image\" src=\"http:\/\/www.rumoasantiago.com\/levante\/files\/2016\/06\/wp-1465849486888-1.jpg\" \/><\/a><\/p>\n<p><a href=\"http:\/\/www.rumoasantiago.com\/levante\/files\/2016\/06\/wp-1465849496283.jpg\"><img decoding=\"async\" title=\"wp-1465849496283\" class=\"alignnone size-full\"  alt=\"image\" src=\"http:\/\/www.rumoasantiago.com\/levante\/files\/2016\/06\/wp-1465849496283.jpg\" \/><\/a><\/p>\n<p><a href=\"http:\/\/www.rumoasantiago.com\/levante\/files\/2016\/06\/wp-1465849504945-1.jpg\"><img decoding=\"async\" title=\"wp-1465849504945\" class=\"alignnone size-full\"  alt=\"image\" src=\"http:\/\/www.rumoasantiago.com\/levante\/files\/2016\/06\/wp-1465849504945-1.jpg\" \/><\/a><\/p>\n<p><a href=\"http:\/\/www.rumoasantiago.com\/levante\/files\/2016\/06\/wp-1465849516724-1.jpg\"><img decoding=\"async\" title=\"wp-1465849516724\" class=\"alignnone size-full\"  alt=\"image\" src=\"http:\/\/www.rumoasantiago.com\/levante\/files\/2016\/06\/wp-1465849516724-1.jpg\" \/><\/a><\/p>\n<p><a href=\"http:\/\/www.rumoasantiago.com\/levante\/files\/2016\/06\/wp-1465849524831-1.jpg\"><img decoding=\"async\" title=\"wp-1465849524831\" class=\"alignnone size-full\"  alt=\"image\" src=\"http:\/\/www.rumoasantiago.com\/levante\/files\/2016\/06\/wp-1465849524831-1.jpg\" \/><\/a><\/p>\n<p><a href=\"http:\/\/www.rumoasantiago.com\/levante\/files\/2016\/06\/wp-1465849531404-1.jpg\"><img decoding=\"async\" title=\"wp-1465849531404\" class=\"alignnone size-full\"  alt=\"image\" src=\"http:\/\/www.rumoasantiago.com\/levante\/files\/2016\/06\/wp-1465849531404-1.jpg\" \/><\/a><\/p>\n<p><a href=\"http:\/\/www.rumoasantiago.com\/levante\/files\/2016\/06\/wp-1465849547460-1.jpg\"><img decoding=\"async\" title=\"wp-1465849547460\" class=\"alignnone size-full\"  alt=\"image\" src=\"http:\/\/www.rumoasantiago.com\/levante\/files\/2016\/06\/wp-1465849547460-1.jpg\" \/><\/a><\/p>\n<p><a href=\"http:\/\/www.rumoasantiago.com\/levante\/files\/2016\/06\/wp-1465849552854-1.jpg\"><img decoding=\"async\" title=\"wp-1465849552854\" class=\"alignnone size-full\"  alt=\"image\" src=\"http:\/\/www.rumoasantiago.com\/levante\/files\/2016\/06\/wp-1465849552854-1.jpg\" \/><\/a><\/p>\n<div class=\"al2fb_like_button\"><div id=\"fb-root\"><\/div><script type=\"text\/javascript\">\n(function(d, s, id) {\n  var js, fjs = d.getElementsByTagName(s)[0];\n  if (d.getElementById(id)) return;\n  js = d.createElement(s); js.id = id;\n  js.src = \"\/\/connect.facebook.net\/pt_PT\/all.js#xfbml=1&appId=118672068213591\";\n  fjs.parentNode.insertBefore(js, fjs);\n}(document, \"script\", \"facebook-jssdk\"));\n<\/script>\n<fb:like href=\"https:\/\/www.rumoasantiago.com\/levante\/etapa-5-o-meu-pequeno-tejo\/\" layout=\"button_count\" show_faces=\"true\" share=\"true\" width=\"450\" action=\"like\" font=\"arial\" colorscheme=\"light\" ref=\"AL2FB\"><\/fb:like><\/div>","protected":false},"excerpt":{"rendered":"<p>Hoje foi dia de mais uma longa etapa. Dos 93 quil\u00f3metros programados pass\u00e1mos aos 98 quil\u00f3metros, fruto de alguma confus\u00e3o na sinaliza\u00e7\u00e3o do Caminho. Esta \u00e9, ali\u00e1s, uma das dificuldades que as etapas mais recentes t\u00eam introduzido: ou falta de sinaliza\u00e7\u00e3o, ou ent\u00e3o amb\u00edgua. No nosso caso, ao optarmos por seguir as setas em vez [&hellip;]<\/p>\n","protected":false},"author":1,"featured_media":0,"comment_status":"open","ping_status":"open","sticky":false,"template":"","format":"standard","meta":[],"categories":[4,6],"tags":[],"yoast_head":"<!-- This site is optimized with the Yoast SEO plugin v20.10 - https:\/\/yoast.com\/wordpress\/plugins\/seo\/ -->\n<title>Etapa 5 - o meu pequeno Tejo - Caminho do Levante<\/title>\n<meta name=\"robots\" content=\"index, follow, max-snippet:-1, max-image-preview:large, max-video-preview:-1\" \/>\n<link rel=\"canonical\" href=\"http:\/\/www.rumoasantiago.com\/levante\/etapa-5-o-meu-pequeno-tejo\/\" \/>\n<meta property=\"og:locale\" content=\"pt_PT\" \/>\n<meta property=\"og:type\" content=\"article\" \/>\n<meta property=\"og:title\" content=\"Etapa 5 - o meu pequeno Tejo - Caminho do Levante\" \/>\n<meta property=\"og:description\" content=\"Hoje foi dia de mais uma longa etapa. Dos 93 quil\u00f3metros programados pass\u00e1mos aos 98 quil\u00f3metros, fruto de alguma confus\u00e3o na sinaliza\u00e7\u00e3o do Caminho. Esta \u00e9, ali\u00e1s, uma das dificuldades que as etapas mais recentes t\u00eam introduzido: ou falta de sinaliza\u00e7\u00e3o, ou ent\u00e3o amb\u00edgua. No nosso caso, ao optarmos por seguir as setas em vez [&hellip;]\" \/>\n<meta property=\"og:url\" content=\"http:\/\/www.rumoasantiago.com\/levante\/etapa-5-o-meu-pequeno-tejo\/\" \/>\n<meta property=\"og:site_name\" content=\"Caminho do Levante\" \/>\n<meta property=\"article:published_time\" content=\"2016-06-13T20:38:00+00:00\" \/>\n<meta property=\"og:image\" content=\"http:\/\/www.rumoasantiago.com\/levante\/files\/2016\/06\/wp-1465849402995-1.jpg\" \/>\n<meta name=\"author\" content=\"norberto\" \/>\n<meta name=\"twitter:card\" content=\"summary_large_image\" \/>\n<meta name=\"twitter:label1\" content=\"Escrito por\" \/>\n\t<meta name=\"twitter:data1\" content=\"norberto\" \/>\n\t<meta name=\"twitter:label2\" content=\"Tempo estimado de leitura\" \/>\n\t<meta name=\"twitter:data2\" content=\"3 minutos\" \/>\n<script type=\"application\/ld+json\" class=\"yoast-schema-graph\">{\"@context\":\"https:\/\/schema.org\",\"@graph\":[{\"@type\":\"WebPage\",\"@id\":\"http:\/\/www.rumoasantiago.com\/levante\/etapa-5-o-meu-pequeno-tejo\/\",\"url\":\"http:\/\/www.rumoasantiago.com\/levante\/etapa-5-o-meu-pequeno-tejo\/\",\"name\":\"Etapa 5 - o meu pequeno Tejo - Caminho do Levante\",\"isPartOf\":{\"@id\":\"http:\/\/www.rumoasantiago.com\/levante\/#website\"},\"datePublished\":\"2016-06-13T20:38:00+00:00\",\"dateModified\":\"2016-06-13T20:38:00+00:00\",\"author\":{\"@id\":\"http:\/\/www.rumoasantiago.com\/levante\/#\/schema\/person\/72f32049b1b85d455e20c086d02608ee\"},\"breadcrumb\":{\"@id\":\"http:\/\/www.rumoasantiago.com\/levante\/etapa-5-o-meu-pequeno-tejo\/#breadcrumb\"},\"inLanguage\":\"pt-PT\",\"potentialAction\":[{\"@type\":\"ReadAction\",\"target\":[\"http:\/\/www.rumoasantiago.com\/levante\/etapa-5-o-meu-pequeno-tejo\/\"]}]},{\"@type\":\"BreadcrumbList\",\"@id\":\"http:\/\/www.rumoasantiago.com\/levante\/etapa-5-o-meu-pequeno-tejo\/#breadcrumb\",\"itemListElement\":[{\"@type\":\"ListItem\",\"position\":1,\"name\":\"Home\",\"item\":\"http:\/\/www.rumoasantiago.com\/levante\/\"},{\"@type\":\"ListItem\",\"position\":2,\"name\":\"Etapa 5 &#8211; o meu pequeno Tejo\"}]},{\"@type\":\"WebSite\",\"@id\":\"http:\/\/www.rumoasantiago.com\/levante\/#website\",\"url\":\"http:\/\/www.rumoasantiago.com\/levante\/\",\"name\":\"Caminho do Levante\",\"description\":\"Travessia do Caminho do Levante\",\"potentialAction\":[{\"@type\":\"SearchAction\",\"target\":{\"@type\":\"EntryPoint\",\"urlTemplate\":\"http:\/\/www.rumoasantiago.com\/levante\/?s={search_term_string}\"},\"query-input\":\"required name=search_term_string\"}],\"inLanguage\":\"pt-PT\"},{\"@type\":\"Person\",\"@id\":\"http:\/\/www.rumoasantiago.com\/levante\/#\/schema\/person\/72f32049b1b85d455e20c086d02608ee\",\"name\":\"norberto\",\"image\":{\"@type\":\"ImageObject\",\"inLanguage\":\"pt-PT\",\"@id\":\"http:\/\/www.rumoasantiago.com\/levante\/#\/schema\/person\/image\/\",\"url\":\"https:\/\/secure.gravatar.com\/avatar\/258e8e796306c4f0066b7a531bd3db2d?s=96&d=mm&r=g\",\"contentUrl\":\"https:\/\/secure.gravatar.com\/avatar\/258e8e796306c4f0066b7a531bd3db2d?s=96&d=mm&r=g\",\"caption\":\"norberto\"},\"url\":\"https:\/\/www.rumoasantiago.com\/levante\/author\/norberto\/\"}]}<\/script>\n<!-- \/ Yoast SEO plugin. -->","yoast_head_json":{"title":"Etapa 5 - o meu pequeno Tejo - Caminho do Levante","robots":{"index":"index","follow":"follow","max-snippet":"max-snippet:-1","max-image-preview":"max-image-preview:large","max-video-preview":"max-video-preview:-1"},"canonical":"http:\/\/www.rumoasantiago.com\/levante\/etapa-5-o-meu-pequeno-tejo\/","og_locale":"pt_PT","og_type":"article","og_title":"Etapa 5 - o meu pequeno Tejo - Caminho do Levante","og_description":"Hoje foi dia de mais uma longa etapa. Dos 93 quil\u00f3metros programados pass\u00e1mos aos 98 quil\u00f3metros, fruto de alguma confus\u00e3o na sinaliza\u00e7\u00e3o do Caminho. Esta \u00e9, ali\u00e1s, uma das dificuldades que as etapas mais recentes t\u00eam introduzido: ou falta de sinaliza\u00e7\u00e3o, ou ent\u00e3o amb\u00edgua. No nosso caso, ao optarmos por seguir as setas em vez [&hellip;]","og_url":"http:\/\/www.rumoasantiago.com\/levante\/etapa-5-o-meu-pequeno-tejo\/","og_site_name":"Caminho do Levante","article_published_time":"2016-06-13T20:38:00+00:00","og_image":[{"url":"http:\/\/www.rumoasantiago.com\/levante\/files\/2016\/06\/wp-1465849402995-1.jpg"}],"author":"norberto","twitter_card":"summary_large_image","twitter_misc":{"Escrito por":"norberto","Tempo estimado de leitura":"3 minutos"},"schema":{"@context":"https:\/\/schema.org","@graph":[{"@type":"WebPage","@id":"http:\/\/www.rumoasantiago.com\/levante\/etapa-5-o-meu-pequeno-tejo\/","url":"http:\/\/www.rumoasantiago.com\/levante\/etapa-5-o-meu-pequeno-tejo\/","name":"Etapa 5 - o meu pequeno Tejo - Caminho do Levante","isPartOf":{"@id":"http:\/\/www.rumoasantiago.com\/levante\/#website"},"datePublished":"2016-06-13T20:38:00+00:00","dateModified":"2016-06-13T20:38:00+00:00","author":{"@id":"http:\/\/www.rumoasantiago.com\/levante\/#\/schema\/person\/72f32049b1b85d455e20c086d02608ee"},"breadcrumb":{"@id":"http:\/\/www.rumoasantiago.com\/levante\/etapa-5-o-meu-pequeno-tejo\/#breadcrumb"},"inLanguage":"pt-PT","potentialAction":[{"@type":"ReadAction","target":["http:\/\/www.rumoasantiago.com\/levante\/etapa-5-o-meu-pequeno-tejo\/"]}]},{"@type":"BreadcrumbList","@id":"http:\/\/www.rumoasantiago.com\/levante\/etapa-5-o-meu-pequeno-tejo\/#breadcrumb","itemListElement":[{"@type":"ListItem","position":1,"name":"Home","item":"http:\/\/www.rumoasantiago.com\/levante\/"},{"@type":"ListItem","position":2,"name":"Etapa 5 &#8211; o meu pequeno Tejo"}]},{"@type":"WebSite","@id":"http:\/\/www.rumoasantiago.com\/levante\/#website","url":"http:\/\/www.rumoasantiago.com\/levante\/","name":"Caminho do Levante","description":"Travessia do Caminho do Levante","potentialAction":[{"@type":"SearchAction","target":{"@type":"EntryPoint","urlTemplate":"http:\/\/www.rumoasantiago.com\/levante\/?s={search_term_string}"},"query-input":"required name=search_term_string"}],"inLanguage":"pt-PT"},{"@type":"Person","@id":"http:\/\/www.rumoasantiago.com\/levante\/#\/schema\/person\/72f32049b1b85d455e20c086d02608ee","name":"norberto","image":{"@type":"ImageObject","inLanguage":"pt-PT","@id":"http:\/\/www.rumoasantiago.com\/levante\/#\/schema\/person\/image\/","url":"https:\/\/secure.gravatar.com\/avatar\/258e8e796306c4f0066b7a531bd3db2d?s=96&d=mm&r=g","contentUrl":"https:\/\/secure.gravatar.com\/avatar\/258e8e796306c4f0066b7a531bd3db2d?s=96&d=mm&r=g","caption":"norberto"},"url":"https:\/\/www.rumoasantiago.com\/levante\/author\/norberto\/"}]}},"publishpress_future_action":{"enabled":false,"date":"0","action":"","terms":[],"taxonomy":""},"_links":{"self":[{"href":"https:\/\/www.rumoasantiago.com\/levante\/wp-json\/wp\/v2\/posts\/245"}],"collection":[{"href":"https:\/\/www.rumoasantiago.com\/levante\/wp-json\/wp\/v2\/posts"}],"about":[{"href":"https:\/\/www.rumoasantiago.com\/levante\/wp-json\/wp\/v2\/types\/post"}],"author":[{"embeddable":true,"href":"https:\/\/www.rumoasantiago.com\/levante\/wp-json\/wp\/v2\/users\/1"}],"replies":[{"embeddable":true,"href":"https:\/\/www.rumoasantiago.com\/levante\/wp-json\/wp\/v2\/comments?post=245"}],"version-history":[{"count":1,"href":"https:\/\/www.rumoasantiago.com\/levante\/wp-json\/wp\/v2\/posts\/245\/revisions"}],"predecessor-version":[{"id":246,"href":"https:\/\/www.rumoasantiago.com\/levante\/wp-json\/wp\/v2\/posts\/245\/revisions\/246"}],"wp:attachment":[{"href":"https:\/\/www.rumoasantiago.com\/levante\/wp-json\/wp\/v2\/media?parent=245"}],"wp:term":[{"taxonomy":"category","embeddable":true,"href":"https:\/\/www.rumoasantiago.com\/levante\/wp-json\/wp\/v2\/categories?post=245"},{"taxonomy":"post_tag","embeddable":true,"href":"https:\/\/www.rumoasantiago.com\/levante\/wp-json\/wp\/v2\/tags?post=245"}],"curies":[{"name":"wp","href":"https:\/\/api.w.org\/{rel}","templated":true}]}}