{"id":175,"date":"2016-06-11T18:26:01","date_gmt":"2016-06-11T18:26:01","guid":{"rendered":"http:\/\/www.rumoasantiago.com\/levante\/?p=175"},"modified":"2016-06-11T19:18:23","modified_gmt":"2016-06-11T19:18:23","slug":"etapa-3-o-que-sobe-tem-de-descer-ate-minaya","status":"publish","type":"post","link":"https:\/\/www.rumoasantiago.com\/levante\/etapa-3-o-que-sobe-tem-de-descer-ate-minaya\/","title":{"rendered":"Etapa 3 &#8211; O que sobe tem de descer&#8230; At\u00e9 Minaya"},"content":{"rendered":"<p>Depois de uma noite no m\u00ednimo &#8220;curiosa&#8221; (entre a fanfarra que se fazia ouvir antes de dormir at\u00e9 \u00e0 luta para manter unidas as almofadas que fizeram a fun\u00e7\u00e3o de colch\u00e3o), partimos rumo a Minaya, n\u00e3o sem antes nos despedirmos dos nossos companheiros americanos e espanhol que nos fizeram companhia no ser\u00e3o anterior.<br \/>\nComo previsto, a etapa de hoje, embora longa (102km, que no fim foram na realidade 107km), foi relativamente descansada. O desn\u00edvel acusava bem mais descida do que subida e os primeiros 60km foram de v\u00e1rias descidas r\u00e1pidas e de estrad\u00f5es planos muito rolantes.<br \/>\nO contraste do dourado e verde das v\u00e1rias culturas de cereais com o castanho da terra e o vermelho de campos argilosos \u00e9 fenomenal. Os primeiros 20 quil\u00f3metros de estrad\u00f5es s\u00e3o feitos longe de qualquer localidade e somos brindados com esta paisagem deslumbrante.<br \/>\nEstes estrad\u00f5es s\u00e3o de terra muito compacta, quase semelhante a bet\u00e3o. Tem, contudo, um relevo muito irregular, fruto das marcas de rodados de tratores e de in\u00fameras pedras que est\u00e3o cravadas no solo. Tudo isto \u00e9 a receita perfeita para o fen\u00f3meno da associa\u00e7\u00e3o de bife t\u00e1rtaro ao estado do traseiro come\u00e7ar a suceder :).<br \/>\nA primeira paragem aconteceu em Albacete, onde aproveit\u00e1mos para provar algumas iguarias dos doces regionais. A chegada a esta localidade foi bastante curiosa: temos reparado que h\u00e1 imensos coelhos ao longo de todos os campos de cultivo, mas o trilho mesmo antes de chegarmos a Albacete deve ser a casa de uma grande comunidade deste animal :).<br \/>\nA sa\u00edda de Albacete foi um pouco atribulada&#8230; As setas indicavam um percurso a 90\u00b0 daquele que o track GPS indicava. Como o Caminho do Levante cruza-se em algumas localidades com outros Caminhos e receando que este fosse o caso, ao contr\u00e1rio de outras ocasi\u00f5es em que a disparidade entre o track e as setas foi sempre resolvida seguindo as setas, opt\u00e1mos pelo track. M\u00e1 decis\u00e3o: ao fim de 1.5km depar\u00e1mo-nos com uma suposta passagem para o outro lado da autoestrada que era imposs\u00edvel realizar. Embora n\u00e3o consiga confirmar, a julgar pelo que j\u00e1 nos aconteceu noutros dias, creio que o track gps \u00e9 bastante antigo e anterior \u00e0 constru\u00e7\u00e3o de algumas das autoestradas desta zona.<br \/>\nVolt\u00e1mos para tr\u00e1s, seguimos as setas e depois de algum tempo volt\u00e1mos ao track. Todo este cen\u00e1rio levou-nos 4 quil\u00f3metros adicionais.<br \/>\nPelo caminho fic\u00e1mos intrigados com uma esp\u00e9cie de estrad\u00e3o vedado que acompanhou o nosso percurso (tamb\u00e9m estrad\u00e3o) durante talvez 1 ou 2 quil\u00f3metros. Mais adiante percebemos que se tratava de uma pista de corrida de galgos, com direito a uma pequena bancada de espectadores no final :).<br \/>\nDa\u00ed seguimos at\u00e9 La Gineta, onde nos reabastecemos com a guarni\u00e7\u00e3o habitual (p\u00e3o, presunto e fruta), dado que n\u00e3o era certo que cheg\u00e1vamos \u00e0 pr\u00f3xima localidade antes de as lojas encerrarem.<br \/>\n20 quil\u00f3metros depois cheg\u00e1mos a La Roda. Tempo para a paragem estrat\u00e9gica para almo\u00e7ar e descansar um pouco.<br \/>\n\u00c0s 15h retom\u00e1mos o Caminho para completar os 17km que nos faltavam.<br \/>\nPara hoje o alojamento esperado era o pavilh\u00e3o desportivo de Minaya. Depois de um r\u00e1pido telefonema a Jes\u00fas (o respons\u00e1vel pelo pavilh\u00e3o), este veio rapidamente ao nosso encontro para nos mostrar as instala\u00e7\u00f5es. Devo dizer que fomos muito bem recebidos, o Jes\u00fas \u00e9 de uma simpatia \u00edmpar.<br \/>\nPara o jantar a escolha recaiu sobre um (se n\u00e3o mesmo o \u00fanico) restaurante da povoa\u00e7\u00e3o. A ementa foi bem elogiada, pelo que a expectativa est\u00e1 elevada :).<br \/>\nPara amanh\u00e3 a receita para a etapa 4 avizinha-se muito parecida com a de hoje. Daqui a 24 horas confirmaremos. <\/p>\n<p><a href=\"http:\/\/www.rumoasantiago.com\/levante\/files\/2016\/06\/14656686035324.jpg\"><img decoding=\"async\" title=\"14656686035324.jpg\" class=\"alignnone size-full\"  alt=\"image\" src=\"http:\/\/www.rumoasantiago.com\/levante\/files\/2016\/06\/14656686035324.jpg\" \/><\/a><\/p>\n<p><a href=\"http:\/\/www.rumoasantiago.com\/levante\/files\/2016\/06\/14656686032461.jpg\"><img decoding=\"async\" title=\"14656686032461.jpg\" class=\"alignnone size-full\"  alt=\"image\" src=\"http:\/\/www.rumoasantiago.com\/levante\/files\/2016\/06\/14656686032461.jpg\" \/><\/a><\/p>\n<p><a href=\"http:\/\/www.rumoasantiago.com\/levante\/files\/2016\/06\/14656686032982.jpg\"><img decoding=\"async\" title=\"14656686032982.jpg\" class=\"alignnone size-full\"  alt=\"image\" src=\"http:\/\/www.rumoasantiago.com\/levante\/files\/2016\/06\/14656686032982.jpg\" \/><\/a><\/p>\n<p><a href=\"http:\/\/www.rumoasantiago.com\/levante\/files\/2016\/06\/14656686033703.jpg\"><img decoding=\"async\" title=\"14656686033703.jpg\" class=\"alignnone size-full\"  alt=\"image\" src=\"http:\/\/www.rumoasantiago.com\/levante\/files\/2016\/06\/14656686033703.jpg\" \/><\/a><\/p>\n<p><a href=\"http:\/\/www.rumoasantiago.com\/levante\/files\/2016\/06\/14656686037825.jpg\"><img decoding=\"async\" title=\"14656686037825.jpg\" class=\"alignnone size-full\"  alt=\"image\" src=\"http:\/\/www.rumoasantiago.com\/levante\/files\/2016\/06\/14656686037825.jpg\" \/><\/a><\/p>\n<p><a href=\"http:\/\/www.rumoasantiago.com\/levante\/files\/2016\/06\/14656686039046.jpg\"><img decoding=\"async\" title=\"14656686039046.jpg\" class=\"alignnone size-full\"  alt=\"image\" src=\"http:\/\/www.rumoasantiago.com\/levante\/files\/2016\/06\/14656686039046.jpg\" \/><\/a><\/p>\n<p><a href=\"http:\/\/www.rumoasantiago.com\/levante\/files\/2016\/06\/14656686039607.jpg\"><img decoding=\"async\" title=\"14656686039607.jpg\" class=\"alignnone size-full\"  alt=\"image\" src=\"http:\/\/www.rumoasantiago.com\/levante\/files\/2016\/06\/14656686039607.jpg\" \/><\/a><\/p>\n<p><a href=\"http:\/\/www.rumoasantiago.com\/levante\/files\/2016\/06\/14656686041278.jpg\"><img decoding=\"async\" title=\"14656686041278.jpg\" class=\"alignnone size-full\"  alt=\"image\" src=\"http:\/\/www.rumoasantiago.com\/levante\/files\/2016\/06\/14656686041278.jpg\" \/><\/a><\/p>\n<p><a href=\"http:\/\/www.rumoasantiago.com\/levante\/files\/2016\/06\/14656686042869.jpg\"><img decoding=\"async\" title=\"14656686042869.jpg\" class=\"alignnone size-full\"  alt=\"image\" src=\"http:\/\/www.rumoasantiago.com\/levante\/files\/2016\/06\/14656686042869.jpg\" \/><\/a><\/p>\n<p><a href=\"http:\/\/www.rumoasantiago.com\/levante\/files\/2016\/06\/14656686043470.jpg\"><img decoding=\"async\" title=\"14656686043470.jpg\" class=\"alignnone size-full\"  alt=\"image\" src=\"http:\/\/www.rumoasantiago.com\/levante\/files\/2016\/06\/14656686043470.jpg\" \/><\/a><\/p>\n<div class=\"al2fb_like_button\"><div id=\"fb-root\"><\/div><script type=\"text\/javascript\">\n(function(d, s, id) {\n  var js, fjs = d.getElementsByTagName(s)[0];\n  if (d.getElementById(id)) return;\n  js = d.createElement(s); js.id = id;\n  js.src = \"\/\/connect.facebook.net\/pt_PT\/all.js#xfbml=1&appId=118672068213591\";\n  fjs.parentNode.insertBefore(js, fjs);\n}(document, \"script\", \"facebook-jssdk\"));\n<\/script>\n<fb:like href=\"https:\/\/www.rumoasantiago.com\/levante\/etapa-3-o-que-sobe-tem-de-descer-ate-minaya\/\" layout=\"button_count\" show_faces=\"true\" share=\"true\" width=\"450\" action=\"like\" font=\"arial\" colorscheme=\"light\" ref=\"AL2FB\"><\/fb:like><\/div>","protected":false},"excerpt":{"rendered":"<p>Depois de uma noite no m\u00ednimo &#8220;curiosa&#8221; (entre a fanfarra que se fazia ouvir antes de dormir at\u00e9 \u00e0 luta para manter unidas as almofadas que fizeram a fun\u00e7\u00e3o de colch\u00e3o), partimos rumo a Minaya, n\u00e3o sem antes nos despedirmos dos nossos companheiros americanos e espanhol que nos fizeram companhia no ser\u00e3o anterior. Como previsto, [&hellip;]<\/p>\n","protected":false},"author":1,"featured_media":0,"comment_status":"open","ping_status":"open","sticky":false,"template":"","format":"standard","meta":[],"categories":[4,6],"tags":[],"yoast_head":"<!-- This site is optimized with the Yoast SEO plugin v20.10 - https:\/\/yoast.com\/wordpress\/plugins\/seo\/ -->\n<title>Etapa 3 - O que sobe tem de descer... At\u00e9 Minaya - Caminho do Levante<\/title>\n<meta name=\"robots\" content=\"index, follow, max-snippet:-1, max-image-preview:large, max-video-preview:-1\" \/>\n<link rel=\"canonical\" href=\"http:\/\/www.rumoasantiago.com\/levante\/etapa-3-o-que-sobe-tem-de-descer-ate-minaya\/\" \/>\n<meta property=\"og:locale\" content=\"pt_PT\" \/>\n<meta property=\"og:type\" content=\"article\" \/>\n<meta property=\"og:title\" content=\"Etapa 3 - O que sobe tem de descer... At\u00e9 Minaya - Caminho do Levante\" \/>\n<meta property=\"og:description\" content=\"Depois de uma noite no m\u00ednimo &#8220;curiosa&#8221; (entre a fanfarra que se fazia ouvir antes de dormir at\u00e9 \u00e0 luta para manter unidas as almofadas que fizeram a fun\u00e7\u00e3o de colch\u00e3o), partimos rumo a Minaya, n\u00e3o sem antes nos despedirmos dos nossos companheiros americanos e espanhol que nos fizeram companhia no ser\u00e3o anterior. Como previsto, [&hellip;]\" \/>\n<meta property=\"og:url\" content=\"http:\/\/www.rumoasantiago.com\/levante\/etapa-3-o-que-sobe-tem-de-descer-ate-minaya\/\" \/>\n<meta property=\"og:site_name\" content=\"Caminho do Levante\" \/>\n<meta property=\"article:published_time\" content=\"2016-06-11T18:26:01+00:00\" \/>\n<meta property=\"article:modified_time\" content=\"2016-06-11T19:18:23+00:00\" \/>\n<meta property=\"og:image\" content=\"http:\/\/www.rumoasantiago.com\/levante\/files\/2016\/06\/14656686035324.jpg\" \/>\n<meta name=\"author\" content=\"norberto\" \/>\n<meta name=\"twitter:card\" content=\"summary_large_image\" \/>\n<meta name=\"twitter:label1\" content=\"Escrito por\" \/>\n\t<meta name=\"twitter:data1\" content=\"norberto\" \/>\n\t<meta name=\"twitter:label2\" content=\"Tempo estimado de leitura\" \/>\n\t<meta name=\"twitter:data2\" content=\"3 minutos\" \/>\n<script type=\"application\/ld+json\" class=\"yoast-schema-graph\">{\"@context\":\"https:\/\/schema.org\",\"@graph\":[{\"@type\":\"WebPage\",\"@id\":\"http:\/\/www.rumoasantiago.com\/levante\/etapa-3-o-que-sobe-tem-de-descer-ate-minaya\/\",\"url\":\"http:\/\/www.rumoasantiago.com\/levante\/etapa-3-o-que-sobe-tem-de-descer-ate-minaya\/\",\"name\":\"Etapa 3 - O que sobe tem de descer... At\u00e9 Minaya - Caminho do Levante\",\"isPartOf\":{\"@id\":\"http:\/\/www.rumoasantiago.com\/levante\/#website\"},\"datePublished\":\"2016-06-11T18:26:01+00:00\",\"dateModified\":\"2016-06-11T19:18:23+00:00\",\"author\":{\"@id\":\"http:\/\/www.rumoasantiago.com\/levante\/#\/schema\/person\/72f32049b1b85d455e20c086d02608ee\"},\"breadcrumb\":{\"@id\":\"http:\/\/www.rumoasantiago.com\/levante\/etapa-3-o-que-sobe-tem-de-descer-ate-minaya\/#breadcrumb\"},\"inLanguage\":\"pt-PT\",\"potentialAction\":[{\"@type\":\"ReadAction\",\"target\":[\"http:\/\/www.rumoasantiago.com\/levante\/etapa-3-o-que-sobe-tem-de-descer-ate-minaya\/\"]}]},{\"@type\":\"BreadcrumbList\",\"@id\":\"http:\/\/www.rumoasantiago.com\/levante\/etapa-3-o-que-sobe-tem-de-descer-ate-minaya\/#breadcrumb\",\"itemListElement\":[{\"@type\":\"ListItem\",\"position\":1,\"name\":\"Home\",\"item\":\"http:\/\/www.rumoasantiago.com\/levante\/\"},{\"@type\":\"ListItem\",\"position\":2,\"name\":\"Etapa 3 &#8211; O que sobe tem de descer&#8230; At\u00e9 Minaya\"}]},{\"@type\":\"WebSite\",\"@id\":\"http:\/\/www.rumoasantiago.com\/levante\/#website\",\"url\":\"http:\/\/www.rumoasantiago.com\/levante\/\",\"name\":\"Caminho do Levante\",\"description\":\"Travessia do Caminho do Levante\",\"potentialAction\":[{\"@type\":\"SearchAction\",\"target\":{\"@type\":\"EntryPoint\",\"urlTemplate\":\"http:\/\/www.rumoasantiago.com\/levante\/?s={search_term_string}\"},\"query-input\":\"required name=search_term_string\"}],\"inLanguage\":\"pt-PT\"},{\"@type\":\"Person\",\"@id\":\"http:\/\/www.rumoasantiago.com\/levante\/#\/schema\/person\/72f32049b1b85d455e20c086d02608ee\",\"name\":\"norberto\",\"image\":{\"@type\":\"ImageObject\",\"inLanguage\":\"pt-PT\",\"@id\":\"http:\/\/www.rumoasantiago.com\/levante\/#\/schema\/person\/image\/\",\"url\":\"https:\/\/secure.gravatar.com\/avatar\/258e8e796306c4f0066b7a531bd3db2d?s=96&d=mm&r=g\",\"contentUrl\":\"https:\/\/secure.gravatar.com\/avatar\/258e8e796306c4f0066b7a531bd3db2d?s=96&d=mm&r=g\",\"caption\":\"norberto\"},\"url\":\"https:\/\/www.rumoasantiago.com\/levante\/author\/norberto\/\"}]}<\/script>\n<!-- \/ Yoast SEO plugin. -->","yoast_head_json":{"title":"Etapa 3 - O que sobe tem de descer... At\u00e9 Minaya - Caminho do Levante","robots":{"index":"index","follow":"follow","max-snippet":"max-snippet:-1","max-image-preview":"max-image-preview:large","max-video-preview":"max-video-preview:-1"},"canonical":"http:\/\/www.rumoasantiago.com\/levante\/etapa-3-o-que-sobe-tem-de-descer-ate-minaya\/","og_locale":"pt_PT","og_type":"article","og_title":"Etapa 3 - O que sobe tem de descer... At\u00e9 Minaya - Caminho do Levante","og_description":"Depois de uma noite no m\u00ednimo &#8220;curiosa&#8221; (entre a fanfarra que se fazia ouvir antes de dormir at\u00e9 \u00e0 luta para manter unidas as almofadas que fizeram a fun\u00e7\u00e3o de colch\u00e3o), partimos rumo a Minaya, n\u00e3o sem antes nos despedirmos dos nossos companheiros americanos e espanhol que nos fizeram companhia no ser\u00e3o anterior. Como previsto, [&hellip;]","og_url":"http:\/\/www.rumoasantiago.com\/levante\/etapa-3-o-que-sobe-tem-de-descer-ate-minaya\/","og_site_name":"Caminho do Levante","article_published_time":"2016-06-11T18:26:01+00:00","article_modified_time":"2016-06-11T19:18:23+00:00","og_image":[{"url":"http:\/\/www.rumoasantiago.com\/levante\/files\/2016\/06\/14656686035324.jpg"}],"author":"norberto","twitter_card":"summary_large_image","twitter_misc":{"Escrito por":"norberto","Tempo estimado de leitura":"3 minutos"},"schema":{"@context":"https:\/\/schema.org","@graph":[{"@type":"WebPage","@id":"http:\/\/www.rumoasantiago.com\/levante\/etapa-3-o-que-sobe-tem-de-descer-ate-minaya\/","url":"http:\/\/www.rumoasantiago.com\/levante\/etapa-3-o-que-sobe-tem-de-descer-ate-minaya\/","name":"Etapa 3 - O que sobe tem de descer... At\u00e9 Minaya - Caminho do Levante","isPartOf":{"@id":"http:\/\/www.rumoasantiago.com\/levante\/#website"},"datePublished":"2016-06-11T18:26:01+00:00","dateModified":"2016-06-11T19:18:23+00:00","author":{"@id":"http:\/\/www.rumoasantiago.com\/levante\/#\/schema\/person\/72f32049b1b85d455e20c086d02608ee"},"breadcrumb":{"@id":"http:\/\/www.rumoasantiago.com\/levante\/etapa-3-o-que-sobe-tem-de-descer-ate-minaya\/#breadcrumb"},"inLanguage":"pt-PT","potentialAction":[{"@type":"ReadAction","target":["http:\/\/www.rumoasantiago.com\/levante\/etapa-3-o-que-sobe-tem-de-descer-ate-minaya\/"]}]},{"@type":"BreadcrumbList","@id":"http:\/\/www.rumoasantiago.com\/levante\/etapa-3-o-que-sobe-tem-de-descer-ate-minaya\/#breadcrumb","itemListElement":[{"@type":"ListItem","position":1,"name":"Home","item":"http:\/\/www.rumoasantiago.com\/levante\/"},{"@type":"ListItem","position":2,"name":"Etapa 3 &#8211; O que sobe tem de descer&#8230; At\u00e9 Minaya"}]},{"@type":"WebSite","@id":"http:\/\/www.rumoasantiago.com\/levante\/#website","url":"http:\/\/www.rumoasantiago.com\/levante\/","name":"Caminho do Levante","description":"Travessia do Caminho do Levante","potentialAction":[{"@type":"SearchAction","target":{"@type":"EntryPoint","urlTemplate":"http:\/\/www.rumoasantiago.com\/levante\/?s={search_term_string}"},"query-input":"required name=search_term_string"}],"inLanguage":"pt-PT"},{"@type":"Person","@id":"http:\/\/www.rumoasantiago.com\/levante\/#\/schema\/person\/72f32049b1b85d455e20c086d02608ee","name":"norberto","image":{"@type":"ImageObject","inLanguage":"pt-PT","@id":"http:\/\/www.rumoasantiago.com\/levante\/#\/schema\/person\/image\/","url":"https:\/\/secure.gravatar.com\/avatar\/258e8e796306c4f0066b7a531bd3db2d?s=96&d=mm&r=g","contentUrl":"https:\/\/secure.gravatar.com\/avatar\/258e8e796306c4f0066b7a531bd3db2d?s=96&d=mm&r=g","caption":"norberto"},"url":"https:\/\/www.rumoasantiago.com\/levante\/author\/norberto\/"}]}},"publishpress_future_action":{"enabled":false,"date":"0","action":"","terms":[],"taxonomy":""},"_links":{"self":[{"href":"https:\/\/www.rumoasantiago.com\/levante\/wp-json\/wp\/v2\/posts\/175"}],"collection":[{"href":"https:\/\/www.rumoasantiago.com\/levante\/wp-json\/wp\/v2\/posts"}],"about":[{"href":"https:\/\/www.rumoasantiago.com\/levante\/wp-json\/wp\/v2\/types\/post"}],"author":[{"embeddable":true,"href":"https:\/\/www.rumoasantiago.com\/levante\/wp-json\/wp\/v2\/users\/1"}],"replies":[{"embeddable":true,"href":"https:\/\/www.rumoasantiago.com\/levante\/wp-json\/wp\/v2\/comments?post=175"}],"version-history":[{"count":2,"href":"https:\/\/www.rumoasantiago.com\/levante\/wp-json\/wp\/v2\/posts\/175\/revisions"}],"predecessor-version":[{"id":177,"href":"https:\/\/www.rumoasantiago.com\/levante\/wp-json\/wp\/v2\/posts\/175\/revisions\/177"}],"wp:attachment":[{"href":"https:\/\/www.rumoasantiago.com\/levante\/wp-json\/wp\/v2\/media?parent=175"}],"wp:term":[{"taxonomy":"category","embeddable":true,"href":"https:\/\/www.rumoasantiago.com\/levante\/wp-json\/wp\/v2\/categories?post=175"},{"taxonomy":"post_tag","embeddable":true,"href":"https:\/\/www.rumoasantiago.com\/levante\/wp-json\/wp\/v2\/tags?post=175"}],"curies":[{"name":"wp","href":"https:\/\/api.w.org\/{rel}","templated":true}]}}