{"id":816,"date":"2011-08-05T09:10:29","date_gmt":"2011-08-05T08:10:29","guid":{"rendered":"http:\/\/www.rumoasantiago.com\/2011\/08\/05\/rescaldo-da-etapa-5\/"},"modified":"2012-05-21T23:56:55","modified_gmt":"2012-05-21T23:56:55","slug":"rescaldo-da-etapa-5","status":"publish","type":"post","link":"https:\/\/www.rumoasantiago.com\/frances\/2011\/08\/05\/rescaldo-da-etapa-5\/","title":{"rendered":"Rescaldo da Etapa 5"},"content":{"rendered":"<p>Mais uma etapa superada. Desta vez super\u00e1mos a nossa marca anterior de dist\u00e2ncia, somando mais cerca de 90 quil\u00f3metros ao total que j\u00e1 percorremos, perfazendo um total de 330 quil\u00f3metros percorridos. Em bom rigor, estamos sensivelmente a meio da viagem em termos de etapas, embora estejamos apenas a pouco mais de 1\/3 da dist\u00e2ncia at\u00e9 Santiago.<br \/>\nO dia come\u00e7ou cedo, por volta das 7h. N\u00e3o era a inten\u00e7\u00e3o original, mas como deixei o telem\u00f3vel a carregar numa tomada rente ao ch\u00e3o (hoje fiquei no topo do beliche), um alarme esquecido come\u00e7ou a tocar a essa hora. Como temos tido sinfonia nasal todas as noites, estava a usar tamp\u00f5es para os ouvidos e s\u00f3 acordei quando o Ricardo me abanou para desligar o alarme.<br \/>\nComo era esperado, a viagem passou essencialmente pelo mesmo tipo de caminho, com longos estrad\u00f5es. Pelo meio, antes de alcan\u00e7armos o Alto de la Pedraja, tivemos uma pequena prova de per\u00edcia durante uns subida em que o piso estava crivado com rocha.<br \/>\nComo tudo o que sobe tem de descer, logo de seguida tivemos direito a uma valente descida t\u00e9cnica, com muita pedra solta. Eu ia t\u00e3o entusiasmado que me esqueci de fechar a bolsa da m\u00e1quina fotogr\u00e1fica. A meio da descida vejo a m\u00e1quina a ser projectada no ar e pensei o pior para a m\u00e1quina e para mim, dado que tive de fazer o algum malabarismo para segurar a m\u00e1quina e abrandar com seguran\u00e7a. Valeu o facto de eu trazer sempre a m\u00e1quina presa com um fio.<br \/>\nSeguimos viagem, sem nenhum percal\u00e7o, ao longo de imenso caminho que atravessa os campos de cultivo que se estendem at\u00e9 onde a vista alcan\u00e7a.<br \/>\nA paragem para o almo\u00e7o foi em Burgos, junto \u00e0 catedral. Enquanto o \u00d3scar repouso um pouco, fomos at\u00e9 \u00e0 Decathlon na expectativa de conseguir arranjar a bicicleta do Ricardo. Infelizmente o mec\u00e2nico de servi\u00e7o s\u00f3 regressava \u00e0s 15h30, pelo que n\u00e3o pudemos esperar.<br \/>\nSeguimos viagem, com algumas voltas pelas imedia\u00e7\u00f5es da catedral at\u00e9 darmos com o caminho. Pass\u00e1mos perto do parque que \u00e9 um dos cen\u00e1rios do filme The Way, na cena onde o rapaz cigano \u00e9 obrigado a carregar a mochila da personagem at\u00e9 \u00e0s portas da cidade.<br \/>\nReencontr\u00e1mos de novo os nossos amigos catal\u00e3es, que seguiam no seu ritmo animado de sempre.<br \/>\nHontanas j\u00e1 estava pr\u00f3xima, mas n\u00e3o havia nem sinal da aldeia, naqueles que foram dos quil\u00f3metros mais longos da etapa. Eu acompanhei o \u00d3scar nos quil\u00f3metros finais, enquanto que o Ricardo e o J\u00falio foram mais \u00e0 frente numa esp\u00e9cie de sprint final.<br \/>\nQuando faltavam cerca de 500 metros para o destino, vimos finalmente as indica\u00e7\u00f5es da povoa\u00e7\u00e3o e est\u00e1vamos finalmente em &#8220;casa&#8221;.<br \/>\nDesta vez fic\u00e1mos no albergue Santa Brigida, um albergue muito simp\u00e1tico e acolhedor que cumpre a regra que se est\u00e1 a estabelecer e que diz que o melhor \u00e9 mesmo planear este tipo de viagem de maneira a dormir sempre em povoa\u00e7\u00f5es pequenas.<br \/>\nO jantar de hoje foi cortesia do \u00d3scar que nos preparou uma deliciosa tortilla.<br \/>\nCom mais uma etapa de 80 quil\u00f3metros para o pr\u00f3xima tro\u00e7o, nada mais nos restou sen\u00e3o descansar. E como a Vodafone n\u00e3o tem sinal nesta aldeia, a publica\u00e7\u00e3o desta cr\u00f3nica ocorrer\u00e1 durante esta sexta-feira, logo que haja rede.<\/p>\n<p>rumoasantiago.com<\/p>\n<p><img decoding=\"async\" style=\"display: block; margin-right: auto; margin-left: auto;\" src=\"http:\/\/www.rumoasantiago.com\/wp-content\/blogs.dir\/3\/files\/2011\/08\/wpid-IMG_6448-1.jpg\" alt=\"image\" \/><br \/>\n<img decoding=\"async\" style=\"display: block; margin-right: auto; margin-left: auto;\" src=\"http:\/\/www.rumoasantiago.com\/wp-content\/blogs.dir\/3\/files\/2011\/08\/wpid-IMG_6374-1.jpg\" alt=\"image\" \/><br \/>\n<img decoding=\"async\" style=\"display: block; margin-right: auto; margin-left: auto;\" src=\"http:\/\/www.rumoasantiago.com\/wp-content\/blogs.dir\/3\/files\/2011\/08\/wpid-IMG_6375-1.jpg\" alt=\"image\" \/><br \/>\n<img decoding=\"async\" style=\"display: block; margin-right: auto; margin-left: auto;\" src=\"http:\/\/www.rumoasantiago.com\/wp-content\/blogs.dir\/3\/files\/2011\/08\/wpid-IMG_6384-1.jpg\" alt=\"image\" \/><br \/>\n<img decoding=\"async\" style=\"display: block; margin-right: auto; margin-left: auto;\" src=\"http:\/\/www.rumoasantiago.com\/wp-content\/blogs.dir\/3\/files\/2011\/08\/wpid-IMG_6409-1.jpg\" alt=\"image\" \/><br \/>\n<img decoding=\"async\" style=\"display: block; margin-right: auto; margin-left: auto;\" src=\"http:\/\/www.rumoasantiago.com\/wp-content\/blogs.dir\/3\/files\/2011\/08\/wpid-IMG_6419-1.jpg\" alt=\"image\" \/><br \/>\n<img decoding=\"async\" style=\"display: block; margin-right: auto; margin-left: auto;\" src=\"http:\/\/www.rumoasantiago.com\/wp-content\/blogs.dir\/3\/files\/2011\/08\/wpid-IMG_6428-1.jpg\" alt=\"image\" \/><br \/>\n<img decoding=\"async\" style=\"display: block; margin-right: auto; margin-left: auto;\" src=\"http:\/\/www.rumoasantiago.com\/wp-content\/blogs.dir\/3\/files\/2011\/08\/wpid-IMG_6439-1.jpg\" alt=\"image\" \/><br \/>\n<img decoding=\"async\" style=\"display: block; margin-right: auto; margin-left: auto;\" src=\"http:\/\/www.rumoasantiago.com\/wp-content\/blogs.dir\/3\/files\/2011\/08\/wpid-IMG_6525-1.jpg\" alt=\"image\" \/><br \/>\n<img decoding=\"async\" style=\"display: block; margin-right: auto; margin-left: auto;\" src=\"http:\/\/www.rumoasantiago.com\/wp-content\/blogs.dir\/3\/files\/2011\/08\/wpid-IMG_6546-1.jpg\" alt=\"image\" \/><br \/>\n<img decoding=\"async\" style=\"display: block; margin-right: auto; margin-left: auto;\" src=\"http:\/\/www.rumoasantiago.com\/wp-content\/blogs.dir\/3\/files\/2011\/08\/wpid-IMG_6551-1.jpg\" alt=\"image\" \/><br \/>\n<img decoding=\"async\" style=\"display: block; margin-right: auto; margin-left: auto;\" src=\"http:\/\/www.rumoasantiago.com\/wp-content\/blogs.dir\/3\/files\/2011\/08\/wpid-IMG_6565-1.jpg\" alt=\"image\" \/><br \/>\n<img decoding=\"async\" style=\"display: block; margin-right: auto; margin-left: auto;\" src=\"http:\/\/www.rumoasantiago.com\/wp-content\/blogs.dir\/3\/files\/2011\/08\/wpid-IMG_6567-1.jpg\" alt=\"image\" \/><\/p>\n<div class=\"al2fb_like_button\"><div id=\"fb-root\"><\/div><script type=\"text\/javascript\">\n(function(d, s, id) {\n  var js, fjs = d.getElementsByTagName(s)[0];\n  if (d.getElementById(id)) return;\n  js = d.createElement(s); js.id = id;\n  js.src = \"\/\/connect.facebook.net\/pt_PT\/all.js#xfbml=1&appId=118672068213591\";\n  fjs.parentNode.insertBefore(js, fjs);\n}(document, \"script\", \"facebook-jssdk\"));\n<\/script>\n<fb:like href=\"https:\/\/www.rumoasantiago.com\/frances\/2011\/08\/05\/rescaldo-da-etapa-5\/\" layout=\"button_count\" show_faces=\"true\" share=\"false\" width=\"450\" action=\"like\" font=\"arial\" colorscheme=\"light\" ref=\"AL2FB\"><\/fb:like><\/div>","protected":false},"excerpt":{"rendered":"<p>Mais uma etapa superada. Desta vez super\u00e1mos a nossa marca anterior de dist\u00e2ncia, somando mais cerca de 90 quil\u00f3metros ao total que j\u00e1 percorremos, perfazendo um total de 330 quil\u00f3metros percorridos. Em bom rigor, estamos sensivelmente a meio da viagem em termos de etapas, embora estejamos apenas a pouco mais de 1\/3 da dist\u00e2ncia at\u00e9 [&hellip;]<\/p>\n","protected":false},"author":1,"featured_media":0,"comment_status":"open","ping_status":"open","sticky":false,"template":"","format":"standard","meta":[],"categories":[1,5,7,20],"tags":[],"yoast_head":"<!-- This site is optimized with the Yoast SEO plugin v20.10 - https:\/\/yoast.com\/wordpress\/plugins\/seo\/ -->\n<title>Rescaldo da Etapa 5 - Caminho Franc\u00eas de Santiago<\/title>\n<meta name=\"robots\" content=\"index, follow, max-snippet:-1, max-image-preview:large, max-video-preview:-1\" \/>\n<link rel=\"canonical\" href=\"https:\/\/www.rumoasantiago.com\/frances\/2011\/08\/05\/rescaldo-da-etapa-5\/\" \/>\n<meta name=\"twitter:card\" content=\"summary_large_image\" \/>\n<meta name=\"twitter:title\" content=\"Rescaldo da Etapa 5 - Caminho Franc\u00eas de Santiago\" \/>\n<meta name=\"twitter:description\" content=\"Mais uma etapa superada. Desta vez super\u00e1mos a nossa marca anterior de dist\u00e2ncia, somando mais cerca de 90 quil\u00f3metros ao total que j\u00e1 percorremos, perfazendo um total de 330 quil\u00f3metros percorridos. Em bom rigor, estamos sensivelmente a meio da viagem em termos de etapas, embora estejamos apenas a pouco mais de 1\/3 da dist\u00e2ncia at\u00e9 [&hellip;]\" \/>\n<meta name=\"twitter:image\" content=\"http:\/\/www.rumoasantiago.com\/wp-content\/blogs.dir\/3\/files\/2011\/08\/wpid-IMG_6448-1.jpg\" \/>\n<meta name=\"twitter:label1\" content=\"Escrito por\" \/>\n\t<meta name=\"twitter:data1\" content=\"norberto\" \/>\n\t<meta name=\"twitter:label2\" content=\"Tempo estimado de leitura\" \/>\n\t<meta name=\"twitter:data2\" content=\"3 minutos\" \/>\n<script type=\"application\/ld+json\" class=\"yoast-schema-graph\">{\"@context\":\"https:\/\/schema.org\",\"@graph\":[{\"@type\":\"WebPage\",\"@id\":\"https:\/\/www.rumoasantiago.com\/frances\/2011\/08\/05\/rescaldo-da-etapa-5\/\",\"url\":\"https:\/\/www.rumoasantiago.com\/frances\/2011\/08\/05\/rescaldo-da-etapa-5\/\",\"name\":\"Rescaldo da Etapa 5 - Caminho Franc\u00eas de Santiago\",\"isPartOf\":{\"@id\":\"http:\/\/www.rumoasantiago.com\/frances\/#website\"},\"datePublished\":\"2011-08-05T08:10:29+00:00\",\"dateModified\":\"2012-05-21T23:56:55+00:00\",\"author\":{\"@id\":\"http:\/\/www.rumoasantiago.com\/frances\/#\/schema\/person\/72f32049b1b85d455e20c086d02608ee\"},\"breadcrumb\":{\"@id\":\"https:\/\/www.rumoasantiago.com\/frances\/2011\/08\/05\/rescaldo-da-etapa-5\/#breadcrumb\"},\"inLanguage\":\"pt-PT\",\"potentialAction\":[{\"@type\":\"ReadAction\",\"target\":[\"https:\/\/www.rumoasantiago.com\/frances\/2011\/08\/05\/rescaldo-da-etapa-5\/\"]}]},{\"@type\":\"BreadcrumbList\",\"@id\":\"https:\/\/www.rumoasantiago.com\/frances\/2011\/08\/05\/rescaldo-da-etapa-5\/#breadcrumb\",\"itemListElement\":[{\"@type\":\"ListItem\",\"position\":1,\"name\":\"Home\",\"item\":\"http:\/\/www.rumoasantiago.com\/frances\/\"},{\"@type\":\"ListItem\",\"position\":2,\"name\":\"Rescaldo da Etapa 5\"}]},{\"@type\":\"WebSite\",\"@id\":\"http:\/\/www.rumoasantiago.com\/frances\/#website\",\"url\":\"http:\/\/www.rumoasantiago.com\/frances\/\",\"name\":\"Caminho Franc\u00eas de Santiago\",\"description\":\"Travessia do Caminho Franc\u00eas\",\"potentialAction\":[{\"@type\":\"SearchAction\",\"target\":{\"@type\":\"EntryPoint\",\"urlTemplate\":\"http:\/\/www.rumoasantiago.com\/frances\/?s={search_term_string}\"},\"query-input\":\"required name=search_term_string\"}],\"inLanguage\":\"pt-PT\"},{\"@type\":\"Person\",\"@id\":\"http:\/\/www.rumoasantiago.com\/frances\/#\/schema\/person\/72f32049b1b85d455e20c086d02608ee\",\"name\":\"norberto\",\"image\":{\"@type\":\"ImageObject\",\"inLanguage\":\"pt-PT\",\"@id\":\"http:\/\/www.rumoasantiago.com\/frances\/#\/schema\/person\/image\/\",\"url\":\"https:\/\/secure.gravatar.com\/avatar\/258e8e796306c4f0066b7a531bd3db2d?s=96&d=mm&r=g\",\"contentUrl\":\"https:\/\/secure.gravatar.com\/avatar\/258e8e796306c4f0066b7a531bd3db2d?s=96&d=mm&r=g\",\"caption\":\"norberto\"},\"url\":\"https:\/\/www.rumoasantiago.com\/frances\/author\/norberto\/\"}]}<\/script>\n<!-- \/ Yoast SEO plugin. -->","yoast_head_json":{"title":"Rescaldo da Etapa 5 - Caminho Franc\u00eas de Santiago","robots":{"index":"index","follow":"follow","max-snippet":"max-snippet:-1","max-image-preview":"max-image-preview:large","max-video-preview":"max-video-preview:-1"},"canonical":"https:\/\/www.rumoasantiago.com\/frances\/2011\/08\/05\/rescaldo-da-etapa-5\/","twitter_card":"summary_large_image","twitter_title":"Rescaldo da Etapa 5 - Caminho Franc\u00eas de Santiago","twitter_description":"Mais uma etapa superada. Desta vez super\u00e1mos a nossa marca anterior de dist\u00e2ncia, somando mais cerca de 90 quil\u00f3metros ao total que j\u00e1 percorremos, perfazendo um total de 330 quil\u00f3metros percorridos. Em bom rigor, estamos sensivelmente a meio da viagem em termos de etapas, embora estejamos apenas a pouco mais de 1\/3 da dist\u00e2ncia at\u00e9 [&hellip;]","twitter_image":"http:\/\/www.rumoasantiago.com\/wp-content\/blogs.dir\/3\/files\/2011\/08\/wpid-IMG_6448-1.jpg","twitter_misc":{"Escrito por":"norberto","Tempo estimado de leitura":"3 minutos"},"schema":{"@context":"https:\/\/schema.org","@graph":[{"@type":"WebPage","@id":"https:\/\/www.rumoasantiago.com\/frances\/2011\/08\/05\/rescaldo-da-etapa-5\/","url":"https:\/\/www.rumoasantiago.com\/frances\/2011\/08\/05\/rescaldo-da-etapa-5\/","name":"Rescaldo da Etapa 5 - Caminho Franc\u00eas de Santiago","isPartOf":{"@id":"http:\/\/www.rumoasantiago.com\/frances\/#website"},"datePublished":"2011-08-05T08:10:29+00:00","dateModified":"2012-05-21T23:56:55+00:00","author":{"@id":"http:\/\/www.rumoasantiago.com\/frances\/#\/schema\/person\/72f32049b1b85d455e20c086d02608ee"},"breadcrumb":{"@id":"https:\/\/www.rumoasantiago.com\/frances\/2011\/08\/05\/rescaldo-da-etapa-5\/#breadcrumb"},"inLanguage":"pt-PT","potentialAction":[{"@type":"ReadAction","target":["https:\/\/www.rumoasantiago.com\/frances\/2011\/08\/05\/rescaldo-da-etapa-5\/"]}]},{"@type":"BreadcrumbList","@id":"https:\/\/www.rumoasantiago.com\/frances\/2011\/08\/05\/rescaldo-da-etapa-5\/#breadcrumb","itemListElement":[{"@type":"ListItem","position":1,"name":"Home","item":"http:\/\/www.rumoasantiago.com\/frances\/"},{"@type":"ListItem","position":2,"name":"Rescaldo da Etapa 5"}]},{"@type":"WebSite","@id":"http:\/\/www.rumoasantiago.com\/frances\/#website","url":"http:\/\/www.rumoasantiago.com\/frances\/","name":"Caminho Franc\u00eas de Santiago","description":"Travessia do Caminho Franc\u00eas","potentialAction":[{"@type":"SearchAction","target":{"@type":"EntryPoint","urlTemplate":"http:\/\/www.rumoasantiago.com\/frances\/?s={search_term_string}"},"query-input":"required name=search_term_string"}],"inLanguage":"pt-PT"},{"@type":"Person","@id":"http:\/\/www.rumoasantiago.com\/frances\/#\/schema\/person\/72f32049b1b85d455e20c086d02608ee","name":"norberto","image":{"@type":"ImageObject","inLanguage":"pt-PT","@id":"http:\/\/www.rumoasantiago.com\/frances\/#\/schema\/person\/image\/","url":"https:\/\/secure.gravatar.com\/avatar\/258e8e796306c4f0066b7a531bd3db2d?s=96&d=mm&r=g","contentUrl":"https:\/\/secure.gravatar.com\/avatar\/258e8e796306c4f0066b7a531bd3db2d?s=96&d=mm&r=g","caption":"norberto"},"url":"https:\/\/www.rumoasantiago.com\/frances\/author\/norberto\/"}]}},"publishpress_future_action":{"enabled":false,"date":"0","action":"","terms":[],"taxonomy":""},"_links":{"self":[{"href":"https:\/\/www.rumoasantiago.com\/frances\/wp-json\/wp\/v2\/posts\/816"}],"collection":[{"href":"https:\/\/www.rumoasantiago.com\/frances\/wp-json\/wp\/v2\/posts"}],"about":[{"href":"https:\/\/www.rumoasantiago.com\/frances\/wp-json\/wp\/v2\/types\/post"}],"author":[{"embeddable":true,"href":"https:\/\/www.rumoasantiago.com\/frances\/wp-json\/wp\/v2\/users\/1"}],"replies":[{"embeddable":true,"href":"https:\/\/www.rumoasantiago.com\/frances\/wp-json\/wp\/v2\/comments?post=816"}],"version-history":[{"count":3,"href":"https:\/\/www.rumoasantiago.com\/frances\/wp-json\/wp\/v2\/posts\/816\/revisions"}],"predecessor-version":[{"id":1041,"href":"https:\/\/www.rumoasantiago.com\/frances\/wp-json\/wp\/v2\/posts\/816\/revisions\/1041"}],"wp:attachment":[{"href":"https:\/\/www.rumoasantiago.com\/frances\/wp-json\/wp\/v2\/media?parent=816"}],"wp:term":[{"taxonomy":"category","embeddable":true,"href":"https:\/\/www.rumoasantiago.com\/frances\/wp-json\/wp\/v2\/categories?post=816"},{"taxonomy":"post_tag","embeddable":true,"href":"https:\/\/www.rumoasantiago.com\/frances\/wp-json\/wp\/v2\/tags?post=816"}],"curies":[{"name":"wp","href":"https:\/\/api.w.org\/{rel}","templated":true}]}}