{"id":56,"date":"2018-06-10T21:42:00","date_gmt":"2018-06-10T21:42:00","guid":{"rendered":"https:\/\/www.rumoasantiago.com\/mozarabe\/?p=56"},"modified":"2018-06-10T21:42:00","modified_gmt":"2018-06-10T21:42:00","slug":"etapa-5-na-senda-dos-olivais","status":"publish","type":"post","link":"http:\/\/www.rumoasantiago.com\/mozarabe\/etapa-5-na-senda-dos-olivais\/","title":{"rendered":"Etapa 5 &#8211; na senda dos olivais"},"content":{"rendered":"<p>Hoje foi dia de dar conta da etapa mais longa (97 quil\u00f3metros) previstos para este Caminho, se excluir o regresso a Portugal.No que diz respeito ao Caminho, esta etapa toda se resume a estrad\u00f5es e estradas de alcatr\u00e3o secund\u00e1rias. N\u00e3o houve direito a single tracks, nem trilhos t\u00e9cnicos, apenas caminhos para rolar.Foi por isso uma etapa relativamente acess\u00edvel para os ciclistas, mas mesmo atendendo a que o percurso de hoje corresponder\u00e1 a 3 ou 4 etapas pedestres (pelo menos), \u00e9 um trajeto complicado para quem faz o Caminho a p\u00e9, atendendo a que em muitos s\u00edtios n\u00e3o sei v\u00ea o fim dos caminhos de t\u00e3o extensos que s\u00e3o.A noite foi bem passada, desta vez no balne\u00e1rio do gimnodesportivo de Alcaudete. A meio da noite (por volta das 3 da madrugada) ouvi alguma coisa ou algu\u00e9m a bater em metal e fiquei na d\u00favida se seria algu\u00e9m a fazer desacatos ou se alguma outra coisa mais &#8220;normal&#8221;. Eu deixei-me ficar pelo sono e continuei pela noite dentro :)Ainda n\u00e3o foi desta que me consegui levantar a tempo de estar a pedalar \u00e0s 7h da manh\u00e3. A log\u00edstica de arrumar a mochila e preparar o pequeno almo\u00e7o \u00e9 sempre lenta e eram umas 8h15 quando parti, n\u00e3o sem antes disparar uma vez mais o alarme do pavilh\u00e3o que algu\u00e9m no dia anterior deixou ativo esquecendo-se de que havia algu\u00e9m l\u00e1 dentro :)Pela primeira vez tive de fazer uso do corta vento. A manh\u00e3 estava gelada e com os primeiros quil\u00f3metros em estrada e a descer, n\u00e3o podia ser de outra forma.Sem grande destaque para o resto do percurso, foi a partir de Castro del R\u00edo que a etapa come\u00e7ou a exigir mais. A seguir seguia-se a subida at\u00e9 Espejo, que curiosamente um residente de Castro (e tamb\u00e9m peregrino a Santiago) me sugeriu que evitasse e que seguisse uma rota alternativa mais direta a C\u00f3rdoba que evitaria n\u00e3o s\u00f3 a subida, mas tamb\u00e9m quase 10 quil\u00f3metros a menos. Estando agora muito melhor fisicamente do que h\u00e1 uns dias atr\u00e1s mantive-me fiel \u00e0 etapa que tinha idealizado.A subida foi de facto longa e algo demorada, mas nada compar\u00e1vel ao que j\u00e1 encontrei por aqui. S\u00f3 o facto de ser cicl\u00e1vel \u00e9 um feito :).Alcan\u00e7ado o topo de Espejo, foi altura de gozar a respetiva descida, desta feita em dire\u00e7\u00e3o a Santa Cruz.A passagem por Santa Cruz foi ef\u00e9mera: o Caminho passa por uns bares junto \u00e0 estrada e mal nos damos conta j\u00e1 estamos mal sa\u00edda da povoa\u00e7\u00e3o, junto a uns armaz\u00e9ns de sementes. Com o sol a brilhar e a barriga a dar horas, essa zona com umas sombras para autom\u00f3veis foi o local ideal para fazer mais um refor\u00e7o alimentar e aplicar algum protetor solar (n\u00e3o se adivinhavam grandes sombras a seguir).Os olivais come\u00e7aram a dar lugar a extensos campos de girass\u00f3is. \u00c9 impressionante a beleza de uma encosta enorme toda pintada de verde e amarelo!O terreno nestes \u00faltimos quil\u00f3metros \u00e9 um constante sobe e desce ao longos destes campos. A dada altura come\u00e7o a avistar l\u00e1 ao longe o que seria C\u00f3rdoba, ainda com uns 10 quil\u00f3metros para pedalar.E C\u00f3rdoba foi alcan\u00e7ada! Parece ser uma cidade fenomenal para visitar noutros moldes. Uma vez mais as rel\u00edquias isl\u00e2micas conservadas, neste caso uma imponente mesquita e uma antiga ponte sobre o rio, criam logo um grande impacto a quem chega.<img decoding=\"async\" class=\"size-full\" data-wpid=\"189\" src=\"https:\/\/www.rumoasantiago.com\/mozarabe\/files\/2018\/06\/15286667399777997797036.jpg\" \/><img decoding=\"async\" class=\"size-full\" data-wpid=\"190\" src=\"https:\/\/www.rumoasantiago.com\/mozarabe\/files\/2018\/06\/15286667397094652310279.jpg\" \/><img decoding=\"async\" class=\"size-full\" data-wpid=\"191\" src=\"https:\/\/www.rumoasantiago.com\/mozarabe\/files\/2018\/06\/152866673847601623597708.jpg\" \/><img decoding=\"async\" class=\"size-full\" data-wpid=\"192\" src=\"https:\/\/www.rumoasantiago.com\/mozarabe\/files\/2018\/06\/152866673902721136954973.jpg\" \/><img decoding=\"async\" class=\"size-full\" data-wpid=\"193\" src=\"https:\/\/www.rumoasantiago.com\/mozarabe\/files\/2018\/06\/15286667399366399192483.jpg\" \/><img decoding=\"async\" class=\"size-full\" data-wpid=\"194\" src=\"https:\/\/www.rumoasantiago.com\/mozarabe\/files\/2018\/06\/152866673989052061500617.jpg\" \/><img decoding=\"async\" class=\"size-full\" data-wpid=\"195\" src=\"https:\/\/www.rumoasantiago.com\/mozarabe\/files\/2018\/06\/15286667400148851837937.jpg\" \/><img decoding=\"async\" class=\"size-full\" data-wpid=\"196\" src=\"https:\/\/www.rumoasantiago.com\/mozarabe\/files\/2018\/06\/152866674006991738683968.jpg\" \/><img decoding=\"async\" class=\"size-full\" data-wpid=\"197\" src=\"https:\/\/www.rumoasantiago.com\/mozarabe\/files\/2018\/06\/15286667389471468579721.jpg\" \/><\/p>\n","protected":false},"excerpt":{"rendered":"<p>Hoje foi dia de dar conta da etapa mais longa (97 quil\u00f3metros) previstos para este Caminho, se excluir o regresso a Portugal.No que diz respeito ao Caminho, esta etapa toda se resume a estrad\u00f5es e estradas de alcatr\u00e3o secund\u00e1rias. N\u00e3o houve direito a single tracks, nem trilhos t\u00e9cnicos, apenas caminhos para rolar.Foi por isso uma [&hellip;]<\/p>\n","protected":false},"author":1,"featured_media":46,"comment_status":"open","ping_status":"open","sticky":false,"template":"","format":"standard","meta":[],"categories":[4,3,5],"tags":[],"yoast_head":"<!-- This site is optimized with the Yoast SEO plugin v20.10 - https:\/\/yoast.com\/wordpress\/plugins\/seo\/ -->\n<title>Etapa 5 - na senda dos olivais - Caminho Moz\u00e1rabe<\/title>\n<meta name=\"robots\" content=\"index, follow, max-snippet:-1, max-image-preview:large, max-video-preview:-1\" \/>\n<link rel=\"canonical\" href=\"http:\/\/www.rumoasantiago.com\/mozarabe\/etapa-5-na-senda-dos-olivais\/\" \/>\n<meta property=\"og:locale\" content=\"pt_PT\" \/>\n<meta property=\"og:type\" content=\"article\" \/>\n<meta property=\"og:title\" content=\"Etapa 5 - na senda dos olivais - Caminho Moz\u00e1rabe\" \/>\n<meta property=\"og:description\" content=\"Hoje foi dia de dar conta da etapa mais longa (97 quil\u00f3metros) previstos para este Caminho, se excluir o regresso a Portugal.No que diz respeito ao Caminho, esta etapa toda se resume a estrad\u00f5es e estradas de alcatr\u00e3o secund\u00e1rias. N\u00e3o houve direito a single tracks, nem trilhos t\u00e9cnicos, apenas caminhos para rolar.Foi por isso uma [&hellip;]\" \/>\n<meta property=\"og:url\" content=\"http:\/\/www.rumoasantiago.com\/mozarabe\/etapa-5-na-senda-dos-olivais\/\" \/>\n<meta property=\"og:site_name\" content=\"Caminho Moz\u00e1rabe\" \/>\n<meta property=\"article:published_time\" content=\"2018-06-10T21:42:00+00:00\" \/>\n<meta property=\"og:image\" content=\"http:\/\/www.rumoasantiago.com\/mozarabe\/files\/2018\/06\/15286667397094.jpg\" \/>\n\t<meta property=\"og:image:width\" content=\"960\" \/>\n\t<meta property=\"og:image:height\" content=\"1280\" \/>\n\t<meta property=\"og:image:type\" content=\"image\/jpeg\" \/>\n<meta name=\"author\" content=\"norberto\" \/>\n<meta name=\"twitter:card\" content=\"summary_large_image\" \/>\n<meta name=\"twitter:label1\" content=\"Escrito por\" \/>\n\t<meta name=\"twitter:data1\" content=\"norberto\" \/>\n\t<meta name=\"twitter:label2\" content=\"Tempo estimado de leitura\" \/>\n\t<meta name=\"twitter:data2\" content=\"3 minutos\" \/>\n<script type=\"application\/ld+json\" class=\"yoast-schema-graph\">{\"@context\":\"https:\/\/schema.org\",\"@graph\":[{\"@type\":\"WebPage\",\"@id\":\"http:\/\/www.rumoasantiago.com\/mozarabe\/etapa-5-na-senda-dos-olivais\/\",\"url\":\"http:\/\/www.rumoasantiago.com\/mozarabe\/etapa-5-na-senda-dos-olivais\/\",\"name\":\"Etapa 5 - na senda dos olivais - Caminho Moz\u00e1rabe\",\"isPartOf\":{\"@id\":\"https:\/\/www.rumoasantiago.com\/mozarabe\/#website\"},\"datePublished\":\"2018-06-10T21:42:00+00:00\",\"dateModified\":\"2018-06-10T21:42:00+00:00\",\"author\":{\"@id\":\"https:\/\/www.rumoasantiago.com\/mozarabe\/#\/schema\/person\/72f32049b1b85d455e20c086d02608ee\"},\"breadcrumb\":{\"@id\":\"http:\/\/www.rumoasantiago.com\/mozarabe\/etapa-5-na-senda-dos-olivais\/#breadcrumb\"},\"inLanguage\":\"pt-PT\",\"potentialAction\":[{\"@type\":\"ReadAction\",\"target\":[\"http:\/\/www.rumoasantiago.com\/mozarabe\/etapa-5-na-senda-dos-olivais\/\"]}]},{\"@type\":\"BreadcrumbList\",\"@id\":\"http:\/\/www.rumoasantiago.com\/mozarabe\/etapa-5-na-senda-dos-olivais\/#breadcrumb\",\"itemListElement\":[{\"@type\":\"ListItem\",\"position\":1,\"name\":\"Home\",\"item\":\"https:\/\/www.rumoasantiago.com\/mozarabe\/\"},{\"@type\":\"ListItem\",\"position\":2,\"name\":\"Etapa 5 &#8211; na senda dos olivais\"}]},{\"@type\":\"WebSite\",\"@id\":\"https:\/\/www.rumoasantiago.com\/mozarabe\/#website\",\"url\":\"https:\/\/www.rumoasantiago.com\/mozarabe\/\",\"name\":\"Caminho Moz\u00e1rabe\",\"description\":\"Travessia do Caminho Moz\u00e1rabe\",\"potentialAction\":[{\"@type\":\"SearchAction\",\"target\":{\"@type\":\"EntryPoint\",\"urlTemplate\":\"https:\/\/www.rumoasantiago.com\/mozarabe\/?s={search_term_string}\"},\"query-input\":\"required name=search_term_string\"}],\"inLanguage\":\"pt-PT\"},{\"@type\":\"Person\",\"@id\":\"https:\/\/www.rumoasantiago.com\/mozarabe\/#\/schema\/person\/72f32049b1b85d455e20c086d02608ee\",\"name\":\"norberto\",\"image\":{\"@type\":\"ImageObject\",\"inLanguage\":\"pt-PT\",\"@id\":\"https:\/\/www.rumoasantiago.com\/mozarabe\/#\/schema\/person\/image\/\",\"url\":\"http:\/\/2.gravatar.com\/avatar\/258e8e796306c4f0066b7a531bd3db2d?s=96&d=mm&r=g\",\"contentUrl\":\"http:\/\/2.gravatar.com\/avatar\/258e8e796306c4f0066b7a531bd3db2d?s=96&d=mm&r=g\",\"caption\":\"norberto\"},\"url\":\"http:\/\/www.rumoasantiago.com\/mozarabe\/author\/norberto\/\"}]}<\/script>\n<!-- \/ Yoast SEO plugin. -->","yoast_head_json":{"title":"Etapa 5 - na senda dos olivais - Caminho Moz\u00e1rabe","robots":{"index":"index","follow":"follow","max-snippet":"max-snippet:-1","max-image-preview":"max-image-preview:large","max-video-preview":"max-video-preview:-1"},"canonical":"http:\/\/www.rumoasantiago.com\/mozarabe\/etapa-5-na-senda-dos-olivais\/","og_locale":"pt_PT","og_type":"article","og_title":"Etapa 5 - na senda dos olivais - Caminho Moz\u00e1rabe","og_description":"Hoje foi dia de dar conta da etapa mais longa (97 quil\u00f3metros) previstos para este Caminho, se excluir o regresso a Portugal.No que diz respeito ao Caminho, esta etapa toda se resume a estrad\u00f5es e estradas de alcatr\u00e3o secund\u00e1rias. N\u00e3o houve direito a single tracks, nem trilhos t\u00e9cnicos, apenas caminhos para rolar.Foi por isso uma [&hellip;]","og_url":"http:\/\/www.rumoasantiago.com\/mozarabe\/etapa-5-na-senda-dos-olivais\/","og_site_name":"Caminho Moz\u00e1rabe","article_published_time":"2018-06-10T21:42:00+00:00","og_image":[{"width":960,"height":1280,"url":"http:\/\/www.rumoasantiago.com\/mozarabe\/files\/2018\/06\/15286667397094.jpg","type":"image\/jpeg"}],"author":"norberto","twitter_card":"summary_large_image","twitter_misc":{"Escrito por":"norberto","Tempo estimado de leitura":"3 minutos"},"schema":{"@context":"https:\/\/schema.org","@graph":[{"@type":"WebPage","@id":"http:\/\/www.rumoasantiago.com\/mozarabe\/etapa-5-na-senda-dos-olivais\/","url":"http:\/\/www.rumoasantiago.com\/mozarabe\/etapa-5-na-senda-dos-olivais\/","name":"Etapa 5 - na senda dos olivais - Caminho Moz\u00e1rabe","isPartOf":{"@id":"https:\/\/www.rumoasantiago.com\/mozarabe\/#website"},"datePublished":"2018-06-10T21:42:00+00:00","dateModified":"2018-06-10T21:42:00+00:00","author":{"@id":"https:\/\/www.rumoasantiago.com\/mozarabe\/#\/schema\/person\/72f32049b1b85d455e20c086d02608ee"},"breadcrumb":{"@id":"http:\/\/www.rumoasantiago.com\/mozarabe\/etapa-5-na-senda-dos-olivais\/#breadcrumb"},"inLanguage":"pt-PT","potentialAction":[{"@type":"ReadAction","target":["http:\/\/www.rumoasantiago.com\/mozarabe\/etapa-5-na-senda-dos-olivais\/"]}]},{"@type":"BreadcrumbList","@id":"http:\/\/www.rumoasantiago.com\/mozarabe\/etapa-5-na-senda-dos-olivais\/#breadcrumb","itemListElement":[{"@type":"ListItem","position":1,"name":"Home","item":"https:\/\/www.rumoasantiago.com\/mozarabe\/"},{"@type":"ListItem","position":2,"name":"Etapa 5 &#8211; na senda dos olivais"}]},{"@type":"WebSite","@id":"https:\/\/www.rumoasantiago.com\/mozarabe\/#website","url":"https:\/\/www.rumoasantiago.com\/mozarabe\/","name":"Caminho Moz\u00e1rabe","description":"Travessia do Caminho Moz\u00e1rabe","potentialAction":[{"@type":"SearchAction","target":{"@type":"EntryPoint","urlTemplate":"https:\/\/www.rumoasantiago.com\/mozarabe\/?s={search_term_string}"},"query-input":"required name=search_term_string"}],"inLanguage":"pt-PT"},{"@type":"Person","@id":"https:\/\/www.rumoasantiago.com\/mozarabe\/#\/schema\/person\/72f32049b1b85d455e20c086d02608ee","name":"norberto","image":{"@type":"ImageObject","inLanguage":"pt-PT","@id":"https:\/\/www.rumoasantiago.com\/mozarabe\/#\/schema\/person\/image\/","url":"http:\/\/2.gravatar.com\/avatar\/258e8e796306c4f0066b7a531bd3db2d?s=96&d=mm&r=g","contentUrl":"http:\/\/2.gravatar.com\/avatar\/258e8e796306c4f0066b7a531bd3db2d?s=96&d=mm&r=g","caption":"norberto"},"url":"http:\/\/www.rumoasantiago.com\/mozarabe\/author\/norberto\/"}]}},"publishpress_future_action":{"enabled":false,"date":"0","action":"","terms":[],"taxonomy":""},"_links":{"self":[{"href":"http:\/\/www.rumoasantiago.com\/mozarabe\/wp-json\/wp\/v2\/posts\/56"}],"collection":[{"href":"http:\/\/www.rumoasantiago.com\/mozarabe\/wp-json\/wp\/v2\/posts"}],"about":[{"href":"http:\/\/www.rumoasantiago.com\/mozarabe\/wp-json\/wp\/v2\/types\/post"}],"author":[{"embeddable":true,"href":"http:\/\/www.rumoasantiago.com\/mozarabe\/wp-json\/wp\/v2\/users\/1"}],"replies":[{"embeddable":true,"href":"http:\/\/www.rumoasantiago.com\/mozarabe\/wp-json\/wp\/v2\/comments?post=56"}],"version-history":[{"count":1,"href":"http:\/\/www.rumoasantiago.com\/mozarabe\/wp-json\/wp\/v2\/posts\/56\/revisions"}],"predecessor-version":[{"id":57,"href":"http:\/\/www.rumoasantiago.com\/mozarabe\/wp-json\/wp\/v2\/posts\/56\/revisions\/57"}],"wp:featuredmedia":[{"embeddable":true,"href":"http:\/\/www.rumoasantiago.com\/mozarabe\/wp-json\/wp\/v2\/media\/46"}],"wp:attachment":[{"href":"http:\/\/www.rumoasantiago.com\/mozarabe\/wp-json\/wp\/v2\/media?parent=56"}],"wp:term":[{"taxonomy":"category","embeddable":true,"href":"http:\/\/www.rumoasantiago.com\/mozarabe\/wp-json\/wp\/v2\/categories?post=56"},{"taxonomy":"post_tag","embeddable":true,"href":"http:\/\/www.rumoasantiago.com\/mozarabe\/wp-json\/wp\/v2\/tags?post=56"}],"curies":[{"name":"wp","href":"https:\/\/api.w.org\/{rel}","templated":true}]}}