{"id":142,"date":"2018-06-17T20:35:33","date_gmt":"2018-06-17T20:35:33","guid":{"rendered":"https:\/\/www.rumoasantiago.com\/mozarabe\/?p=142"},"modified":"2018-06-17T20:35:33","modified_gmt":"2018-06-17T20:35:33","slug":"etapa-12-mal-comecou-acabou","status":"publish","type":"post","link":"http:\/\/www.rumoasantiago.com\/mozarabe\/etapa-12-mal-comecou-acabou\/","title":{"rendered":"Etapa 12 &#8211; mal come\u00e7ou, acabou"},"content":{"rendered":"<p>Mais um dia de viagem, mais uma etapa conclu\u00edda: hoje foi dia de ligar Salamanca a Zamora.<\/p>\n<p>O dia come como habitualmente, com o despertar por volta das 6h da manh\u00e3. O panorama durante a sa\u00edda de Salamanca foi um tanto ou quanto desagrad\u00e1vel, pois \u00e0s 7h15 da manh\u00e3 as ruas estavam plenas de jovens completamente embriagados, ora a cambalear, ora sentados ou deitados no ch\u00e3o. Cen\u00e1rio triste, portanto.<\/p>\n<p>Passada a zona de Salamanca o alcatr\u00e3o ganha de novo espa\u00e7o. Das setas amarelas nem sinal e a dada altura o track gps segue por uma \u00e1rea de cultivo que prov\u00e1vel outrora foi Caminho mas que agora obriga a uma volta diferente.<\/p>\n<p>Da\u00ed at\u00e9 El Cubo del Vino n\u00e3o haveria grande diversidade&#8230; O Caminho basicamente acompanha uma estrada nacional e por duas ou tr\u00eas vezes muda de lado (com passagens inferiores sob a estrada).<\/p>\n<p>Mas curiosamente hoje os pap\u00e9is inverteram-se um pouco: eu (o peregrino ciclista) segui por caminho (n\u00e3o \u00e9 um caminho colado \u00e0 estrada, est\u00e1 desnivelado e nalgumas partes at\u00e9 separado da estrada por uma veda\u00e7\u00e3o), enquanto que dois ou tr\u00eas peregrinos que avistei em alturas diferentes seguiam por alcatr\u00e3o.<\/p>\n<p>Foi s\u00f3 depois de El Cubo del Vino que o Caminho ganhou alguma variedade no percurso, muito embora de pouca dura\u00e7\u00e3o. Os estrad\u00f5es infind\u00e1veis no meio de campos de cultivo rasgam a paisagem e novamente para quem faz este Caminho a p\u00e9 n\u00e3o \u00e9 f\u00e1cil ver o horizonte e n\u00e3o ver onde termina cada reta.<\/p>\n<p>Ao chegar a Zamora deparei-me com uma barreira policial: hoje foi dia de prova de atletismo na cidade e ap\u00f3s conversar com o pol\u00edcia para perceber se poderia seguir viagem, ele l\u00e1 me sugeriu seguir devagar pelo passeio.<\/p>\n<p>E com tudo isto ainda n\u00e3o era meio dia quando cheguei ao albergue de Zamora. Por algum tempo olhei para o meu itiner\u00e1rio e altimetria da etapa seguinte para perceber se valeria a pena meter-me ao Caminho e seguir viagem. A verdade \u00e9 que gostaria de ter feito uma etapa de modo a parar em T\u00e1bara, onde dizem que ainda se vive o verdadeiro esp\u00edrito do Caminho. Contudo, atendendo aos 70 quil\u00f3metros que teria de fazer, acabei mesmo por ficar por Zamora (pela terceira vez desde que comecei a fazer o Caminho de Santiago).<\/p>\n<p>Sem grandes surpresas, os hospitaleiros do albergue s\u00e3o extremamente simp\u00e1ticos. Por acaso eles passaram no albergue um pouco antes das 13h e sugeriram que arrumasse logo a bicicleta e a mochila, pois o Albee s\u00f3 abre \u00e0s 14h e os hospitaleiros ainda iam almo\u00e7ar. Eu j\u00e1 contava esperar por ali at\u00e9 \u00e0 hora de abertura, mas eis que entretanto chega um peregrino espanhol, quando os hospitaleiros ainda estavam pelo albergue (e o albergue com a porta aberta) e desata a reclamar do hor\u00e1rio. Claro que teve de se conformar, mas \u00e9 sempre desagrad\u00e1vel ver algu\u00e9m reclamar assim, principalmente tendo em conta que \u00e9 um albergue de donativo e que os hospitaleiros s\u00e3o volunt\u00e1rios, n\u00e3o recebem nada para al\u00e9m de um sorriso e um obrigado.<\/p>\n<p>Mas no fim tudo se comp\u00f5e e a estadia em Zamora foi a primeira onde consegui privar um pouco com alguns dos peregrinos que por aqui est\u00e3o. \u00c9 sempre agrad\u00e1vel conversar um pouco com outras pessoas.<\/p>\n<p>Amanh\u00e3 \u00e9 movam dia de destino incerto. Agora sem o albergue Casa Anita a zona de Santa Croya de Tera \/ Santa Marta de Tera j\u00e1 n\u00e3o \u00e9 t\u00e3o convidativa, pelo que quando l\u00e1 chegar logo vejo o que fa\u00e7a.<\/p>\n<p>Bom Caminho!<\/p>\n<p>*PS: com uma etapa t\u00e3o rolante como a de hoje, as fotografias ficaram um pouco mais esquecidas. Terei de ir ao ba\u00fa de mem\u00f3rias do Caminho para rever as fotos desta etapa que fiz em 2012 \ud83d\ude42<\/p>\n","protected":false},"excerpt":{"rendered":"<p>Mais um dia de viagem, mais uma etapa conclu\u00edda: hoje foi dia de ligar Salamanca a Zamora. O dia come como habitualmente, com o despertar por volta das 6h da manh\u00e3. O panorama durante a sa\u00edda de Salamanca foi um tanto ou quanto desagrad\u00e1vel, pois \u00e0s 7h15 da manh\u00e3 as ruas estavam plenas de jovens [&hellip;]<\/p>\n","protected":false},"author":1,"featured_media":141,"comment_status":"open","ping_status":"open","sticky":false,"template":"","format":"standard","meta":[],"categories":[4,3,5],"tags":[],"yoast_head":"<!-- This site is optimized with the Yoast SEO plugin v20.10 - https:\/\/yoast.com\/wordpress\/plugins\/seo\/ -->\n<title>Etapa 12 - mal come\u00e7ou, acabou - Caminho Moz\u00e1rabe<\/title>\n<meta name=\"robots\" content=\"index, follow, max-snippet:-1, max-image-preview:large, max-video-preview:-1\" \/>\n<link rel=\"canonical\" href=\"http:\/\/www.rumoasantiago.com\/mozarabe\/etapa-12-mal-comecou-acabou\/\" \/>\n<meta property=\"og:locale\" content=\"pt_PT\" \/>\n<meta property=\"og:type\" content=\"article\" \/>\n<meta property=\"og:title\" content=\"Etapa 12 - mal come\u00e7ou, acabou - Caminho Moz\u00e1rabe\" \/>\n<meta property=\"og:description\" content=\"Mais um dia de viagem, mais uma etapa conclu\u00edda: hoje foi dia de ligar Salamanca a Zamora. O dia come como habitualmente, com o despertar por volta das 6h da manh\u00e3. O panorama durante a sa\u00edda de Salamanca foi um tanto ou quanto desagrad\u00e1vel, pois \u00e0s 7h15 da manh\u00e3 as ruas estavam plenas de jovens [&hellip;]\" \/>\n<meta property=\"og:url\" content=\"http:\/\/www.rumoasantiago.com\/mozarabe\/etapa-12-mal-comecou-acabou\/\" \/>\n<meta property=\"og:site_name\" content=\"Caminho Moz\u00e1rabe\" \/>\n<meta property=\"article:published_time\" content=\"2018-06-17T20:35:33+00:00\" \/>\n<meta property=\"og:image\" content=\"http:\/\/www.rumoasantiago.com\/mozarabe\/files\/2018\/06\/15292676680950.jpg\" \/>\n\t<meta property=\"og:image:width\" content=\"768\" \/>\n\t<meta property=\"og:image:height\" content=\"1024\" \/>\n\t<meta property=\"og:image:type\" content=\"image\/jpeg\" \/>\n<meta name=\"author\" content=\"norberto\" \/>\n<meta name=\"twitter:card\" content=\"summary_large_image\" \/>\n<meta name=\"twitter:label1\" content=\"Escrito por\" \/>\n\t<meta name=\"twitter:data1\" content=\"norberto\" \/>\n\t<meta name=\"twitter:label2\" content=\"Tempo estimado de leitura\" \/>\n\t<meta name=\"twitter:data2\" content=\"3 minutos\" \/>\n<script type=\"application\/ld+json\" class=\"yoast-schema-graph\">{\"@context\":\"https:\/\/schema.org\",\"@graph\":[{\"@type\":\"WebPage\",\"@id\":\"http:\/\/www.rumoasantiago.com\/mozarabe\/etapa-12-mal-comecou-acabou\/\",\"url\":\"http:\/\/www.rumoasantiago.com\/mozarabe\/etapa-12-mal-comecou-acabou\/\",\"name\":\"Etapa 12 - mal come\u00e7ou, acabou - Caminho Moz\u00e1rabe\",\"isPartOf\":{\"@id\":\"https:\/\/www.rumoasantiago.com\/mozarabe\/#website\"},\"datePublished\":\"2018-06-17T20:35:33+00:00\",\"dateModified\":\"2018-06-17T20:35:33+00:00\",\"author\":{\"@id\":\"https:\/\/www.rumoasantiago.com\/mozarabe\/#\/schema\/person\/72f32049b1b85d455e20c086d02608ee\"},\"breadcrumb\":{\"@id\":\"http:\/\/www.rumoasantiago.com\/mozarabe\/etapa-12-mal-comecou-acabou\/#breadcrumb\"},\"inLanguage\":\"pt-PT\",\"potentialAction\":[{\"@type\":\"ReadAction\",\"target\":[\"http:\/\/www.rumoasantiago.com\/mozarabe\/etapa-12-mal-comecou-acabou\/\"]}]},{\"@type\":\"BreadcrumbList\",\"@id\":\"http:\/\/www.rumoasantiago.com\/mozarabe\/etapa-12-mal-comecou-acabou\/#breadcrumb\",\"itemListElement\":[{\"@type\":\"ListItem\",\"position\":1,\"name\":\"Home\",\"item\":\"https:\/\/www.rumoasantiago.com\/mozarabe\/\"},{\"@type\":\"ListItem\",\"position\":2,\"name\":\"Etapa 12 &#8211; mal come\u00e7ou, acabou\"}]},{\"@type\":\"WebSite\",\"@id\":\"https:\/\/www.rumoasantiago.com\/mozarabe\/#website\",\"url\":\"https:\/\/www.rumoasantiago.com\/mozarabe\/\",\"name\":\"Caminho Moz\u00e1rabe\",\"description\":\"Travessia do Caminho Moz\u00e1rabe\",\"potentialAction\":[{\"@type\":\"SearchAction\",\"target\":{\"@type\":\"EntryPoint\",\"urlTemplate\":\"https:\/\/www.rumoasantiago.com\/mozarabe\/?s={search_term_string}\"},\"query-input\":\"required name=search_term_string\"}],\"inLanguage\":\"pt-PT\"},{\"@type\":\"Person\",\"@id\":\"https:\/\/www.rumoasantiago.com\/mozarabe\/#\/schema\/person\/72f32049b1b85d455e20c086d02608ee\",\"name\":\"norberto\",\"image\":{\"@type\":\"ImageObject\",\"inLanguage\":\"pt-PT\",\"@id\":\"https:\/\/www.rumoasantiago.com\/mozarabe\/#\/schema\/person\/image\/\",\"url\":\"http:\/\/2.gravatar.com\/avatar\/258e8e796306c4f0066b7a531bd3db2d?s=96&d=mm&r=g\",\"contentUrl\":\"http:\/\/2.gravatar.com\/avatar\/258e8e796306c4f0066b7a531bd3db2d?s=96&d=mm&r=g\",\"caption\":\"norberto\"},\"url\":\"http:\/\/www.rumoasantiago.com\/mozarabe\/author\/norberto\/\"}]}<\/script>\n<!-- \/ Yoast SEO plugin. -->","yoast_head_json":{"title":"Etapa 12 - mal come\u00e7ou, acabou - Caminho Moz\u00e1rabe","robots":{"index":"index","follow":"follow","max-snippet":"max-snippet:-1","max-image-preview":"max-image-preview:large","max-video-preview":"max-video-preview:-1"},"canonical":"http:\/\/www.rumoasantiago.com\/mozarabe\/etapa-12-mal-comecou-acabou\/","og_locale":"pt_PT","og_type":"article","og_title":"Etapa 12 - mal come\u00e7ou, acabou - Caminho Moz\u00e1rabe","og_description":"Mais um dia de viagem, mais uma etapa conclu\u00edda: hoje foi dia de ligar Salamanca a Zamora. O dia come como habitualmente, com o despertar por volta das 6h da manh\u00e3. O panorama durante a sa\u00edda de Salamanca foi um tanto ou quanto desagrad\u00e1vel, pois \u00e0s 7h15 da manh\u00e3 as ruas estavam plenas de jovens [&hellip;]","og_url":"http:\/\/www.rumoasantiago.com\/mozarabe\/etapa-12-mal-comecou-acabou\/","og_site_name":"Caminho Moz\u00e1rabe","article_published_time":"2018-06-17T20:35:33+00:00","og_image":[{"width":768,"height":1024,"url":"http:\/\/www.rumoasantiago.com\/mozarabe\/files\/2018\/06\/15292676680950.jpg","type":"image\/jpeg"}],"author":"norberto","twitter_card":"summary_large_image","twitter_misc":{"Escrito por":"norberto","Tempo estimado de leitura":"3 minutos"},"schema":{"@context":"https:\/\/schema.org","@graph":[{"@type":"WebPage","@id":"http:\/\/www.rumoasantiago.com\/mozarabe\/etapa-12-mal-comecou-acabou\/","url":"http:\/\/www.rumoasantiago.com\/mozarabe\/etapa-12-mal-comecou-acabou\/","name":"Etapa 12 - mal come\u00e7ou, acabou - Caminho Moz\u00e1rabe","isPartOf":{"@id":"https:\/\/www.rumoasantiago.com\/mozarabe\/#website"},"datePublished":"2018-06-17T20:35:33+00:00","dateModified":"2018-06-17T20:35:33+00:00","author":{"@id":"https:\/\/www.rumoasantiago.com\/mozarabe\/#\/schema\/person\/72f32049b1b85d455e20c086d02608ee"},"breadcrumb":{"@id":"http:\/\/www.rumoasantiago.com\/mozarabe\/etapa-12-mal-comecou-acabou\/#breadcrumb"},"inLanguage":"pt-PT","potentialAction":[{"@type":"ReadAction","target":["http:\/\/www.rumoasantiago.com\/mozarabe\/etapa-12-mal-comecou-acabou\/"]}]},{"@type":"BreadcrumbList","@id":"http:\/\/www.rumoasantiago.com\/mozarabe\/etapa-12-mal-comecou-acabou\/#breadcrumb","itemListElement":[{"@type":"ListItem","position":1,"name":"Home","item":"https:\/\/www.rumoasantiago.com\/mozarabe\/"},{"@type":"ListItem","position":2,"name":"Etapa 12 &#8211; mal come\u00e7ou, acabou"}]},{"@type":"WebSite","@id":"https:\/\/www.rumoasantiago.com\/mozarabe\/#website","url":"https:\/\/www.rumoasantiago.com\/mozarabe\/","name":"Caminho Moz\u00e1rabe","description":"Travessia do Caminho Moz\u00e1rabe","potentialAction":[{"@type":"SearchAction","target":{"@type":"EntryPoint","urlTemplate":"https:\/\/www.rumoasantiago.com\/mozarabe\/?s={search_term_string}"},"query-input":"required name=search_term_string"}],"inLanguage":"pt-PT"},{"@type":"Person","@id":"https:\/\/www.rumoasantiago.com\/mozarabe\/#\/schema\/person\/72f32049b1b85d455e20c086d02608ee","name":"norberto","image":{"@type":"ImageObject","inLanguage":"pt-PT","@id":"https:\/\/www.rumoasantiago.com\/mozarabe\/#\/schema\/person\/image\/","url":"http:\/\/2.gravatar.com\/avatar\/258e8e796306c4f0066b7a531bd3db2d?s=96&d=mm&r=g","contentUrl":"http:\/\/2.gravatar.com\/avatar\/258e8e796306c4f0066b7a531bd3db2d?s=96&d=mm&r=g","caption":"norberto"},"url":"http:\/\/www.rumoasantiago.com\/mozarabe\/author\/norberto\/"}]}},"publishpress_future_action":{"enabled":false,"date":"0","action":"","terms":[],"taxonomy":""},"_links":{"self":[{"href":"http:\/\/www.rumoasantiago.com\/mozarabe\/wp-json\/wp\/v2\/posts\/142"}],"collection":[{"href":"http:\/\/www.rumoasantiago.com\/mozarabe\/wp-json\/wp\/v2\/posts"}],"about":[{"href":"http:\/\/www.rumoasantiago.com\/mozarabe\/wp-json\/wp\/v2\/types\/post"}],"author":[{"embeddable":true,"href":"http:\/\/www.rumoasantiago.com\/mozarabe\/wp-json\/wp\/v2\/users\/1"}],"replies":[{"embeddable":true,"href":"http:\/\/www.rumoasantiago.com\/mozarabe\/wp-json\/wp\/v2\/comments?post=142"}],"version-history":[{"count":1,"href":"http:\/\/www.rumoasantiago.com\/mozarabe\/wp-json\/wp\/v2\/posts\/142\/revisions"}],"predecessor-version":[{"id":143,"href":"http:\/\/www.rumoasantiago.com\/mozarabe\/wp-json\/wp\/v2\/posts\/142\/revisions\/143"}],"wp:featuredmedia":[{"embeddable":true,"href":"http:\/\/www.rumoasantiago.com\/mozarabe\/wp-json\/wp\/v2\/media\/141"}],"wp:attachment":[{"href":"http:\/\/www.rumoasantiago.com\/mozarabe\/wp-json\/wp\/v2\/media?parent=142"}],"wp:term":[{"taxonomy":"category","embeddable":true,"href":"http:\/\/www.rumoasantiago.com\/mozarabe\/wp-json\/wp\/v2\/categories?post=142"},{"taxonomy":"post_tag","embeddable":true,"href":"http:\/\/www.rumoasantiago.com\/mozarabe\/wp-json\/wp\/v2\/tags?post=142"}],"curies":[{"name":"wp","href":"https:\/\/api.w.org\/{rel}","templated":true}]}}