{"id":42,"date":"2017-05-01T18:10:29","date_gmt":"2017-05-01T18:10:29","guid":{"rendered":"http:\/\/www.rumoasantiago.com\/interioreinverno\/?p=42"},"modified":"2017-06-08T07:36:57","modified_gmt":"2017-06-08T07:36:57","slug":"as-etapas","status":"publish","type":"post","link":"http:\/\/www.rumoasantiago.com\/interioreinverno\/as-etapas\/","title":{"rendered":"As Etapas"},"content":{"rendered":"<p>As etapas para o Caminho deste ano poder\u00e3o ainda sofrer alguns ajustes conforme a log\u00edstica da viagem for planeada, mas ainda assim partilho convosco o plano que tenho em mente para os 1250 quil\u00f3metros que irei percorrer.<\/p>\n<p>Irei iniciar o Caminho em Braga, no final do dia 9\u00a0de junho, pedalando at\u00e9 ao Caminho Central Portugu\u00eas, que percorrerei na dire\u00e7\u00e3o de F\u00e1tima. Terei um final muito especial para a primeira etapa: vou finalmente conhecer a Casa do Porto, onde pernoitarei nessa noite.<\/p>\n<p>Continuarei a viagem at\u00e9 chegar a Albergaria-a-Velha, onde abandonarei o Caminho de Santiago para percorrer a Ecovia do Vouga que me levar\u00e1 at\u00e9 Viseu.<\/p>\n<p>Em Viseu come\u00e7arei o Caminho do Interior, que me levar\u00e1 ao longo de algumas duras etapas at\u00e9 Ver\u00edn, no Caminho Sanabr\u00eas.<\/p>\n<p>Percorrerei o Caminho Sanabr\u00eas no sentido inverso at\u00e9 alcan\u00e7ar a Via de la Plata em Benavente e que percorrerei at\u00e9 alcan\u00e7ar o Caminho Franc\u00eas, em Astorga.<\/p>\n<p>A incurs\u00e3o pelo Caminho Franc\u00eas ser\u00e1 curta, uma vez que em Ponferrada tomarei o segundo novo Caminho para mim neste ano: o Caminho de Inverno, que por sua vez me levar\u00e1 at\u00e9 A Laxe.<\/p>\n<p>A pen\u00faltima etapa deste Caminho ligar\u00e1 A Laxe a Santiago de Compostela.<\/p>\n<p>A \u00faltima etapa ser\u00e1 novamente o desafio f\u00edsico e mental de ligar Santiago de Compostela a Braga pelo Caminho Central Portugu\u00eas e Caminho de Torres. Fecha-se assim o Caminho ao 16\u00ba dia, em plena noite de S\u00e3o Jo\u00e3o, no dia 23 de junho.<\/p>\n<p><a href=\"#etapa1\">Etapa 1<\/a>\u00a0|\u00a0<a href=\"#etapa2\">Etapa 2<\/a>\u00a0|\u00a0<a href=\"#etapa3\">Etapa 3<\/a>\u00a0|\u00a0<a href=\"#etapa4\">Etapa 4<\/a>\u00a0|\u00a0<a href=\"#etapa5\">Etapa 5<\/a>\u00a0|\u00a0<a href=\"#etapa6\">Etapa 6<\/a>\u00a0|\u00a0<a href=\"#etapa7\">Etapa 7<\/a>\u00a0|\u00a0<a href=\"#etapa8\">Etapa 8<\/a>\u00a0|\u00a0<a href=\"#etapa9\">Etapa 9<\/a>\u00a0|\u00a0<a href=\"#etapa10\">Etapa 10<\/a>\u00a0|\u00a0<a href=\"#etapa11\">Etapa 11<\/a>\u00a0|\u00a0<a href=\"#etapa12\">Etapa 12<\/a>\u00a0|\u00a0<a href=\"#etapa13\">Etapa 13<\/a>\u00a0|\u00a0<a href=\"#etapa14\">Etapa 14<\/a>\u00a0|\u00a0<a href=\"#etapa15\">Etapa 15<\/a>|\u00a0<a href=\"#etapa16\">Etapa 16<\/a><\/p>\n<p><a name=\"etapa1\"><\/a><\/p>\n<h1><strong>Etapa 1<\/strong><\/h1>\n<table class=\"stage-table\" cellspacing=\"0\" cellpadding=\"0\">\n<colgroup>\n<col span=\"2\" width=\"190\" \/>\n<col width=\"95\" \/>\n<col span=\"2\" width=\"70\" \/><\/colgroup>\n<tbody>\n<tr>\n<td rowspan=\"2\" width=\"190\"><strong>Partida<\/strong><\/td>\n<td rowspan=\"2\" width=\"190\"><strong>Destino<\/strong><\/td>\n<td rowspan=\"2\" width=\"95\"><strong>comprimento cartogr\u00e1fico<\/strong><\/td>\n<td colspan=\"2\" width=\"140\"><strong>acumulado<\/strong><\/td>\n<\/tr>\n<tr>\n<td width=\"70\"><strong>subida<\/strong><\/td>\n<td width=\"70\"><strong>descida<\/strong><\/td>\n<\/tr>\n<tr>\n<td>Braga<\/td>\n<td>Casa Acreditar<\/td>\n<td align=\"right\">64,19 km<\/td>\n<td align=\"right\">1301,62 m<\/td>\n<td align=\"right\">1385,77 m<\/td>\n<\/tr>\n<\/tbody>\n<\/table>\n<p><iframe class=\"gmap\" width=\"618\" height=\"350\" frameborder=\"#\" scrolling=\"no\" marginheight=\"0\" marginwidth=\"0\" src=\"https:\/\/www.google.com\/maps\/d\/u\/0\/embed?mid=1CI_2aPrZtFQgYcX793WB2Z06TZA&output=embed\"><\/iframe><br \/><small>Ver <a target=\"_blank\" href=\"https:\/\/www.google.com\/maps\/d\/u\/0\/embed?mid=1CI_2aPrZtFQgYcX793WB2Z06TZA&source=embed\" style=\"color:0000FF;text-align:left\">Etapa 1<\/a> num mapa maior<\/small><br \/>\n<a name=\"etapa2\"><\/a><\/p>\n<h1><strong>Etapa 2<\/strong><\/h1>\n<table class=\"stage-table\" cellspacing=\"0\" cellpadding=\"0\">\n<colgroup>\n<col span=\"2\" width=\"190\" \/>\n<col width=\"95\" \/>\n<col span=\"2\" width=\"70\" \/><\/colgroup>\n<tbody>\n<tr>\n<td rowspan=\"2\" width=\"190\"><strong>Partida<\/strong><\/td>\n<td rowspan=\"2\" width=\"190\"><strong>Destino<\/strong><\/td>\n<td rowspan=\"2\" width=\"95\"><strong>comprimento cartogr\u00e1fico<\/strong><\/td>\n<td colspan=\"2\" width=\"140\"><strong>acumulado<\/strong><\/td>\n<\/tr>\n<tr>\n<td width=\"70\"><strong>subida<\/strong><\/td>\n<td width=\"70\"><strong>descida<\/strong><\/td>\n<\/tr>\n<tr>\n<td>Casa Acreditar<\/td>\n<td>Albergaria-a-Velha<\/td>\n<td align=\"right\">71,95 km<\/td>\n<td align=\"right\">1826,07 m<\/td>\n<td align=\"right\">1814,48 m<\/td>\n<\/tr>\n<\/tbody>\n<\/table>\n<p><iframe class=\"gmap\" width=\"618\" height=\"350\" frameborder=\"#\" scrolling=\"no\" marginheight=\"0\" marginwidth=\"0\" src=\"https:\/\/www.google.com\/maps\/d\/u\/0\/embed?mid=1chKbhqAOiIpli0RsUw24YcFzA4w&output=embed\"><\/iframe><br \/><small>Ver <a target=\"_blank\" href=\"https:\/\/www.google.com\/maps\/d\/u\/0\/embed?mid=1chKbhqAOiIpli0RsUw24YcFzA4w&source=embed\" style=\"color:0000FF;text-align:left\">Etapa 2<\/a> num mapa maior<\/small><br \/>\n<a name=\"etapa3\"><\/a><\/p>\n<h1><strong>Etapa 3<\/strong><\/h1>\n<table class=\"stage-table\" cellspacing=\"0\" cellpadding=\"0\">\n<colgroup>\n<col span=\"2\" width=\"190\" \/>\n<col width=\"95\" \/>\n<col span=\"2\" width=\"70\" \/><\/colgroup>\n<tbody>\n<tr>\n<td rowspan=\"2\" width=\"190\"><strong>Partida<\/strong><\/td>\n<td rowspan=\"2\" width=\"190\"><strong>Destino<\/strong><\/td>\n<td rowspan=\"2\" width=\"95\"><strong>comprimento cartogr\u00e1fico<\/strong><\/td>\n<td colspan=\"2\" width=\"140\"><strong>acumulado<\/strong><\/td>\n<\/tr>\n<tr>\n<td width=\"70\"><strong>subida<\/strong><\/td>\n<td width=\"70\"><strong>descida<\/strong><\/td>\n<\/tr>\n<tr>\n<td>Albergaria-a-Velha<\/td>\n<td>Viseu<\/td>\n<td align=\"right\">86,52 km<\/td>\n<td align=\"right\">1728,17 m<\/td>\n<td align=\"right\">1408,03 m<\/td>\n<\/tr>\n<\/tbody>\n<\/table>\n<p><iframe class=\"gmap\" width=\"618\" height=\"350\" frameborder=\"#\" scrolling=\"no\" marginheight=\"0\" marginwidth=\"0\" src=\"https:\/\/www.google.com\/maps\/d\/u\/0\/embed?mid=1rbRY9ASMkrj5ELhGtd98H48tnxc&output=embed\"><\/iframe><br \/><small>Ver <a target=\"_blank\" href=\"https:\/\/www.google.com\/maps\/d\/u\/0\/embed?mid=1rbRY9ASMkrj5ELhGtd98H48tnxc&source=embed\" style=\"color:0000FF;text-align:left\">Etapa 3<\/a> num mapa maior<\/small><br \/>\n<a name=\"etapa4\"><\/a><\/p>\n<h1><strong>Etapa 4<\/strong><\/h1>\n<table class=\"stage-table\" cellspacing=\"0\" cellpadding=\"0\">\n<colgroup>\n<col span=\"2\" width=\"190\" \/>\n<col width=\"95\" \/>\n<col span=\"2\" width=\"70\" \/><\/colgroup>\n<tbody>\n<tr>\n<td rowspan=\"2\" width=\"190\"><strong>Partida<\/strong><\/td>\n<td rowspan=\"2\" width=\"190\"><strong>Destino<\/strong><\/td>\n<td rowspan=\"2\" width=\"95\"><strong>comprimento cartogr\u00e1fico<\/strong><\/td>\n<td colspan=\"2\" width=\"140\"><strong>acumulado<\/strong><\/td>\n<\/tr>\n<tr>\n<td width=\"70\"><strong>subida<\/strong><\/td>\n<td width=\"70\"><strong>descida<\/strong><\/td>\n<\/tr>\n<tr>\n<td>Viseu<\/td>\n<td>Ribolhos<\/td>\n<td align=\"right\">40,34 km<\/td>\n<td align=\"right\">1548,8 m<\/td>\n<td align=\"right\">1406,46 m<\/td>\n<\/tr>\n<\/tbody>\n<\/table>\n<p><iframe class=\"gmap\" width=\"618\" height=\"350\" frameborder=\"#\" scrolling=\"no\" marginheight=\"0\" marginwidth=\"0\" src=\"https:\/\/www.google.com\/maps\/d\/u\/0\/embed?mid=1OchKK_b1WB7C4F1pzGibj_bOY1w&output=embed\"><\/iframe><br \/><small>Ver <a target=\"_blank\" href=\"https:\/\/www.google.com\/maps\/d\/u\/0\/embed?mid=1OchKK_b1WB7C4F1pzGibj_bOY1w&source=embed\" style=\"color:0000FF;text-align:left\">Etapa 4<\/a> num mapa maior<\/small><br \/>\n<a name=\"etapa5\"><\/a><\/p>\n<h1><strong>Etapa 5<\/strong><\/h1>\n<table class=\"stage-table\" cellspacing=\"0\" cellpadding=\"0\">\n<colgroup>\n<col span=\"2\" width=\"190\" \/>\n<col width=\"95\" \/>\n<col span=\"2\" width=\"70\" \/><\/colgroup>\n<tbody>\n<tr>\n<td rowspan=\"2\" width=\"190\"><strong>Partida<\/strong><\/td>\n<td rowspan=\"2\" width=\"190\"><strong>Destino<\/strong><\/td>\n<td rowspan=\"2\" width=\"95\"><strong>comprimento cartogr\u00e1fico<\/strong><\/td>\n<td colspan=\"2\" width=\"140\"><strong>acumulado<\/strong><\/td>\n<\/tr>\n<tr>\n<td width=\"70\"><strong>subida<\/strong><\/td>\n<td width=\"70\"><strong>descida<\/strong><\/td>\n<\/tr>\n<tr>\n<td>Ribolhos<\/td>\n<td>Bertelo<\/td>\n<td align=\"right\">66,22 km<\/td>\n<td align=\"right\">2142,94 m<\/td>\n<td align=\"right\">2448,5 m<\/td>\n<\/tr>\n<\/tbody>\n<\/table>\n<p><iframe class=\"gmap\" width=\"618\" height=\"350\" frameborder=\"#\" scrolling=\"no\" marginheight=\"0\" marginwidth=\"0\" src=\"https:\/\/www.google.com\/maps\/d\/u\/0\/embed?mid=1RHFazDLRwUtXy4UotED9bgjWD0A&output=embed\"><\/iframe><br \/><small>Ver <a target=\"_blank\" href=\"https:\/\/www.google.com\/maps\/d\/u\/0\/embed?mid=1RHFazDLRwUtXy4UotED9bgjWD0A&source=embed\" style=\"color:0000FF;text-align:left\">Etapa 5<\/a> num mapa maior<\/small><br \/>\n<a name=\"etapa6\"><\/a><\/p>\n<h1><strong>Etapa 6<\/strong><\/h1>\n<table class=\"stage-table\" cellspacing=\"0\" cellpadding=\"0\">\n<colgroup>\n<col span=\"2\" width=\"190\" \/>\n<col width=\"95\" \/>\n<col span=\"2\" width=\"70\" \/><\/colgroup>\n<tbody>\n<tr>\n<td rowspan=\"2\" width=\"190\"><strong>Partida<\/strong><\/td>\n<td rowspan=\"2\" width=\"190\"><strong>Destino<\/strong><\/td>\n<td rowspan=\"2\" width=\"95\"><strong>comprimento cartogr\u00e1fico<\/strong><\/td>\n<td colspan=\"2\" width=\"140\"><strong>acumulado<\/strong><\/td>\n<\/tr>\n<tr>\n<td width=\"70\"><strong>subida<\/strong><\/td>\n<td width=\"70\"><strong>descida<\/strong><\/td>\n<\/tr>\n<tr>\n<td>Bertelo<\/td>\n<td>Vila Pouca de Aguiar<\/td>\n<td align=\"right\">42,76 km<\/td>\n<td align=\"right\">1606 m<\/td>\n<td align=\"right\">1154 m<\/td>\n<\/tr>\n<\/tbody>\n<\/table>\n<p><iframe class=\"gmap\" width=\"618\" height=\"350\" frameborder=\"#\" scrolling=\"no\" marginheight=\"0\" marginwidth=\"0\" src=\"https:\/\/www.google.com\/maps\/d\/u\/0\/embed?mid=1478seQf5c-2Iq8seu-G0Zt-TC_E&output=embed\"><\/iframe><br \/><small>Ver <a target=\"_blank\" href=\"https:\/\/www.google.com\/maps\/d\/u\/0\/embed?mid=1478seQf5c-2Iq8seu-G0Zt-TC_E&source=embed\" style=\"color:0000FF;text-align:left\">Etapa 6<\/a> num mapa maior<\/small><br \/>\n<a name=\"etapa7\"><\/a><\/p>\n<h1><strong>Etapa 7<\/strong><\/h1>\n<table class=\"stage-table\" cellspacing=\"0\" cellpadding=\"0\">\n<colgroup>\n<col span=\"2\" width=\"190\" \/>\n<col width=\"95\" \/>\n<col span=\"2\" width=\"70\" \/><\/colgroup>\n<tbody>\n<tr>\n<td rowspan=\"2\" width=\"190\"><strong>Partida<\/strong><\/td>\n<td rowspan=\"2\" width=\"190\"><strong>Destino<\/strong><\/td>\n<td rowspan=\"2\" width=\"95\"><strong>comprimento cartogr\u00e1fico<\/strong><\/td>\n<td colspan=\"2\" width=\"140\"><strong>acumulado<\/strong><\/td>\n<\/tr>\n<tr>\n<td width=\"70\"><strong>subida<\/strong><\/td>\n<td width=\"70\"><strong>descida<\/strong><\/td>\n<\/tr>\n<tr>\n<td>Vila Pouca de Aguiar<\/td>\n<td>Verin<\/td>\n<td align=\"right\">67,71 km<\/td>\n<td align=\"right\">1102,23 m<\/td>\n<td align=\"right\">1443,95 m<\/td>\n<\/tr>\n<\/tbody>\n<\/table>\n<p><iframe class=\"gmap\" width=\"618\" height=\"350\" frameborder=\"#\" scrolling=\"no\" marginheight=\"0\" marginwidth=\"0\" src=\"https:\/\/www.google.com\/maps\/d\/u\/0\/embed?mid=17-yIQj-zCvc4BshQiUSXy2krJfA&output=embed\"><\/iframe><br \/><small>Ver <a target=\"_blank\" href=\"https:\/\/www.google.com\/maps\/d\/u\/0\/embed?mid=17-yIQj-zCvc4BshQiUSXy2krJfA&source=embed\" style=\"color:0000FF;text-align:left\">Etapa 7<\/a> num mapa maior<\/small><br \/>\n<a name=\"etapa8\"><\/a><\/p>\n<h1><strong>Etapa 8<\/strong><\/h1>\n<table class=\"stage-table\" cellspacing=\"0\" cellpadding=\"0\">\n<colgroup>\n<col span=\"2\" width=\"190\" \/>\n<col width=\"95\" \/>\n<col span=\"2\" width=\"70\" \/><\/colgroup>\n<tbody>\n<tr>\n<td rowspan=\"2\" width=\"190\"><strong>Partida<\/strong><\/td>\n<td rowspan=\"2\" width=\"190\"><strong>Destino<\/strong><\/td>\n<td rowspan=\"2\" width=\"95\"><strong>comprimento cartogr\u00e1fico<\/strong><\/td>\n<td colspan=\"2\" width=\"140\"><strong>acumulado<\/strong><\/td>\n<\/tr>\n<tr>\n<td width=\"70\"><strong>subida<\/strong><\/td>\n<td width=\"70\"><strong>descida<\/strong><\/td>\n<\/tr>\n<tr>\n<td>Verin<\/td>\n<td>Lubi\u00e1n<\/td>\n<td align=\"right\">81,28 km<\/td>\n<td align=\"right\">2537,21 m<\/td>\n<td align=\"right\">1896,91 m<\/td>\n<\/tr>\n<\/tbody>\n<\/table>\n<p><iframe class=\"gmap\" width=\"618\" height=\"350\" frameborder=\"#\" scrolling=\"no\" marginheight=\"0\" marginwidth=\"0\" src=\"https:\/\/www.google.com\/maps\/d\/u\/0\/embed?mid=1VhPe4xjCTI_SkJe6T88ez530ydo&output=embed\"><\/iframe><br \/><small>Ver <a target=\"_blank\" href=\"https:\/\/www.google.com\/maps\/d\/u\/0\/embed?mid=1VhPe4xjCTI_SkJe6T88ez530ydo&source=embed\" style=\"color:0000FF;text-align:left\">Etapa 8<\/a> num mapa maior<\/small><br \/>\n<a name=\"etapa9\"><\/a><\/p>\n<h1><strong>Etapa 9<\/strong><\/h1>\n<table class=\"stage-table\" cellspacing=\"0\" cellpadding=\"0\">\n<colgroup>\n<col span=\"2\" width=\"190\" \/>\n<col width=\"95\" \/>\n<col span=\"2\" width=\"70\" \/><\/colgroup>\n<tbody>\n<tr>\n<td rowspan=\"2\" width=\"190\"><strong>Partida<\/strong><\/td>\n<td rowspan=\"2\" width=\"190\"><strong>Destino<\/strong><\/td>\n<td rowspan=\"2\" width=\"95\"><strong>comprimento cartogr\u00e1fico<\/strong><\/td>\n<td colspan=\"2\" width=\"140\"><strong>acumulado<\/strong><\/td>\n<\/tr>\n<tr>\n<td width=\"70\"><strong>subida<\/strong><\/td>\n<td width=\"70\"><strong>descida<\/strong><\/td>\n<\/tr>\n<tr>\n<td>Lubi\u00e1n<\/td>\n<td>Santa Croya de Tera<\/td>\n<td align=\"right\">102,48 km<\/td>\n<td align=\"right\">1666,8 m<\/td>\n<td align=\"right\">1969,53 m<\/td>\n<\/tr>\n<\/tbody>\n<\/table>\n<p><iframe class=\"gmap\" width=\"618\" height=\"350\" frameborder=\"#\" scrolling=\"no\" marginheight=\"0\" marginwidth=\"0\" src=\"https:\/\/www.google.com\/maps\/d\/u\/0\/embed?mid=1dLCRsDatEFzfreKlZrf0nYOtokk&output=embed\"><\/iframe><br \/><small>Ver <a target=\"_blank\" href=\"https:\/\/www.google.com\/maps\/d\/u\/0\/embed?mid=1dLCRsDatEFzfreKlZrf0nYOtokk&source=embed\" style=\"color:0000FF;text-align:left\">Etapa 9<\/a> num mapa maior<\/small><br \/>\n<a name=\"etapa10\"><\/a><\/p>\n<h1><strong>Etapa 10<\/strong><\/h1>\n<table class=\"stage-table\" cellspacing=\"0\" cellpadding=\"0\">\n<colgroup>\n<col span=\"2\" width=\"190\" \/>\n<col width=\"95\" \/>\n<col span=\"2\" width=\"70\" \/><\/colgroup>\n<tbody>\n<tr>\n<td rowspan=\"2\" width=\"190\"><strong>Partida<\/strong><\/td>\n<td rowspan=\"2\" width=\"190\"><strong>Destino<\/strong><\/td>\n<td rowspan=\"2\" width=\"95\"><strong>comprimento cartogr\u00e1fico<\/strong><\/td>\n<td colspan=\"2\" width=\"140\"><strong>acumulado<\/strong><\/td>\n<\/tr>\n<tr>\n<td width=\"70\"><strong>subida<\/strong><\/td>\n<td width=\"70\"><strong>descida<\/strong><\/td>\n<\/tr>\n<tr>\n<td>Santa Croya de Tera<\/td>\n<td>Astorga<\/td>\n<td align=\"right\">102,81 km<\/td>\n<td align=\"right\">1018,26 m<\/td>\n<td align=\"right\">869,847 m<\/td>\n<\/tr>\n<\/tbody>\n<\/table>\n<p><iframe class=\"gmap\" width=\"618\" height=\"350\" frameborder=\"#\" scrolling=\"no\" marginheight=\"0\" marginwidth=\"0\" src=\"https:\/\/www.google.com\/maps\/d\/u\/0\/embed?mid=1f_ndQKftrmh0TI8RC57QBMx8j1o&output=embed\"><\/iframe><br \/><small>Ver <a target=\"_blank\" href=\"https:\/\/www.google.com\/maps\/d\/u\/0\/embed?mid=1f_ndQKftrmh0TI8RC57QBMx8j1o&source=embed\" style=\"color:0000FF;text-align:left\">Etapa 10<\/a> num mapa maior<\/small><br \/>\n<a name=\"etapa11\"><\/a><\/p>\n<h1><strong>Etapa 11<\/strong><\/h1>\n<table class=\"stage-table\" cellspacing=\"0\" cellpadding=\"0\">\n<colgroup>\n<col span=\"2\" width=\"190\" \/>\n<col width=\"95\" \/>\n<col span=\"2\" width=\"70\" \/><\/colgroup>\n<tbody>\n<tr>\n<td rowspan=\"2\" width=\"190\"><strong>Partida<\/strong><\/td>\n<td rowspan=\"2\" width=\"190\"><strong>Destino<\/strong><\/td>\n<td rowspan=\"2\" width=\"95\"><strong>comprimento cartogr\u00e1fico<\/strong><\/td>\n<td colspan=\"2\" width=\"140\"><strong>acumulado<\/strong><\/td>\n<\/tr>\n<tr>\n<td width=\"70\"><strong>subida<\/strong><\/td>\n<td width=\"70\"><strong>descida<\/strong><\/td>\n<\/tr>\n<tr>\n<td>Astorga<\/td>\n<td>Las M\u00e9dulas<\/td>\n<td align=\"right\">81,22 km<\/td>\n<td align=\"right\">2186,42 m<\/td>\n<td align=\"right\">2320,39 m<\/td>\n<\/tr>\n<\/tbody>\n<\/table>\n<p><iframe class=\"gmap\" width=\"618\" height=\"350\" frameborder=\"#\" scrolling=\"no\" marginheight=\"0\" marginwidth=\"0\" src=\"https:\/\/www.google.com\/maps\/d\/u\/0\/embed?mid=14FKqAcUYboDkEKAa8l1W_XFlZ7Y&output=embed\"><\/iframe><br \/><small>Ver <a target=\"_blank\" href=\"https:\/\/www.google.com\/maps\/d\/u\/0\/embed?mid=14FKqAcUYboDkEKAa8l1W_XFlZ7Y&source=embed\" style=\"color:0000FF;text-align:left\">Etapa 11<\/a> num mapa maior<\/small><br \/>\n<a name=\"etapa12\"><\/a><\/p>\n<h1><strong>Etapa 12<\/strong><\/h1>\n<table class=\"stage-table\" cellspacing=\"0\" cellpadding=\"0\">\n<colgroup>\n<col span=\"2\" width=\"190\" \/>\n<col width=\"95\" \/>\n<col span=\"2\" width=\"70\" \/><\/colgroup>\n<tbody>\n<tr>\n<td rowspan=\"2\" width=\"190\"><strong>Partida<\/strong><\/td>\n<td rowspan=\"2\" width=\"190\"><strong>Destino<\/strong><\/td>\n<td rowspan=\"2\" width=\"95\"><strong>comprimento cartogr\u00e1fico<\/strong><\/td>\n<td colspan=\"2\" width=\"140\"><strong>acumulado<\/strong><\/td>\n<\/tr>\n<tr>\n<td width=\"70\"><strong>subida<\/strong><\/td>\n<td width=\"70\"><strong>descida<\/strong><\/td>\n<\/tr>\n<tr>\n<td>Las M\u00e9dulas<\/td>\n<td>Quiroga<\/td>\n<td align=\"right\">70,79 km<\/td>\n<td align=\"right\">2346,54 m<\/td>\n<td align=\"right\">2819,62 m<\/td>\n<\/tr>\n<\/tbody>\n<\/table>\n<p><iframe class=\"gmap\" width=\"618\" height=\"350\" frameborder=\"#\" scrolling=\"no\" marginheight=\"0\" marginwidth=\"0\" src=\"https:\/\/www.google.com\/maps\/d\/u\/0\/embed?mid=1MeE8SO40lD89K7Va3epjVYRE-bY&output=embed\"><\/iframe><br \/><small>Ver <a target=\"_blank\" href=\"https:\/\/www.google.com\/maps\/d\/u\/0\/embed?mid=1MeE8SO40lD89K7Va3epjVYRE-bY&source=embed\" style=\"color:0000FF;text-align:left\">Etapa 12<\/a> num mapa maior<\/small><br \/>\n<a name=\"etapa13\"><\/a><\/p>\n<h1><strong>Etapa 13<\/strong><\/h1>\n<table class=\"stage-table\" cellspacing=\"0\" cellpadding=\"0\">\n<colgroup>\n<col span=\"2\" width=\"190\" \/>\n<col width=\"95\" \/>\n<col span=\"2\" width=\"70\" \/><\/colgroup>\n<tbody>\n<tr>\n<td rowspan=\"2\" width=\"190\"><strong>Partida<\/strong><\/td>\n<td rowspan=\"2\" width=\"190\"><strong>Destino<\/strong><\/td>\n<td rowspan=\"2\" width=\"95\"><strong>comprimento cartogr\u00e1fico<\/strong><\/td>\n<td colspan=\"2\" width=\"140\"><strong>acumulado<\/strong><\/td>\n<\/tr>\n<tr>\n<td width=\"70\"><strong>subida<\/strong><\/td>\n<td width=\"70\"><strong>descida<\/strong><\/td>\n<\/tr>\n<tr>\n<td>Quiroga<\/td>\n<td>Chantada<\/td>\n<td align=\"right\">69,07 km<\/td>\n<td align=\"right\">2196,24 m<\/td>\n<td align=\"right\">1974,41 m<\/td>\n<\/tr>\n<\/tbody>\n<\/table>\n<p><iframe class=\"gmap\" width=\"618\" height=\"350\" frameborder=\"#\" scrolling=\"no\" marginheight=\"0\" marginwidth=\"0\" src=\"https:\/\/www.google.com\/maps\/d\/u\/0\/embed?mid=1PLNvILBojuT23kgkcrQ8dYUdhyA&output=embed\"><\/iframe><br \/><small>Ver <a target=\"_blank\" href=\"https:\/\/www.google.com\/maps\/d\/u\/0\/embed?mid=1PLNvILBojuT23kgkcrQ8dYUdhyA&source=embed\" style=\"color:0000FF;text-align:left\">Etapa 13<\/a> num mapa maior<\/small><br \/>\n<a name=\"etapa14\"><\/a><\/p>\n<h1><strong>Etapa 14<\/strong><\/h1>\n<table class=\"stage-table\" cellspacing=\"0\" cellpadding=\"0\">\n<colgroup>\n<col span=\"2\" width=\"190\" \/>\n<col width=\"95\" \/>\n<col span=\"2\" width=\"70\" \/><\/colgroup>\n<tbody>\n<tr>\n<td rowspan=\"2\" width=\"190\"><strong>Partida<\/strong><\/td>\n<td rowspan=\"2\" width=\"190\"><strong>Destino<\/strong><\/td>\n<td rowspan=\"2\" width=\"95\"><strong>comprimento cartogr\u00e1fico<\/strong><\/td>\n<td colspan=\"2\" width=\"140\"><strong>acumulado<\/strong><\/td>\n<\/tr>\n<tr>\n<td width=\"70\"><strong>subida<\/strong><\/td>\n<td width=\"70\"><strong>descida<\/strong><\/td>\n<\/tr>\n<tr>\n<td>Chantada<\/td>\n<td>A Laxe<\/td>\n<td align=\"right\">54,09 km<\/td>\n<td align=\"right\">1457,92 m<\/td>\n<td align=\"right\">1471,75 m<\/td>\n<\/tr>\n<\/tbody>\n<\/table>\n<p><iframe class=\"gmap\" width=\"618\" height=\"350\" frameborder=\"#\" scrolling=\"no\" marginheight=\"0\" marginwidth=\"0\" src=\"https:\/\/www.google.com\/maps\/d\/u\/0\/embed?mid=16W7sHw1NvJPtZATlRul-Gg1-pVY&output=embed\"><\/iframe><br \/><small>Ver <a target=\"_blank\" href=\"https:\/\/www.google.com\/maps\/d\/u\/0\/embed?mid=16W7sHw1NvJPtZATlRul-Gg1-pVY&source=embed\" style=\"color:0000FF;text-align:left\">Etapa 14<\/a> num mapa maior<\/small><br \/>\n<a name=\"etapa15\"><\/a><\/p>\n<h1><strong>Etapa 15<\/strong><\/h1>\n<table class=\"stage-table\" cellspacing=\"0\" cellpadding=\"0\">\n<colgroup>\n<col span=\"2\" width=\"190\" \/>\n<col width=\"95\" \/>\n<col span=\"2\" width=\"70\" \/><\/colgroup>\n<tbody>\n<tr>\n<td rowspan=\"2\" width=\"190\"><strong>Partida<\/strong><\/td>\n<td rowspan=\"2\" width=\"190\"><strong>Destino<\/strong><\/td>\n<td rowspan=\"2\" width=\"95\"><strong>comprimento cartogr\u00e1fico<\/strong><\/td>\n<td colspan=\"2\" width=\"140\"><strong>acumulado<\/strong><\/td>\n<\/tr>\n<tr>\n<td width=\"70\"><strong>subida<\/strong><\/td>\n<td width=\"70\"><strong>descida<\/strong><\/td>\n<\/tr>\n<tr>\n<td>A Laxe<\/td>\n<td>Santiago de Compostela<\/td>\n<td align=\"right\">52,79 km<\/td>\n<td align=\"right\">1520,18 m<\/td>\n<td align=\"right\">1738,22 m<\/td>\n<\/tr>\n<\/tbody>\n<\/table>\n<p><iframe class=\"gmap\" width=\"618\" height=\"350\" frameborder=\"#\" scrolling=\"no\" marginheight=\"0\" marginwidth=\"0\" src=\"https:\/\/www.google.com\/maps\/d\/u\/0\/embed?mid=17CqSnmBiIAeqd4RdGrZdaVQLzjc&output=embed\"><\/iframe><br \/><small>Ver <a target=\"_blank\" href=\"https:\/\/www.google.com\/maps\/d\/u\/0\/embed?mid=17CqSnmBiIAeqd4RdGrZdaVQLzjc&source=embed\" style=\"color:0000FF;text-align:left\">Etapa 15<\/a> num mapa maior<\/small><br \/>\n<a name=\"etapa16\"><\/a><\/p>\n<h1><strong>Etapa 16<\/strong><\/h1>\n<table class=\"stage-table\" cellspacing=\"0\" cellpadding=\"0\">\n<colgroup>\n<col span=\"2\" width=\"190\" \/>\n<col width=\"95\" \/>\n<col span=\"2\" width=\"70\" \/><\/colgroup>\n<tbody>\n<tr>\n<td rowspan=\"2\" width=\"190\"><strong>Partida<\/strong><\/td>\n<td rowspan=\"2\" width=\"190\"><strong>Destino<\/strong><\/td>\n<td rowspan=\"2\" width=\"95\"><strong>comprimento cartogr\u00e1fico<\/strong><\/td>\n<td colspan=\"2\" width=\"140\"><strong>acumulado<\/strong><\/td>\n<\/tr>\n<tr>\n<td width=\"70\"><strong>subida<\/strong><\/td>\n<td width=\"70\"><strong>descida<\/strong><\/td>\n<\/tr>\n<tr>\n<td>Santiago de Compostela<\/td>\n<td>Braga<\/td>\n<td align=\"right\">192,01 km<\/td>\n<td align=\"right\">4361,7 m<\/td>\n<td align=\"right\">4427,9 m<\/td>\n<\/tr>\n<\/tbody>\n<\/table>\n<iframe class=\"gmap\" width=\"618\" height=\"350\" frameborder=\"#\" scrolling=\"no\" marginheight=\"0\" marginwidth=\"0\" src=\"https:\/\/www.google.com\/maps\/d\/u\/0\/embed?mid=1DNq-EvjOBdr-7OSQPIVgTQmx8T8&output=embed\"><\/iframe><br \/><small>Ver <a target=\"_blank\" href=\"https:\/\/www.google.com\/maps\/d\/u\/0\/embed?mid=1DNq-EvjOBdr-7OSQPIVgTQmx8T8&source=embed\" style=\"color:0000FF;text-align:left\">Etapa 16<\/a> num mapa maior<\/small>\n<div class=\"al2fb_like_button\"><div id=\"fb-root\"><\/div><script type=\"text\/javascript\">\n(function(d, s, id) {\n  var js, fjs = d.getElementsByTagName(s)[0];\n  if (d.getElementById(id)) return;\n  js = d.createElement(s); js.id = id;\n  js.src = \"\/\/connect.facebook.net\/en_US\/all.js#xfbml=1&appId=118672068213591\";\n  fjs.parentNode.insertBefore(js, fjs);\n}(document, \"script\", \"facebook-jssdk\"));\n<\/script>\n<fb:like href=\"http:\/\/www.rumoasantiago.com\/interioreinverno\/as-etapas\/\" layout=\"button_count\" show_faces=\"true\" share=\"true\" width=\"450\" action=\"like\" font=\"arial\" colorscheme=\"light\" ref=\"AL2FB\"><\/fb:like><\/div>","protected":false},"excerpt":{"rendered":"<p>As etapas para o Caminho deste ano poder\u00e3o ainda sofrer alguns ajustes conforme a log\u00edstica da viagem for planeada, mas ainda assim partilho convosco o plano que tenho em mente para os 1250 quil\u00f3metros que irei percorrer. Irei iniciar o Caminho em Braga, no final do dia 9\u00a0de junho, pedalando at\u00e9 ao Caminho Central Portugu\u00eas, [&hellip;]<\/p>\n","protected":false},"author":1,"featured_media":43,"comment_status":"open","ping_status":"open","sticky":false,"template":"","format":"standard","meta":[],"categories":[5,6,7,10],"tags":[],"yoast_head":"<!-- This site is optimized with the Yoast SEO plugin v20.10 - https:\/\/yoast.com\/wordpress\/plugins\/seo\/ -->\n<title>As Etapas - Caminhos do Interior e de Inverno<\/title>\n<meta name=\"robots\" content=\"index, follow, max-snippet:-1, max-image-preview:large, max-video-preview:-1\" \/>\n<link rel=\"canonical\" href=\"https:\/\/www.rumoasantiago.com\/interioreinverno\/as-etapas\/\" \/>\n<meta name=\"twitter:card\" content=\"summary_large_image\" \/>\n<meta name=\"twitter:title\" content=\"As Etapas - Caminhos do Interior e de Inverno\" \/>\n<meta name=\"twitter:description\" content=\"As etapas para o Caminho deste ano poder\u00e3o ainda sofrer alguns ajustes conforme a log\u00edstica da viagem for planeada, mas ainda assim partilho convosco o plano que tenho em mente para os 1250 quil\u00f3metros que irei percorrer. Irei iniciar o Caminho em Braga, no final do dia 9\u00a0de junho, pedalando at\u00e9 ao Caminho Central Portugu\u00eas, [&hellip;]\" \/>\n<meta name=\"twitter:image\" content=\"http:\/\/www.rumoasantiago.com\/interioreinverno\/files\/2017\/05\/mapa-caminho-2017.png\" \/>\n<meta name=\"twitter:label1\" content=\"Written by\" \/>\n\t<meta name=\"twitter:data1\" content=\"norberto\" \/>\n\t<meta name=\"twitter:label2\" content=\"Est. reading time\" \/>\n\t<meta name=\"twitter:data2\" content=\"4 minutes\" \/>\n<script type=\"application\/ld+json\" class=\"yoast-schema-graph\">{\"@context\":\"https:\/\/schema.org\",\"@graph\":[{\"@type\":\"WebPage\",\"@id\":\"https:\/\/www.rumoasantiago.com\/interioreinverno\/as-etapas\/\",\"url\":\"https:\/\/www.rumoasantiago.com\/interioreinverno\/as-etapas\/\",\"name\":\"As Etapas - Caminhos do Interior e de Inverno\",\"isPartOf\":{\"@id\":\"https:\/\/www.rumoasantiago.com\/interioreinverno\/#website\"},\"datePublished\":\"2017-05-01T18:10:29+00:00\",\"dateModified\":\"2017-06-08T07:36:57+00:00\",\"author\":{\"@id\":\"https:\/\/www.rumoasantiago.com\/interioreinverno\/#\/schema\/person\/72f32049b1b85d455e20c086d02608ee\"},\"breadcrumb\":{\"@id\":\"https:\/\/www.rumoasantiago.com\/interioreinverno\/as-etapas\/#breadcrumb\"},\"inLanguage\":\"en-US\",\"potentialAction\":[{\"@type\":\"ReadAction\",\"target\":[\"https:\/\/www.rumoasantiago.com\/interioreinverno\/as-etapas\/\"]}]},{\"@type\":\"BreadcrumbList\",\"@id\":\"https:\/\/www.rumoasantiago.com\/interioreinverno\/as-etapas\/#breadcrumb\",\"itemListElement\":[{\"@type\":\"ListItem\",\"position\":1,\"name\":\"Home\",\"item\":\"https:\/\/www.rumoasantiago.com\/interioreinverno\/\"},{\"@type\":\"ListItem\",\"position\":2,\"name\":\"As Etapas\"}]},{\"@type\":\"WebSite\",\"@id\":\"https:\/\/www.rumoasantiago.com\/interioreinverno\/#website\",\"url\":\"https:\/\/www.rumoasantiago.com\/interioreinverno\/\",\"name\":\"Caminhos do Interior e de Inverno\",\"description\":\"Travessia dos Caminhos do Interior e Inverno\",\"potentialAction\":[{\"@type\":\"SearchAction\",\"target\":{\"@type\":\"EntryPoint\",\"urlTemplate\":\"https:\/\/www.rumoasantiago.com\/interioreinverno\/?s={search_term_string}\"},\"query-input\":\"required name=search_term_string\"}],\"inLanguage\":\"en-US\"},{\"@type\":\"Person\",\"@id\":\"https:\/\/www.rumoasantiago.com\/interioreinverno\/#\/schema\/person\/72f32049b1b85d455e20c086d02608ee\",\"name\":\"norberto\",\"image\":{\"@type\":\"ImageObject\",\"inLanguage\":\"en-US\",\"@id\":\"https:\/\/www.rumoasantiago.com\/interioreinverno\/#\/schema\/person\/image\/\",\"url\":\"http:\/\/2.gravatar.com\/avatar\/258e8e796306c4f0066b7a531bd3db2d?s=96&d=mm&r=g\",\"contentUrl\":\"http:\/\/2.gravatar.com\/avatar\/258e8e796306c4f0066b7a531bd3db2d?s=96&d=mm&r=g\",\"caption\":\"norberto\"},\"url\":\"http:\/\/www.rumoasantiago.com\/interioreinverno\/author\/norberto\/\"}]}<\/script>\n<!-- \/ Yoast SEO plugin. -->","yoast_head_json":{"title":"As Etapas - Caminhos do Interior e de Inverno","robots":{"index":"index","follow":"follow","max-snippet":"max-snippet:-1","max-image-preview":"max-image-preview:large","max-video-preview":"max-video-preview:-1"},"canonical":"https:\/\/www.rumoasantiago.com\/interioreinverno\/as-etapas\/","twitter_card":"summary_large_image","twitter_title":"As Etapas - Caminhos do Interior e de Inverno","twitter_description":"As etapas para o Caminho deste ano poder\u00e3o ainda sofrer alguns ajustes conforme a log\u00edstica da viagem for planeada, mas ainda assim partilho convosco o plano que tenho em mente para os 1250 quil\u00f3metros que irei percorrer. Irei iniciar o Caminho em Braga, no final do dia 9\u00a0de junho, pedalando at\u00e9 ao Caminho Central Portugu\u00eas, [&hellip;]","twitter_image":"http:\/\/www.rumoasantiago.com\/interioreinverno\/files\/2017\/05\/mapa-caminho-2017.png","twitter_misc":{"Written by":"norberto","Est. reading time":"4 minutes"},"schema":{"@context":"https:\/\/schema.org","@graph":[{"@type":"WebPage","@id":"https:\/\/www.rumoasantiago.com\/interioreinverno\/as-etapas\/","url":"https:\/\/www.rumoasantiago.com\/interioreinverno\/as-etapas\/","name":"As Etapas - Caminhos do Interior e de Inverno","isPartOf":{"@id":"https:\/\/www.rumoasantiago.com\/interioreinverno\/#website"},"datePublished":"2017-05-01T18:10:29+00:00","dateModified":"2017-06-08T07:36:57+00:00","author":{"@id":"https:\/\/www.rumoasantiago.com\/interioreinverno\/#\/schema\/person\/72f32049b1b85d455e20c086d02608ee"},"breadcrumb":{"@id":"https:\/\/www.rumoasantiago.com\/interioreinverno\/as-etapas\/#breadcrumb"},"inLanguage":"en-US","potentialAction":[{"@type":"ReadAction","target":["https:\/\/www.rumoasantiago.com\/interioreinverno\/as-etapas\/"]}]},{"@type":"BreadcrumbList","@id":"https:\/\/www.rumoasantiago.com\/interioreinverno\/as-etapas\/#breadcrumb","itemListElement":[{"@type":"ListItem","position":1,"name":"Home","item":"https:\/\/www.rumoasantiago.com\/interioreinverno\/"},{"@type":"ListItem","position":2,"name":"As Etapas"}]},{"@type":"WebSite","@id":"https:\/\/www.rumoasantiago.com\/interioreinverno\/#website","url":"https:\/\/www.rumoasantiago.com\/interioreinverno\/","name":"Caminhos do Interior e de Inverno","description":"Travessia dos Caminhos do Interior e Inverno","potentialAction":[{"@type":"SearchAction","target":{"@type":"EntryPoint","urlTemplate":"https:\/\/www.rumoasantiago.com\/interioreinverno\/?s={search_term_string}"},"query-input":"required name=search_term_string"}],"inLanguage":"en-US"},{"@type":"Person","@id":"https:\/\/www.rumoasantiago.com\/interioreinverno\/#\/schema\/person\/72f32049b1b85d455e20c086d02608ee","name":"norberto","image":{"@type":"ImageObject","inLanguage":"en-US","@id":"https:\/\/www.rumoasantiago.com\/interioreinverno\/#\/schema\/person\/image\/","url":"http:\/\/2.gravatar.com\/avatar\/258e8e796306c4f0066b7a531bd3db2d?s=96&d=mm&r=g","contentUrl":"http:\/\/2.gravatar.com\/avatar\/258e8e796306c4f0066b7a531bd3db2d?s=96&d=mm&r=g","caption":"norberto"},"url":"http:\/\/www.rumoasantiago.com\/interioreinverno\/author\/norberto\/"}]}},"publishpress_future_action":{"enabled":false,"date":"0","action":"","terms":[],"taxonomy":""},"_links":{"self":[{"href":"http:\/\/www.rumoasantiago.com\/interioreinverno\/wp-json\/wp\/v2\/posts\/42"}],"collection":[{"href":"http:\/\/www.rumoasantiago.com\/interioreinverno\/wp-json\/wp\/v2\/posts"}],"about":[{"href":"http:\/\/www.rumoasantiago.com\/interioreinverno\/wp-json\/wp\/v2\/types\/post"}],"author":[{"embeddable":true,"href":"http:\/\/www.rumoasantiago.com\/interioreinverno\/wp-json\/wp\/v2\/users\/1"}],"replies":[{"embeddable":true,"href":"http:\/\/www.rumoasantiago.com\/interioreinverno\/wp-json\/wp\/v2\/comments?post=42"}],"version-history":[{"count":2,"href":"http:\/\/www.rumoasantiago.com\/interioreinverno\/wp-json\/wp\/v2\/posts\/42\/revisions"}],"predecessor-version":[{"id":141,"href":"http:\/\/www.rumoasantiago.com\/interioreinverno\/wp-json\/wp\/v2\/posts\/42\/revisions\/141"}],"wp:featuredmedia":[{"embeddable":true,"href":"http:\/\/www.rumoasantiago.com\/interioreinverno\/wp-json\/wp\/v2\/media\/43"}],"wp:attachment":[{"href":"http:\/\/www.rumoasantiago.com\/interioreinverno\/wp-json\/wp\/v2\/media?parent=42"}],"wp:term":[{"taxonomy":"category","embeddable":true,"href":"http:\/\/www.rumoasantiago.com\/interioreinverno\/wp-json\/wp\/v2\/categories?post=42"},{"taxonomy":"post_tag","embeddable":true,"href":"http:\/\/www.rumoasantiago.com\/interioreinverno\/wp-json\/wp\/v2\/tags?post=42"}],"curies":[{"name":"wp","href":"https:\/\/api.w.org\/{rel}","templated":true}]}}