{"id":346,"date":"2017-06-23T21:27:45","date_gmt":"2017-06-23T21:27:45","guid":{"rendered":"https:\/\/www.rumoasantiago.com\/interioreinverno\/?p=346"},"modified":"2017-06-25T21:24:41","modified_gmt":"2017-06-25T21:24:41","slug":"etapa-15-alcancando-santiago-de-compostela","status":"publish","type":"post","link":"http:\/\/www.rumoasantiago.com\/interioreinverno\/etapa-15-alcancando-santiago-de-compostela\/","title":{"rendered":"Etapa 15 &#8211; alcan\u00e7ando Santiago de Compostela\u00a0"},"content":{"rendered":"<p>Sexta feira, dia 23 de Junho<\/p>\n<p>E depois de 15 dias a pedalar quase 1100 quil\u00f3metros, eis que piso de novo o ch\u00e3o da Pra\u00e7a do Obradoiro!<\/p>\n<p>Com os quil\u00f3metros adicionais que fiz ontem de Laxe a Silleda, Santiago ficou a cerca de 42 quil\u00f3metros de dist\u00e2ncia, por sinal bastante familiares pela quantidade de vezes que j\u00e1 os fiz em Caminhos anteriores. Sabia por isso com que contar e aproveitei para descansar um pouco mais do que tem sido o habitual.<\/p>\n<p>Dos Caminhos de Santiago que conhe\u00e7o, a chegada a Santiago pelo Sanabr\u00eas n\u00e3o \u00e9 propriamente a mais impressionante. Nesse aspecto h\u00e1 que dar a m\u00e3o \u00e0 palmat\u00f3ria ao Caminho Franc\u00eas, dado que a subida ao Monte do Gozo ou \u00e0 entrada pelas escadas onde normalmente est\u00e1 um artista com uma gaita de foles traduz de forma mais emocionante o que \u00e9 chegar \u00e0 pra\u00e7a do Obradoiro.<\/p>\n<p>Estes 42 quil\u00f3metros s\u00e3o feitos essencialmente por estradas rurais, que s\u00e3o antigos estrad\u00f5es que foram alcatroados. Para quebrar a monotonia somos brindados de vez em quando com um ou outro percurso em terra batida.<\/p>\n<p>Como ponto especial h\u00e1 a destacar o Ponte Ulla, que fica no ponto mais baixo da etapa que fiz hoje e que obriga logo de seguida a fazer uma subida \u00edngreme para recuperar toda a altitude perdida na descida at\u00e9 \u00e0 ponte. Pior ainda \u00e9 que os primeiros 100 metros s\u00e3o feitos num caminho de pedra, ao estilo de antiga estrada romana, que obriga a alguma t\u00e9cnica e a ignorar a dor no traseiro de tanto solavanco \ud83d\ude42<\/p>\n<p>Eram cerca de 10 da manh\u00e3 quando entrei na Pra\u00e7a do Obradoiro. \u00c9 sempre uma emo\u00e7\u00e3o quando aqui se chega!<\/p>\n<p>Feita a foto da praxe, dirigi-me ao albergue onde j\u00e1 fico no fim dos meus Caminhos desde 2013, o Mundo albergue.<\/p>\n<p>Fui tratar de levantar a minha Compostelana por volta das 13h e eis que encontro na fila dois rapazes andaluzes que conheci no albergue de Laza, na minha primeira paragem no Caminho Sanabr\u00eas. Num caminho solit\u00e1rio como o que fiz este ano, ver caras conhecidas \u00e9 sempre uma alegria \ud83d\ude42<\/p>\n<p>Facto curioso: por norma costumam estar volunt\u00e1rios junto \u00e0 fila para ir metendo conversa com os peregrinos e aliviar um pouco a espera. Desta vez coube a um senhor nos seus 60 e muitos anos, australiano, que tinha acabado o Caminho Franc\u00eas em Abril em 28 dias. Algu\u00e9m lhe perguntou se era sempre assim (a prop\u00f3sito das filas), ao que ele comentou que h\u00e1 uns dois dias atr\u00e1s os autocarros n\u00e3o estavam a circular (creio que por alguma greve) e que curiosamente nesses dias, pelas 10 horas, ainda n\u00e3o havia sinal de peregrinos na Oficina do Peregrino. Ora a\u00ed uso a express\u00e3o dele e digo que \u00e9 s\u00f3 juntar 2+2&#8230;<\/p>\n<p>Por aqui o S\u00e3o Jo\u00e3o tanbe se celebra ao jeito de Portugal, com sardinha assada e fogo de artif\u00edcio. Vai ser uma noite complicada para descansar, por cima com a sa\u00edda de madrugada, mas vou fazer por isso. Por isso boa noite a todos e Bom Caminho!<\/p>\n<p>Ah e se estiverem a fazer o Caminho Central Portugu\u00eas e virem um bicigrino com um p\u00e1ssaro no capacete a circular em sentido contr\u00e1rio, digam ol\u00e1!<\/p>\n<p><img decoding=\"async\" class=\"wp-image-152 alignnone size-full\" src=\"https:\/\/www.rumoasantiago.com\/interioreinverno\/files\/2017\/06\/14982530222511.jpg\" \/><br \/>\n<img decoding=\"async\" class=\"wp-image-151 alignnone size-full\" src=\"https:\/\/www.rumoasantiago.com\/interioreinverno\/files\/2017\/06\/14982530221080.jpg\" \/><br \/>\n<img decoding=\"async\" class=\"wp-image-153 alignnone size-full\" src=\"https:\/\/www.rumoasantiago.com\/interioreinverno\/files\/2017\/06\/14982530223242.jpg\" \/><br \/>\n<img decoding=\"async\" class=\"wp-image-154 alignnone size-full\" src=\"https:\/\/www.rumoasantiago.com\/interioreinverno\/files\/2017\/06\/14982530223653.jpg\" \/><br \/>\n<img decoding=\"async\" class=\"wp-image-155 alignnone size-full\" src=\"https:\/\/www.rumoasantiago.com\/interioreinverno\/files\/2017\/06\/14982530224044.jpg\" \/><\/p>\n<div class=\"al2fb_like_button\"><div id=\"fb-root\"><\/div><script type=\"text\/javascript\">\n(function(d, s, id) {\n  var js, fjs = d.getElementsByTagName(s)[0];\n  if (d.getElementById(id)) return;\n  js = d.createElement(s); js.id = id;\n  js.src = \"\/\/connect.facebook.net\/en_US\/all.js#xfbml=1&appId=118672068213591\";\n  fjs.parentNode.insertBefore(js, fjs);\n}(document, \"script\", \"facebook-jssdk\"));\n<\/script>\n<fb:like href=\"http:\/\/www.rumoasantiago.com\/interioreinverno\/etapa-15-alcancando-santiago-de-compostela\/\" layout=\"button_count\" show_faces=\"true\" share=\"true\" width=\"450\" action=\"like\" font=\"arial\" colorscheme=\"light\" ref=\"AL2FB\"><\/fb:like><\/div>","protected":false},"excerpt":{"rendered":"<p>Sexta feira, dia 23 de Junho E depois de 15 dias a pedalar quase 1100 quil\u00f3metros, eis que piso de novo o ch\u00e3o da Pra\u00e7a do Obradoiro! Com os quil\u00f3metros adicionais que fiz ontem de Laxe a Silleda, Santiago ficou a cerca de 42 quil\u00f3metros de dist\u00e2ncia, por sinal bastante familiares pela quantidade de vezes [&hellip;]<\/p>\n","protected":false},"author":1,"featured_media":342,"comment_status":"open","ping_status":"open","sticky":false,"template":"","format":"standard","meta":[],"categories":[5,4,12,6],"tags":[],"yoast_head":"<!-- This site is optimized with the Yoast SEO plugin v20.10 - https:\/\/yoast.com\/wordpress\/plugins\/seo\/ -->\n<title>Etapa 15 - alcan\u00e7ando Santiago de Compostela\u00a0 - Caminhos do Interior e de Inverno<\/title>\n<meta name=\"robots\" content=\"index, follow, max-snippet:-1, max-image-preview:large, max-video-preview:-1\" \/>\n<link rel=\"canonical\" href=\"https:\/\/www.rumoasantiago.com\/interioreinverno\/etapa-15-alcancando-santiago-de-compostela\/\" \/>\n<meta name=\"twitter:card\" content=\"summary_large_image\" \/>\n<meta name=\"twitter:title\" content=\"Etapa 15 - alcan\u00e7ando Santiago de Compostela\u00a0 - Caminhos do Interior e de Inverno\" \/>\n<meta name=\"twitter:description\" content=\"Sexta feira, dia 23 de Junho E depois de 15 dias a pedalar quase 1100 quil\u00f3metros, eis que piso de novo o ch\u00e3o da Pra\u00e7a do Obradoiro! Com os quil\u00f3metros adicionais que fiz ontem de Laxe a Silleda, Santiago ficou a cerca de 42 quil\u00f3metros de dist\u00e2ncia, por sinal bastante familiares pela quantidade de vezes [&hellip;]\" \/>\n<meta name=\"twitter:image\" content=\"http:\/\/www.rumoasantiago.com\/interioreinverno\/files\/2017\/06\/14982530222511.jpg\" \/>\n<meta name=\"twitter:label1\" content=\"Written by\" \/>\n\t<meta name=\"twitter:data1\" content=\"norberto\" \/>\n\t<meta name=\"twitter:label2\" content=\"Est. reading time\" \/>\n\t<meta name=\"twitter:data2\" content=\"3 minutes\" \/>\n<script type=\"application\/ld+json\" class=\"yoast-schema-graph\">{\"@context\":\"https:\/\/schema.org\",\"@graph\":[{\"@type\":\"WebPage\",\"@id\":\"https:\/\/www.rumoasantiago.com\/interioreinverno\/etapa-15-alcancando-santiago-de-compostela\/\",\"url\":\"https:\/\/www.rumoasantiago.com\/interioreinverno\/etapa-15-alcancando-santiago-de-compostela\/\",\"name\":\"Etapa 15 - alcan\u00e7ando Santiago de Compostela\u00a0 - Caminhos do Interior e de Inverno\",\"isPartOf\":{\"@id\":\"https:\/\/www.rumoasantiago.com\/interioreinverno\/#website\"},\"datePublished\":\"2017-06-23T21:27:45+00:00\",\"dateModified\":\"2017-06-25T21:24:41+00:00\",\"author\":{\"@id\":\"https:\/\/www.rumoasantiago.com\/interioreinverno\/#\/schema\/person\/72f32049b1b85d455e20c086d02608ee\"},\"breadcrumb\":{\"@id\":\"https:\/\/www.rumoasantiago.com\/interioreinverno\/etapa-15-alcancando-santiago-de-compostela\/#breadcrumb\"},\"inLanguage\":\"en-US\",\"potentialAction\":[{\"@type\":\"ReadAction\",\"target\":[\"https:\/\/www.rumoasantiago.com\/interioreinverno\/etapa-15-alcancando-santiago-de-compostela\/\"]}]},{\"@type\":\"BreadcrumbList\",\"@id\":\"https:\/\/www.rumoasantiago.com\/interioreinverno\/etapa-15-alcancando-santiago-de-compostela\/#breadcrumb\",\"itemListElement\":[{\"@type\":\"ListItem\",\"position\":1,\"name\":\"Home\",\"item\":\"https:\/\/www.rumoasantiago.com\/interioreinverno\/\"},{\"@type\":\"ListItem\",\"position\":2,\"name\":\"Etapa 15 &#8211; alcan\u00e7ando Santiago de Compostela\u00a0\"}]},{\"@type\":\"WebSite\",\"@id\":\"https:\/\/www.rumoasantiago.com\/interioreinverno\/#website\",\"url\":\"https:\/\/www.rumoasantiago.com\/interioreinverno\/\",\"name\":\"Caminhos do Interior e de Inverno\",\"description\":\"Travessia dos Caminhos do Interior e Inverno\",\"potentialAction\":[{\"@type\":\"SearchAction\",\"target\":{\"@type\":\"EntryPoint\",\"urlTemplate\":\"https:\/\/www.rumoasantiago.com\/interioreinverno\/?s={search_term_string}\"},\"query-input\":\"required name=search_term_string\"}],\"inLanguage\":\"en-US\"},{\"@type\":\"Person\",\"@id\":\"https:\/\/www.rumoasantiago.com\/interioreinverno\/#\/schema\/person\/72f32049b1b85d455e20c086d02608ee\",\"name\":\"norberto\",\"image\":{\"@type\":\"ImageObject\",\"inLanguage\":\"en-US\",\"@id\":\"https:\/\/www.rumoasantiago.com\/interioreinverno\/#\/schema\/person\/image\/\",\"url\":\"http:\/\/2.gravatar.com\/avatar\/258e8e796306c4f0066b7a531bd3db2d?s=96&d=mm&r=g\",\"contentUrl\":\"http:\/\/2.gravatar.com\/avatar\/258e8e796306c4f0066b7a531bd3db2d?s=96&d=mm&r=g\",\"caption\":\"norberto\"},\"url\":\"http:\/\/www.rumoasantiago.com\/interioreinverno\/author\/norberto\/\"}]}<\/script>\n<!-- \/ Yoast SEO plugin. -->","yoast_head_json":{"title":"Etapa 15 - alcan\u00e7ando Santiago de Compostela\u00a0 - Caminhos do Interior e de Inverno","robots":{"index":"index","follow":"follow","max-snippet":"max-snippet:-1","max-image-preview":"max-image-preview:large","max-video-preview":"max-video-preview:-1"},"canonical":"https:\/\/www.rumoasantiago.com\/interioreinverno\/etapa-15-alcancando-santiago-de-compostela\/","twitter_card":"summary_large_image","twitter_title":"Etapa 15 - alcan\u00e7ando Santiago de Compostela\u00a0 - Caminhos do Interior e de Inverno","twitter_description":"Sexta feira, dia 23 de Junho E depois de 15 dias a pedalar quase 1100 quil\u00f3metros, eis que piso de novo o ch\u00e3o da Pra\u00e7a do Obradoiro! Com os quil\u00f3metros adicionais que fiz ontem de Laxe a Silleda, Santiago ficou a cerca de 42 quil\u00f3metros de dist\u00e2ncia, por sinal bastante familiares pela quantidade de vezes [&hellip;]","twitter_image":"http:\/\/www.rumoasantiago.com\/interioreinverno\/files\/2017\/06\/14982530222511.jpg","twitter_misc":{"Written by":"norberto","Est. reading time":"3 minutes"},"schema":{"@context":"https:\/\/schema.org","@graph":[{"@type":"WebPage","@id":"https:\/\/www.rumoasantiago.com\/interioreinverno\/etapa-15-alcancando-santiago-de-compostela\/","url":"https:\/\/www.rumoasantiago.com\/interioreinverno\/etapa-15-alcancando-santiago-de-compostela\/","name":"Etapa 15 - alcan\u00e7ando Santiago de Compostela\u00a0 - Caminhos do Interior e de Inverno","isPartOf":{"@id":"https:\/\/www.rumoasantiago.com\/interioreinverno\/#website"},"datePublished":"2017-06-23T21:27:45+00:00","dateModified":"2017-06-25T21:24:41+00:00","author":{"@id":"https:\/\/www.rumoasantiago.com\/interioreinverno\/#\/schema\/person\/72f32049b1b85d455e20c086d02608ee"},"breadcrumb":{"@id":"https:\/\/www.rumoasantiago.com\/interioreinverno\/etapa-15-alcancando-santiago-de-compostela\/#breadcrumb"},"inLanguage":"en-US","potentialAction":[{"@type":"ReadAction","target":["https:\/\/www.rumoasantiago.com\/interioreinverno\/etapa-15-alcancando-santiago-de-compostela\/"]}]},{"@type":"BreadcrumbList","@id":"https:\/\/www.rumoasantiago.com\/interioreinverno\/etapa-15-alcancando-santiago-de-compostela\/#breadcrumb","itemListElement":[{"@type":"ListItem","position":1,"name":"Home","item":"https:\/\/www.rumoasantiago.com\/interioreinverno\/"},{"@type":"ListItem","position":2,"name":"Etapa 15 &#8211; alcan\u00e7ando Santiago de Compostela\u00a0"}]},{"@type":"WebSite","@id":"https:\/\/www.rumoasantiago.com\/interioreinverno\/#website","url":"https:\/\/www.rumoasantiago.com\/interioreinverno\/","name":"Caminhos do Interior e de Inverno","description":"Travessia dos Caminhos do Interior e Inverno","potentialAction":[{"@type":"SearchAction","target":{"@type":"EntryPoint","urlTemplate":"https:\/\/www.rumoasantiago.com\/interioreinverno\/?s={search_term_string}"},"query-input":"required name=search_term_string"}],"inLanguage":"en-US"},{"@type":"Person","@id":"https:\/\/www.rumoasantiago.com\/interioreinverno\/#\/schema\/person\/72f32049b1b85d455e20c086d02608ee","name":"norberto","image":{"@type":"ImageObject","inLanguage":"en-US","@id":"https:\/\/www.rumoasantiago.com\/interioreinverno\/#\/schema\/person\/image\/","url":"http:\/\/2.gravatar.com\/avatar\/258e8e796306c4f0066b7a531bd3db2d?s=96&d=mm&r=g","contentUrl":"http:\/\/2.gravatar.com\/avatar\/258e8e796306c4f0066b7a531bd3db2d?s=96&d=mm&r=g","caption":"norberto"},"url":"http:\/\/www.rumoasantiago.com\/interioreinverno\/author\/norberto\/"}]}},"publishpress_future_action":{"enabled":false,"date":"0","action":"","terms":[],"taxonomy":""},"_links":{"self":[{"href":"http:\/\/www.rumoasantiago.com\/interioreinverno\/wp-json\/wp\/v2\/posts\/346"}],"collection":[{"href":"http:\/\/www.rumoasantiago.com\/interioreinverno\/wp-json\/wp\/v2\/posts"}],"about":[{"href":"http:\/\/www.rumoasantiago.com\/interioreinverno\/wp-json\/wp\/v2\/types\/post"}],"author":[{"embeddable":true,"href":"http:\/\/www.rumoasantiago.com\/interioreinverno\/wp-json\/wp\/v2\/users\/1"}],"replies":[{"embeddable":true,"href":"http:\/\/www.rumoasantiago.com\/interioreinverno\/wp-json\/wp\/v2\/comments?post=346"}],"version-history":[{"count":3,"href":"http:\/\/www.rumoasantiago.com\/interioreinverno\/wp-json\/wp\/v2\/posts\/346\/revisions"}],"predecessor-version":[{"id":349,"href":"http:\/\/www.rumoasantiago.com\/interioreinverno\/wp-json\/wp\/v2\/posts\/346\/revisions\/349"}],"wp:featuredmedia":[{"embeddable":true,"href":"http:\/\/www.rumoasantiago.com\/interioreinverno\/wp-json\/wp\/v2\/media\/342"}],"wp:attachment":[{"href":"http:\/\/www.rumoasantiago.com\/interioreinverno\/wp-json\/wp\/v2\/media?parent=346"}],"wp:term":[{"taxonomy":"category","embeddable":true,"href":"http:\/\/www.rumoasantiago.com\/interioreinverno\/wp-json\/wp\/v2\/categories?post=346"},{"taxonomy":"post_tag","embeddable":true,"href":"http:\/\/www.rumoasantiago.com\/interioreinverno\/wp-json\/wp\/v2\/tags?post=346"}],"curies":[{"name":"wp","href":"https:\/\/api.w.org\/{rel}","templated":true}]}}