{"id":328,"date":"2017-06-21T22:13:06","date_gmt":"2017-06-21T22:13:06","guid":{"rendered":"https:\/\/www.rumoasantiago.com\/interioreinverno\/?p=328"},"modified":"2017-06-21T22:13:06","modified_gmt":"2017-06-21T22:13:06","slug":"etapa-13-caminho-suado-caminho-abencoado","status":"publish","type":"post","link":"http:\/\/www.rumoasantiago.com\/interioreinverno\/etapa-13-caminho-suado-caminho-abencoado\/","title":{"rendered":"Etapa 13 &#8211; Caminho suado, Caminho aben\u00e7oado!\u00a0"},"content":{"rendered":"<p>Quarta feira, 21 de Junho<\/p>\n<p>Esta foi, provavelmente, a etapa mais dura do per\u00edodo &#8220;p\u00f3s recupera\u00e7\u00e3o&#8221; das primeiras etapas.<\/p>\n<p>\u00c0s 6h da manh\u00e3, com o term\u00f3metro a marcar 22\u00b0C, sa\u00ed de Quiroga. Os primeiros 8 quil\u00f3metros seriam de subida e aparentemente tudo indicava que seria feito por alcatr\u00e3o. Esta premissa seria entretanto rebatida, dado que a estrada deu lugar a um estrad\u00e3o que atravessa, em ziguezague, um pinhal.<\/p>\n<p>A Galiza come\u00e7a a mostrar a sua for\u00e7a e majestosidade. Por aqui n\u00e3o h\u00e1 rectas planas nem zonas \u00e1ridas. Aquilo que encontro \u00e0 medida que Santiago fica mais perto s\u00e3o trilhos em floresta, tudo muito verde, que nos obrigam constantemente a pedalar ou a gerir muito bem a velocidade nas descidas.<\/p>\n<p>Com exce\u00e7\u00e3o de um ou outro momento em que desci por alcatr\u00e3o, no geral hoje foi dia de descidas (muito) t\u00e9cnicas. Algumas dessas descidas seriam muito bem vindas numa sa\u00edda t\u00edpica de BTT, mas quando se carregam 10kg \u00e0s costas e se traz uma bolsa no guiador que n\u00e3o gosta muito de solavancos, tudo tem de ser feito de forma muito ponderada.<\/p>\n<p>Por isso mesmo os her\u00f3is da etapa de hoje foram os trav\u00f5es. Devo dizer que os Shimano SLX me t\u00eam impressionado pela positiva, mas a solicita\u00e7\u00e3o cont\u00ednua que lhes exigi durante a etapa de hoje mostraram alguma ced\u00eancia \u00e0 fadiga nas descidas mais prolongadas e inclinadas.<\/p>\n<p>A etapa apresentava para hoje 3 grandes desafios: o primeiro surgiu logo no in\u00edcio, como referi acima. A segunda grande subida, com um perfil de &#8220;bochechos&#8221;, cedo avisou que n\u00e3o seria p\u00eara doce. Os estrad\u00f5es foram intercalados com single tracks que n\u00e3o parecem ser muito usados, a julgar pela erva alta. Junte-se a isso pedras espalhadas pelos single tracks, ocultas pela erva, e o cuidado a ter para n\u00e3o visitar o ch\u00e3o obrigou a\u00ed a desmontar.<\/p>\n<p>Mesmo com o calor que se faz sentir, alguns trilhos, por estarem muito embrenhados em vegeta\u00e7\u00e3o alta e arbustos, est\u00e3o ainda carregados de lama. Numa certa ocasi\u00e3o, perante um cen\u00e1rio completamente enlameado e pouca vontade de chapinhar na lama, busquei um percurso alternativo por estrad\u00e3o que me permitisse evitar esse lama\u00e7al. Talvez tenha acrescentado um quil\u00f3metro \u00e0 dist\u00e2ncia total da etapa, mas o n\u00edvel de salubridade com que a terminei valeu a pena \ud83d\ude42<\/p>\n<p>O terceiro desafio chegou por volta das 13h. Depois de uma descida altamente t\u00e9cnica, cheguei \u00e0 represa de Belesar, uma esp\u00e9cie de para\u00edso aqu\u00e1tico escondido num vale onde passa o rio Minho. Toda a altimetria perdida nessa descida teve de ser recuperada e sob o calor imenso \u00e0quela hora fui ziguezagueando pela estrada, alternando por entre alguns atalhos por onde passa o Caminho.<\/p>\n<p>Mas o desafio foi uma vez mais ultrapassado e cheguei a Chantada, pen\u00faltima paragem antes de chegar a Santiago de Compostela.<\/p>\n<p>Como n\u00e3o existe qualquer albergue nesta localidade, a estadia de hoje \u00e9 um pequeno luxo num pequeno, mas confort\u00e1vel hotel. E a companhia \u00e9 muito especial: como n\u00e3o haveria ningu\u00e9m dispon\u00edvel para abrir a garagem \u00e0 hora que pretendo sair, o rececionista sugeriu levar a bicicleta para o quarto \ud83d\ude42<\/p>\n<p>Amanh\u00e3 regresso ao Caminho Sanabr\u00eas. O destino planeado \u00e9 A Laxe, mas para al\u00e9m de ainda n\u00e3o ser certo que o albergue esteja a funcionar, o mais prov\u00e1vel \u00e9 conseguir alongar a etapa at\u00e9 Silleda ou mesmo Bandeira, podendo assim antecipar por umas horas a chegada a Santiago no dia seguinte.<\/p>\n<p>Bom Caminho!<\/p>\n<p><img decoding=\"async\" class=\"wp-image-142 alignnone size-full\" src=\"https:\/\/www.rumoasantiago.com\/interioreinverno\/files\/2017\/06\/14980826485749.jpg\" \/><br \/>\n<img decoding=\"async\" class=\"wp-image-133 alignnone size-full\" src=\"https:\/\/www.rumoasantiago.com\/interioreinverno\/files\/2017\/06\/14980826473400.jpg\" \/><br \/>\n<img decoding=\"async\" class=\"wp-image-134 alignnone size-full\" src=\"https:\/\/www.rumoasantiago.com\/interioreinverno\/files\/2017\/06\/14980826474911.jpg\" \/><br \/>\n<img decoding=\"async\" class=\"wp-image-136 alignnone size-full\" src=\"https:\/\/www.rumoasantiago.com\/interioreinverno\/files\/2017\/06\/14980826475923.jpg\" \/><br \/>\n<img decoding=\"async\" class=\"wp-image-137 alignnone size-full\" src=\"https:\/\/www.rumoasantiago.com\/interioreinverno\/files\/2017\/06\/14980826476284.jpg\" \/><br \/>\n<img decoding=\"async\" class=\"wp-image-143 alignnone size-full\" src=\"https:\/\/www.rumoasantiago.com\/interioreinverno\/files\/2017\/06\/14980826487560.jpg\" \/><br \/>\n<img decoding=\"async\" class=\"wp-image-135 alignnone size-full\" src=\"https:\/\/www.rumoasantiago.com\/interioreinverno\/files\/2017\/06\/14980826475412.jpg\" \/><br \/>\n<img decoding=\"async\" class=\"wp-image-139 alignnone size-full\" src=\"https:\/\/www.rumoasantiago.com\/interioreinverno\/files\/2017\/06\/14980826484886.jpg\" \/><br \/>\n<img decoding=\"async\" class=\"wp-image-138 alignnone size-full\" src=\"https:\/\/www.rumoasantiago.com\/interioreinverno\/files\/2017\/06\/14980826476555.jpg\" \/><br \/>\n<img decoding=\"async\" class=\"wp-image-141 alignnone size-full\" src=\"https:\/\/www.rumoasantiago.com\/interioreinverno\/files\/2017\/06\/14980826485488.jpg\" \/><br \/>\n<img decoding=\"async\" class=\"wp-image-140 alignnone size-full\" src=\"https:\/\/www.rumoasantiago.com\/interioreinverno\/files\/2017\/06\/14980826485217.jpg\" \/><\/p>\n<div class=\"al2fb_like_button\"><div id=\"fb-root\"><\/div><script type=\"text\/javascript\">\n(function(d, s, id) {\n  var js, fjs = d.getElementsByTagName(s)[0];\n  if (d.getElementById(id)) return;\n  js = d.createElement(s); js.id = id;\n  js.src = \"\/\/connect.facebook.net\/en_US\/all.js#xfbml=1&appId=118672068213591\";\n  fjs.parentNode.insertBefore(js, fjs);\n}(document, \"script\", \"facebook-jssdk\"));\n<\/script>\n<fb:like href=\"http:\/\/www.rumoasantiago.com\/interioreinverno\/etapa-13-caminho-suado-caminho-abencoado\/\" layout=\"button_count\" show_faces=\"true\" share=\"true\" width=\"450\" action=\"like\" font=\"arial\" colorscheme=\"light\" ref=\"AL2FB\"><\/fb:like><\/div>","protected":false},"excerpt":{"rendered":"<p>Quarta feira, 21 de Junho Esta foi, provavelmente, a etapa mais dura do per\u00edodo &#8220;p\u00f3s recupera\u00e7\u00e3o&#8221; das primeiras etapas. \u00c0s 6h da manh\u00e3, com o term\u00f3metro a marcar 22\u00b0C, sa\u00ed de Quiroga. Os primeiros 8 quil\u00f3metros seriam de subida e aparentemente tudo indicava que seria feito por alcatr\u00e3o. Esta premissa seria entretanto rebatida, dado que [&hellip;]<\/p>\n","protected":false},"author":1,"featured_media":326,"comment_status":"open","ping_status":"open","sticky":false,"template":"","format":"standard","meta":[],"categories":[5,4,12,6],"tags":[],"yoast_head":"<!-- This site is optimized with the Yoast SEO plugin v20.10 - https:\/\/yoast.com\/wordpress\/plugins\/seo\/ -->\n<title>Etapa 13 - Caminho suado, Caminho aben\u00e7oado!\u00a0 - Caminhos do Interior e de Inverno<\/title>\n<meta name=\"robots\" content=\"index, follow, max-snippet:-1, max-image-preview:large, max-video-preview:-1\" \/>\n<link rel=\"canonical\" href=\"https:\/\/www.rumoasantiago.com\/interioreinverno\/etapa-13-caminho-suado-caminho-abencoado\/\" \/>\n<meta name=\"twitter:card\" content=\"summary_large_image\" \/>\n<meta name=\"twitter:title\" content=\"Etapa 13 - Caminho suado, Caminho aben\u00e7oado!\u00a0 - Caminhos do Interior e de Inverno\" \/>\n<meta name=\"twitter:description\" content=\"Quarta feira, 21 de Junho Esta foi, provavelmente, a etapa mais dura do per\u00edodo &#8220;p\u00f3s recupera\u00e7\u00e3o&#8221; das primeiras etapas. \u00c0s 6h da manh\u00e3, com o term\u00f3metro a marcar 22\u00b0C, sa\u00ed de Quiroga. Os primeiros 8 quil\u00f3metros seriam de subida e aparentemente tudo indicava que seria feito por alcatr\u00e3o. Esta premissa seria entretanto rebatida, dado que [&hellip;]\" \/>\n<meta name=\"twitter:image\" content=\"http:\/\/www.rumoasantiago.com\/interioreinverno\/files\/2017\/06\/14980826485749.jpg\" \/>\n<meta name=\"twitter:label1\" content=\"Written by\" \/>\n\t<meta name=\"twitter:data1\" content=\"norberto\" \/>\n\t<meta name=\"twitter:label2\" content=\"Est. reading time\" \/>\n\t<meta name=\"twitter:data2\" content=\"3 minutes\" \/>\n<script type=\"application\/ld+json\" class=\"yoast-schema-graph\">{\"@context\":\"https:\/\/schema.org\",\"@graph\":[{\"@type\":\"WebPage\",\"@id\":\"https:\/\/www.rumoasantiago.com\/interioreinverno\/etapa-13-caminho-suado-caminho-abencoado\/\",\"url\":\"https:\/\/www.rumoasantiago.com\/interioreinverno\/etapa-13-caminho-suado-caminho-abencoado\/\",\"name\":\"Etapa 13 - Caminho suado, Caminho aben\u00e7oado!\u00a0 - Caminhos do Interior e de Inverno\",\"isPartOf\":{\"@id\":\"https:\/\/www.rumoasantiago.com\/interioreinverno\/#website\"},\"datePublished\":\"2017-06-21T22:13:06+00:00\",\"dateModified\":\"2017-06-21T22:13:06+00:00\",\"author\":{\"@id\":\"https:\/\/www.rumoasantiago.com\/interioreinverno\/#\/schema\/person\/72f32049b1b85d455e20c086d02608ee\"},\"breadcrumb\":{\"@id\":\"https:\/\/www.rumoasantiago.com\/interioreinverno\/etapa-13-caminho-suado-caminho-abencoado\/#breadcrumb\"},\"inLanguage\":\"en-US\",\"potentialAction\":[{\"@type\":\"ReadAction\",\"target\":[\"https:\/\/www.rumoasantiago.com\/interioreinverno\/etapa-13-caminho-suado-caminho-abencoado\/\"]}]},{\"@type\":\"BreadcrumbList\",\"@id\":\"https:\/\/www.rumoasantiago.com\/interioreinverno\/etapa-13-caminho-suado-caminho-abencoado\/#breadcrumb\",\"itemListElement\":[{\"@type\":\"ListItem\",\"position\":1,\"name\":\"Home\",\"item\":\"https:\/\/www.rumoasantiago.com\/interioreinverno\/\"},{\"@type\":\"ListItem\",\"position\":2,\"name\":\"Etapa 13 &#8211; Caminho suado, Caminho aben\u00e7oado!\u00a0\"}]},{\"@type\":\"WebSite\",\"@id\":\"https:\/\/www.rumoasantiago.com\/interioreinverno\/#website\",\"url\":\"https:\/\/www.rumoasantiago.com\/interioreinverno\/\",\"name\":\"Caminhos do Interior e de Inverno\",\"description\":\"Travessia dos Caminhos do Interior e Inverno\",\"potentialAction\":[{\"@type\":\"SearchAction\",\"target\":{\"@type\":\"EntryPoint\",\"urlTemplate\":\"https:\/\/www.rumoasantiago.com\/interioreinverno\/?s={search_term_string}\"},\"query-input\":\"required name=search_term_string\"}],\"inLanguage\":\"en-US\"},{\"@type\":\"Person\",\"@id\":\"https:\/\/www.rumoasantiago.com\/interioreinverno\/#\/schema\/person\/72f32049b1b85d455e20c086d02608ee\",\"name\":\"norberto\",\"image\":{\"@type\":\"ImageObject\",\"inLanguage\":\"en-US\",\"@id\":\"https:\/\/www.rumoasantiago.com\/interioreinverno\/#\/schema\/person\/image\/\",\"url\":\"http:\/\/2.gravatar.com\/avatar\/258e8e796306c4f0066b7a531bd3db2d?s=96&d=mm&r=g\",\"contentUrl\":\"http:\/\/2.gravatar.com\/avatar\/258e8e796306c4f0066b7a531bd3db2d?s=96&d=mm&r=g\",\"caption\":\"norberto\"},\"url\":\"http:\/\/www.rumoasantiago.com\/interioreinverno\/author\/norberto\/\"}]}<\/script>\n<!-- \/ Yoast SEO plugin. -->","yoast_head_json":{"title":"Etapa 13 - Caminho suado, Caminho aben\u00e7oado!\u00a0 - Caminhos do Interior e de Inverno","robots":{"index":"index","follow":"follow","max-snippet":"max-snippet:-1","max-image-preview":"max-image-preview:large","max-video-preview":"max-video-preview:-1"},"canonical":"https:\/\/www.rumoasantiago.com\/interioreinverno\/etapa-13-caminho-suado-caminho-abencoado\/","twitter_card":"summary_large_image","twitter_title":"Etapa 13 - Caminho suado, Caminho aben\u00e7oado!\u00a0 - Caminhos do Interior e de Inverno","twitter_description":"Quarta feira, 21 de Junho Esta foi, provavelmente, a etapa mais dura do per\u00edodo &#8220;p\u00f3s recupera\u00e7\u00e3o&#8221; das primeiras etapas. \u00c0s 6h da manh\u00e3, com o term\u00f3metro a marcar 22\u00b0C, sa\u00ed de Quiroga. Os primeiros 8 quil\u00f3metros seriam de subida e aparentemente tudo indicava que seria feito por alcatr\u00e3o. Esta premissa seria entretanto rebatida, dado que [&hellip;]","twitter_image":"http:\/\/www.rumoasantiago.com\/interioreinverno\/files\/2017\/06\/14980826485749.jpg","twitter_misc":{"Written by":"norberto","Est. reading time":"3 minutes"},"schema":{"@context":"https:\/\/schema.org","@graph":[{"@type":"WebPage","@id":"https:\/\/www.rumoasantiago.com\/interioreinverno\/etapa-13-caminho-suado-caminho-abencoado\/","url":"https:\/\/www.rumoasantiago.com\/interioreinverno\/etapa-13-caminho-suado-caminho-abencoado\/","name":"Etapa 13 - Caminho suado, Caminho aben\u00e7oado!\u00a0 - Caminhos do Interior e de Inverno","isPartOf":{"@id":"https:\/\/www.rumoasantiago.com\/interioreinverno\/#website"},"datePublished":"2017-06-21T22:13:06+00:00","dateModified":"2017-06-21T22:13:06+00:00","author":{"@id":"https:\/\/www.rumoasantiago.com\/interioreinverno\/#\/schema\/person\/72f32049b1b85d455e20c086d02608ee"},"breadcrumb":{"@id":"https:\/\/www.rumoasantiago.com\/interioreinverno\/etapa-13-caminho-suado-caminho-abencoado\/#breadcrumb"},"inLanguage":"en-US","potentialAction":[{"@type":"ReadAction","target":["https:\/\/www.rumoasantiago.com\/interioreinverno\/etapa-13-caminho-suado-caminho-abencoado\/"]}]},{"@type":"BreadcrumbList","@id":"https:\/\/www.rumoasantiago.com\/interioreinverno\/etapa-13-caminho-suado-caminho-abencoado\/#breadcrumb","itemListElement":[{"@type":"ListItem","position":1,"name":"Home","item":"https:\/\/www.rumoasantiago.com\/interioreinverno\/"},{"@type":"ListItem","position":2,"name":"Etapa 13 &#8211; Caminho suado, Caminho aben\u00e7oado!\u00a0"}]},{"@type":"WebSite","@id":"https:\/\/www.rumoasantiago.com\/interioreinverno\/#website","url":"https:\/\/www.rumoasantiago.com\/interioreinverno\/","name":"Caminhos do Interior e de Inverno","description":"Travessia dos Caminhos do Interior e Inverno","potentialAction":[{"@type":"SearchAction","target":{"@type":"EntryPoint","urlTemplate":"https:\/\/www.rumoasantiago.com\/interioreinverno\/?s={search_term_string}"},"query-input":"required name=search_term_string"}],"inLanguage":"en-US"},{"@type":"Person","@id":"https:\/\/www.rumoasantiago.com\/interioreinverno\/#\/schema\/person\/72f32049b1b85d455e20c086d02608ee","name":"norberto","image":{"@type":"ImageObject","inLanguage":"en-US","@id":"https:\/\/www.rumoasantiago.com\/interioreinverno\/#\/schema\/person\/image\/","url":"http:\/\/2.gravatar.com\/avatar\/258e8e796306c4f0066b7a531bd3db2d?s=96&d=mm&r=g","contentUrl":"http:\/\/2.gravatar.com\/avatar\/258e8e796306c4f0066b7a531bd3db2d?s=96&d=mm&r=g","caption":"norberto"},"url":"http:\/\/www.rumoasantiago.com\/interioreinverno\/author\/norberto\/"}]}},"publishpress_future_action":{"enabled":false,"date":"0","action":"","terms":[],"taxonomy":""},"_links":{"self":[{"href":"http:\/\/www.rumoasantiago.com\/interioreinverno\/wp-json\/wp\/v2\/posts\/328"}],"collection":[{"href":"http:\/\/www.rumoasantiago.com\/interioreinverno\/wp-json\/wp\/v2\/posts"}],"about":[{"href":"http:\/\/www.rumoasantiago.com\/interioreinverno\/wp-json\/wp\/v2\/types\/post"}],"author":[{"embeddable":true,"href":"http:\/\/www.rumoasantiago.com\/interioreinverno\/wp-json\/wp\/v2\/users\/1"}],"replies":[{"embeddable":true,"href":"http:\/\/www.rumoasantiago.com\/interioreinverno\/wp-json\/wp\/v2\/comments?post=328"}],"version-history":[{"count":2,"href":"http:\/\/www.rumoasantiago.com\/interioreinverno\/wp-json\/wp\/v2\/posts\/328\/revisions"}],"predecessor-version":[{"id":330,"href":"http:\/\/www.rumoasantiago.com\/interioreinverno\/wp-json\/wp\/v2\/posts\/328\/revisions\/330"}],"wp:featuredmedia":[{"embeddable":true,"href":"http:\/\/www.rumoasantiago.com\/interioreinverno\/wp-json\/wp\/v2\/media\/326"}],"wp:attachment":[{"href":"http:\/\/www.rumoasantiago.com\/interioreinverno\/wp-json\/wp\/v2\/media?parent=328"}],"wp:term":[{"taxonomy":"category","embeddable":true,"href":"http:\/\/www.rumoasantiago.com\/interioreinverno\/wp-json\/wp\/v2\/categories?post=328"},{"taxonomy":"post_tag","embeddable":true,"href":"http:\/\/www.rumoasantiago.com\/interioreinverno\/wp-json\/wp\/v2\/tags?post=328"}],"curies":[{"name":"wp","href":"https:\/\/api.w.org\/{rel}","templated":true}]}}