{"id":301,"date":"2017-06-19T17:15:33","date_gmt":"2017-06-19T17:15:33","guid":{"rendered":"https:\/\/www.rumoasantiago.com\/interioreinverno\/?p=301"},"modified":"2017-06-19T17:26:04","modified_gmt":"2017-06-19T17:26:04","slug":"etapa-11-em-pleno-inverno","status":"publish","type":"post","link":"http:\/\/www.rumoasantiago.com\/interioreinverno\/etapa-11-em-pleno-inverno\/","title":{"rendered":"Etapa 11 &#8211; em pleno &#8220;Inverno&#8221;\u00a0"},"content":{"rendered":"<p>Segunda feira, 19 de Junho<\/p>\n<p>A visita pelo Caminho Franc\u00eas seria breve. Com o acordar por volta das 4h portuguesas, houve tempo para uma vez mais preparar com calma o pequeno almo\u00e7o e a log\u00edstica habitual da mochila e da bicicleta.<\/p>\n<p>Quando me meti ao Caminho j\u00e1 v\u00e1rios peregrinos caminhavam, alguns conhecidos do albergue onde tinha ficado esta noite, mas muitos outros que viriam j\u00e1 de outros locais.<\/p>\n<p>O Caminho Franc\u00eas \u00e9 mesmo uma miscel\u00e2nea de muitas coisas distintas. Por entre peregrinos turigrinos, t\u00e1xigrinos e muitos outros mais, hoje descobri uma outra categoria: os electrigrinos. Ou seja, nada mais nada menos do que um ciclista &#8220;peregrino&#8221; que se fazia transportar numa bicicleta el\u00e9trica. Claro que cada um \u00e9 livre de fazer o Caminho como bem entende, mas de certa forma isto soa um pouco a &#8220;batotice&#8221; \ud83d\ude42<\/p>\n<p>Em 2011 fiz o meu primeiro grande Caminho de Santiago em autonomia: o Caminho Franc\u00eas desde Saint Jean Pied de Port. Na altura um dos companheiros que fez o Caminho comigo transportava a bagageira em alforges, o que condicionou um pouco a utiliza\u00e7\u00e3o de trilhos originais, levando-nos a optar por estrada mais do que eu desejava. Por isso este ano, na subida at\u00e9 \u00e0 Cruz de Ferro, aproveitei para o fazer pelo trilho pedestre, que \u00e9 um delicioso, embora duro, desafio t\u00e9cnico. Assim \u00e0 chegada \u00e0 Cruz de Ferro (que nunca mais aparecia!) teve um sabor ainda melhor!<\/p>\n<p>Feita a foto da praxe, eis o segundo momento &#8220;what the&#8230;.&#8221; do dia: um peregrino franc\u00eas diz-me (pensava eu que como sugest\u00e3o) que era melhor circular pela estrada. Eu respondo que prefiro seguir pelo trilho original, ao que ele me responde que por a\u00ed deviam ir s\u00f3 isso peregrinos a p\u00e9, que l\u00e1 n\u00e3o \u00e9 o lugar para bicicletas.<\/p>\n<p>Embora eu compreenda a preocupa\u00e7\u00e3o do senhor, pois tenho a certeza que h\u00e1-de semore haver um tolo ciclista que se esquece dos pe\u00f5es (tamb\u00e9m fa\u00e7o Caminhos a p\u00e9 e sei o que isso \u00e9). Claro que perante tal arrog\u00e2ncia s\u00f3 me restou uma alternativa&#8230; Seguir pelo trilho original \ud83d\ude42<\/p>\n<p>A descida ap\u00f3s a Cruz de Ferro \u00e9 uma coisa do outro mundo. S\u00e3o quil\u00f3metros \u00e9 quil\u00f3metros de ziguezagues, pedra, etc que esgotam a adrenalina que o corpo pode gerar. Ainda assim foi necess\u00e1rio refrear frequentemente essa adrenalina para abrandar para velocidade de passo sempre que avistei algum peregrino a p\u00e9, para n\u00e3o assustar e para passar em seguran\u00e7a.<\/p>\n<p>A chegada a Molinaseca aconteceu depois dessa grande descida. Esta localidade \u00e9-me bastante querida, pois foi aqui que iniciei a minha segunda experi\u00eancia a p\u00e9 pelo Caminho de Santiago, em 2015.<\/p>\n<p>Como eu estava muito adiantado no meu plano de viagem para hoje, decidi parar no albergue p\u00fablico de Molinaseca para comer uma sandu\u00edche que anda a passear na mochila desde Santa Croya de Tera. Eis sen\u00e3o quando que p\u00e1ra mesmo em frente ao albergue, no outro lado da rua, uma carrinha que trazia p\u00e3o e empanadas. N\u00e3o resisti e tive de substituir a sandu\u00edche por uma bela fatia&#8230; Seguida de outra&#8230; E de mais uma&#8230; A empanada eram gigante, mas o apetite aliado \u00e0 log\u00edstica chata de se guardar uma empanada numa mochila, l\u00e1 tive de tratar de tudo na hora \ud83d\ude42<\/p>\n<p>Foi nessa altura que come\u00e7ou a chuviscar. Depois de aguardar um pouco para que a chuva abrandasse, segui viagem at\u00e9 chegar a Ponferrada.<\/p>\n<p>Em Ponferrada aproveitei para regular (pela primeira vez) a press\u00e3o da suspens\u00e3o e do amortecedor, que tinham sido postos \u00e0 prova na grande descida de hoje. A mec\u00e2nica tem sido uma verdadeira aliada desta viagem: a \u00fanica manuten\u00e7\u00e3o tem mesmo sido limpar a transmiss\u00e3o (quando h\u00e1 hip\u00f3tese) e colocar \u00f3leo na corrente. Nada mais do que isto!<\/p>\n<p>Segui ent\u00e3o na dire\u00e7\u00e3o do Caminho de Inverno, deixando para tr\u00e1s o Franc\u00eas.<\/p>\n<p>A julgar pela paisagem deste primeiro dia, posso desd\u00e9m j\u00e1 dizer que este se arrisca a ser um dia mais belos que j\u00e1 fiz. Trilhos fant\u00e1sticos, paisagens deslumbrantes de cortar a respira\u00e7\u00e3o, dificuldade qb&#8230; Bela combina\u00e7\u00e3o de tudo!<\/p>\n<p>Mas foi a componente humana que j\u00e1 fez valer a pena todo este esfor\u00e7o para chegar ate ao Caminho deste Inverno. No in\u00edcio da primeira subida &#8220;a s\u00e9rio&#8221; deste segmento do Caminho de Inverno conheci o Gerome, um norte-americano de Ohio de 66 anos que est\u00e1 a fazer o Caminho e que optou pelo Caminho de Inverno. \u00c9 incr\u00edvel a experi\u00eancia que esteja senhor tem nestas aventuras e a humildade com que fala delas. E nem imaginam as hist\u00f3rias que ele tem para contar!<\/p>\n<p>A cerca de 11km, num planalto, par\u00e1mos para o Gerome repousar (traz consigo tudo, literalmente) e na troca de contacto telef\u00f3nico falo por alto sobre o que me levou a fazer o Caminho deste ano. Ainda eu n\u00e3o tinha explicado o que era, j\u00e1 o Gerome me estava a colocar na m\u00e3o uma nota de dinheiro americano! Eu ainda tentei recusar, pois n\u00e3o estava nada \u00e0 espera de tamanho gesto, por cima vindo de algu\u00e9m t\u00e3o humilde. Escusado ser\u00e1 dizer que esteja gesto me comoveu bastante e por tudo o que se falou, por toda aquela experi\u00eancia fant\u00e1stica de uma hora a conversar sobre as aventuras do Gerome, o meu Caminho, enquanto esp\u00edrito do mesmo, est\u00e1 agora completo!<\/p>\n<p>Mas eu tinha de seguir viagem e quando entretanto chegou um grupo de 5 ciclistas que supostamente estariam a fazer o Caminho, continuei.<\/p>\n<p>A chuva voltou e destas vez acompanhada por trovoada. Embora longe, o receio de ser &#8220;iluminado&#8221; deixou-me em alerta at\u00e9 que chegasse a Las Medulas.<\/p>\n<p>Umas quantas voltas at\u00e9 encontrar a Casa Socorro, onde fico alojado hoje e est\u00e1 assim feita a etapa de hoje!<\/p>\n<p>Bom Caminho!<\/p>\n<p><img decoding=\"async\" class=\"wp-image-115 alignnone size-full\" src=\"https:\/\/www.rumoasantiago.com\/interioreinverno\/files\/2017\/06\/14978923150850.jpg\" \/><br \/>\n<img decoding=\"async\" class=\"wp-image-116 alignnone size-full\" src=\"https:\/\/www.rumoasantiago.com\/interioreinverno\/files\/2017\/06\/14978923160931.jpg\" \/><br \/>\n<img decoding=\"async\" class=\"wp-image-120 alignnone size-full\" src=\"https:\/\/www.rumoasantiago.com\/interioreinverno\/files\/2017\/06\/14978923162405.jpg\" \/><br \/>\n<img decoding=\"async\" class=\"wp-image-121 alignnone size-full\" src=\"https:\/\/www.rumoasantiago.com\/interioreinverno\/files\/2017\/06\/14978923162776.jpg\" \/><br \/>\n<img decoding=\"async\" class=\"wp-image-119 alignnone size-full\" src=\"https:\/\/www.rumoasantiago.com\/interioreinverno\/files\/2017\/06\/14978923161994.jpg\" \/><br \/>\n<img decoding=\"async\" class=\"wp-image-117 alignnone size-full\" src=\"https:\/\/www.rumoasantiago.com\/interioreinverno\/files\/2017\/06\/14978923161262.jpg\" \/><br \/>\n<img decoding=\"async\" class=\"wp-image-118 alignnone size-full\" src=\"https:\/\/www.rumoasantiago.com\/interioreinverno\/files\/2017\/06\/14978923161643.jpg\" \/><\/p>\n<div class=\"al2fb_like_button\"><div id=\"fb-root\"><\/div><script type=\"text\/javascript\">\n(function(d, s, id) {\n  var js, fjs = d.getElementsByTagName(s)[0];\n  if (d.getElementById(id)) return;\n  js = d.createElement(s); js.id = id;\n  js.src = \"\/\/connect.facebook.net\/en_US\/all.js#xfbml=1&appId=118672068213591\";\n  fjs.parentNode.insertBefore(js, fjs);\n}(document, \"script\", \"facebook-jssdk\"));\n<\/script>\n<fb:like href=\"http:\/\/www.rumoasantiago.com\/interioreinverno\/etapa-11-em-pleno-inverno\/\" layout=\"button_count\" show_faces=\"true\" share=\"true\" width=\"450\" action=\"like\" font=\"arial\" colorscheme=\"light\" ref=\"AL2FB\"><\/fb:like><\/div>","protected":false},"excerpt":{"rendered":"<p>Segunda feira, 19 de Junho A visita pelo Caminho Franc\u00eas seria breve. Com o acordar por volta das 4h portuguesas, houve tempo para uma vez mais preparar com calma o pequeno almo\u00e7o e a log\u00edstica habitual da mochila e da bicicleta. Quando me meti ao Caminho j\u00e1 v\u00e1rios peregrinos caminhavam, alguns conhecidos do albergue onde [&hellip;]<\/p>\n","protected":false},"author":1,"featured_media":293,"comment_status":"open","ping_status":"open","sticky":false,"template":"","format":"standard","meta":[],"categories":[5,4,12,6],"tags":[],"yoast_head":"<!-- This site is optimized with the Yoast SEO plugin v20.10 - https:\/\/yoast.com\/wordpress\/plugins\/seo\/ -->\n<title>Etapa 11 - em pleno &quot;Inverno&quot;\u00a0 - Caminhos do Interior e de Inverno<\/title>\n<meta name=\"robots\" content=\"index, follow, max-snippet:-1, max-image-preview:large, max-video-preview:-1\" \/>\n<link rel=\"canonical\" href=\"https:\/\/www.rumoasantiago.com\/interioreinverno\/etapa-11-em-pleno-inverno\/\" \/>\n<meta name=\"twitter:card\" content=\"summary_large_image\" \/>\n<meta name=\"twitter:title\" content=\"Etapa 11 - em pleno &quot;Inverno&quot;\u00a0 - Caminhos do Interior e de Inverno\" \/>\n<meta name=\"twitter:description\" content=\"Segunda feira, 19 de Junho A visita pelo Caminho Franc\u00eas seria breve. Com o acordar por volta das 4h portuguesas, houve tempo para uma vez mais preparar com calma o pequeno almo\u00e7o e a log\u00edstica habitual da mochila e da bicicleta. Quando me meti ao Caminho j\u00e1 v\u00e1rios peregrinos caminhavam, alguns conhecidos do albergue onde [&hellip;]\" \/>\n<meta name=\"twitter:image\" content=\"http:\/\/www.rumoasantiago.com\/interioreinverno\/files\/2017\/06\/14978923150850.jpg\" \/>\n<meta name=\"twitter:label1\" content=\"Written by\" \/>\n\t<meta name=\"twitter:data1\" content=\"norberto\" \/>\n\t<meta name=\"twitter:label2\" content=\"Est. reading time\" \/>\n\t<meta name=\"twitter:data2\" content=\"5 minutes\" \/>\n<script type=\"application\/ld+json\" class=\"yoast-schema-graph\">{\"@context\":\"https:\/\/schema.org\",\"@graph\":[{\"@type\":\"WebPage\",\"@id\":\"https:\/\/www.rumoasantiago.com\/interioreinverno\/etapa-11-em-pleno-inverno\/\",\"url\":\"https:\/\/www.rumoasantiago.com\/interioreinverno\/etapa-11-em-pleno-inverno\/\",\"name\":\"Etapa 11 - em pleno \\\"Inverno\\\"\u00a0 - Caminhos do Interior e de Inverno\",\"isPartOf\":{\"@id\":\"https:\/\/www.rumoasantiago.com\/interioreinverno\/#website\"},\"datePublished\":\"2017-06-19T17:15:33+00:00\",\"dateModified\":\"2017-06-19T17:26:04+00:00\",\"author\":{\"@id\":\"https:\/\/www.rumoasantiago.com\/interioreinverno\/#\/schema\/person\/72f32049b1b85d455e20c086d02608ee\"},\"breadcrumb\":{\"@id\":\"https:\/\/www.rumoasantiago.com\/interioreinverno\/etapa-11-em-pleno-inverno\/#breadcrumb\"},\"inLanguage\":\"en-US\",\"potentialAction\":[{\"@type\":\"ReadAction\",\"target\":[\"https:\/\/www.rumoasantiago.com\/interioreinverno\/etapa-11-em-pleno-inverno\/\"]}]},{\"@type\":\"BreadcrumbList\",\"@id\":\"https:\/\/www.rumoasantiago.com\/interioreinverno\/etapa-11-em-pleno-inverno\/#breadcrumb\",\"itemListElement\":[{\"@type\":\"ListItem\",\"position\":1,\"name\":\"Home\",\"item\":\"https:\/\/www.rumoasantiago.com\/interioreinverno\/\"},{\"@type\":\"ListItem\",\"position\":2,\"name\":\"Etapa 11 &#8211; em pleno &#8220;Inverno&#8221;\u00a0\"}]},{\"@type\":\"WebSite\",\"@id\":\"https:\/\/www.rumoasantiago.com\/interioreinverno\/#website\",\"url\":\"https:\/\/www.rumoasantiago.com\/interioreinverno\/\",\"name\":\"Caminhos do Interior e de Inverno\",\"description\":\"Travessia dos Caminhos do Interior e Inverno\",\"potentialAction\":[{\"@type\":\"SearchAction\",\"target\":{\"@type\":\"EntryPoint\",\"urlTemplate\":\"https:\/\/www.rumoasantiago.com\/interioreinverno\/?s={search_term_string}\"},\"query-input\":\"required name=search_term_string\"}],\"inLanguage\":\"en-US\"},{\"@type\":\"Person\",\"@id\":\"https:\/\/www.rumoasantiago.com\/interioreinverno\/#\/schema\/person\/72f32049b1b85d455e20c086d02608ee\",\"name\":\"norberto\",\"image\":{\"@type\":\"ImageObject\",\"inLanguage\":\"en-US\",\"@id\":\"https:\/\/www.rumoasantiago.com\/interioreinverno\/#\/schema\/person\/image\/\",\"url\":\"http:\/\/2.gravatar.com\/avatar\/258e8e796306c4f0066b7a531bd3db2d?s=96&d=mm&r=g\",\"contentUrl\":\"http:\/\/2.gravatar.com\/avatar\/258e8e796306c4f0066b7a531bd3db2d?s=96&d=mm&r=g\",\"caption\":\"norberto\"},\"url\":\"http:\/\/www.rumoasantiago.com\/interioreinverno\/author\/norberto\/\"}]}<\/script>\n<!-- \/ Yoast SEO plugin. -->","yoast_head_json":{"title":"Etapa 11 - em pleno \"Inverno\"\u00a0 - Caminhos do Interior e de Inverno","robots":{"index":"index","follow":"follow","max-snippet":"max-snippet:-1","max-image-preview":"max-image-preview:large","max-video-preview":"max-video-preview:-1"},"canonical":"https:\/\/www.rumoasantiago.com\/interioreinverno\/etapa-11-em-pleno-inverno\/","twitter_card":"summary_large_image","twitter_title":"Etapa 11 - em pleno \"Inverno\"\u00a0 - Caminhos do Interior e de Inverno","twitter_description":"Segunda feira, 19 de Junho A visita pelo Caminho Franc\u00eas seria breve. Com o acordar por volta das 4h portuguesas, houve tempo para uma vez mais preparar com calma o pequeno almo\u00e7o e a log\u00edstica habitual da mochila e da bicicleta. Quando me meti ao Caminho j\u00e1 v\u00e1rios peregrinos caminhavam, alguns conhecidos do albergue onde [&hellip;]","twitter_image":"http:\/\/www.rumoasantiago.com\/interioreinverno\/files\/2017\/06\/14978923150850.jpg","twitter_misc":{"Written by":"norberto","Est. reading time":"5 minutes"},"schema":{"@context":"https:\/\/schema.org","@graph":[{"@type":"WebPage","@id":"https:\/\/www.rumoasantiago.com\/interioreinverno\/etapa-11-em-pleno-inverno\/","url":"https:\/\/www.rumoasantiago.com\/interioreinverno\/etapa-11-em-pleno-inverno\/","name":"Etapa 11 - em pleno \"Inverno\"\u00a0 - Caminhos do Interior e de Inverno","isPartOf":{"@id":"https:\/\/www.rumoasantiago.com\/interioreinverno\/#website"},"datePublished":"2017-06-19T17:15:33+00:00","dateModified":"2017-06-19T17:26:04+00:00","author":{"@id":"https:\/\/www.rumoasantiago.com\/interioreinverno\/#\/schema\/person\/72f32049b1b85d455e20c086d02608ee"},"breadcrumb":{"@id":"https:\/\/www.rumoasantiago.com\/interioreinverno\/etapa-11-em-pleno-inverno\/#breadcrumb"},"inLanguage":"en-US","potentialAction":[{"@type":"ReadAction","target":["https:\/\/www.rumoasantiago.com\/interioreinverno\/etapa-11-em-pleno-inverno\/"]}]},{"@type":"BreadcrumbList","@id":"https:\/\/www.rumoasantiago.com\/interioreinverno\/etapa-11-em-pleno-inverno\/#breadcrumb","itemListElement":[{"@type":"ListItem","position":1,"name":"Home","item":"https:\/\/www.rumoasantiago.com\/interioreinverno\/"},{"@type":"ListItem","position":2,"name":"Etapa 11 &#8211; em pleno &#8220;Inverno&#8221;\u00a0"}]},{"@type":"WebSite","@id":"https:\/\/www.rumoasantiago.com\/interioreinverno\/#website","url":"https:\/\/www.rumoasantiago.com\/interioreinverno\/","name":"Caminhos do Interior e de Inverno","description":"Travessia dos Caminhos do Interior e Inverno","potentialAction":[{"@type":"SearchAction","target":{"@type":"EntryPoint","urlTemplate":"https:\/\/www.rumoasantiago.com\/interioreinverno\/?s={search_term_string}"},"query-input":"required name=search_term_string"}],"inLanguage":"en-US"},{"@type":"Person","@id":"https:\/\/www.rumoasantiago.com\/interioreinverno\/#\/schema\/person\/72f32049b1b85d455e20c086d02608ee","name":"norberto","image":{"@type":"ImageObject","inLanguage":"en-US","@id":"https:\/\/www.rumoasantiago.com\/interioreinverno\/#\/schema\/person\/image\/","url":"http:\/\/2.gravatar.com\/avatar\/258e8e796306c4f0066b7a531bd3db2d?s=96&d=mm&r=g","contentUrl":"http:\/\/2.gravatar.com\/avatar\/258e8e796306c4f0066b7a531bd3db2d?s=96&d=mm&r=g","caption":"norberto"},"url":"http:\/\/www.rumoasantiago.com\/interioreinverno\/author\/norberto\/"}]}},"publishpress_future_action":{"enabled":false,"date":"0","action":"","terms":[],"taxonomy":""},"_links":{"self":[{"href":"http:\/\/www.rumoasantiago.com\/interioreinverno\/wp-json\/wp\/v2\/posts\/301"}],"collection":[{"href":"http:\/\/www.rumoasantiago.com\/interioreinverno\/wp-json\/wp\/v2\/posts"}],"about":[{"href":"http:\/\/www.rumoasantiago.com\/interioreinverno\/wp-json\/wp\/v2\/types\/post"}],"author":[{"embeddable":true,"href":"http:\/\/www.rumoasantiago.com\/interioreinverno\/wp-json\/wp\/v2\/users\/1"}],"replies":[{"embeddable":true,"href":"http:\/\/www.rumoasantiago.com\/interioreinverno\/wp-json\/wp\/v2\/comments?post=301"}],"version-history":[{"count":2,"href":"http:\/\/www.rumoasantiago.com\/interioreinverno\/wp-json\/wp\/v2\/posts\/301\/revisions"}],"predecessor-version":[{"id":303,"href":"http:\/\/www.rumoasantiago.com\/interioreinverno\/wp-json\/wp\/v2\/posts\/301\/revisions\/303"}],"wp:featuredmedia":[{"embeddable":true,"href":"http:\/\/www.rumoasantiago.com\/interioreinverno\/wp-json\/wp\/v2\/media\/293"}],"wp:attachment":[{"href":"http:\/\/www.rumoasantiago.com\/interioreinverno\/wp-json\/wp\/v2\/media?parent=301"}],"wp:term":[{"taxonomy":"category","embeddable":true,"href":"http:\/\/www.rumoasantiago.com\/interioreinverno\/wp-json\/wp\/v2\/categories?post=301"},{"taxonomy":"post_tag","embeddable":true,"href":"http:\/\/www.rumoasantiago.com\/interioreinverno\/wp-json\/wp\/v2\/tags?post=301"}],"curies":[{"name":"wp","href":"https:\/\/api.w.org\/{rel}","templated":true}]}}