{"id":282,"date":"2017-06-17T15:07:49","date_gmt":"2017-06-17T15:07:49","guid":{"rendered":"https:\/\/www.rumoasantiago.com\/interioreinverno\/?p=282"},"modified":"2017-06-17T15:11:46","modified_gmt":"2017-06-17T15:11:46","slug":"etapa-9-a-voar-pelas-planicies","status":"publish","type":"post","link":"http:\/\/www.rumoasantiago.com\/interioreinverno\/etapa-9-a-voar-pelas-planicies\/","title":{"rendered":"Etapa 9 &#8211; a voar pelas plan\u00edcies\u00a0"},"content":{"rendered":"<p>S\u00e1bado, 17 de Junho. O gr\u00e1fico de altimetria para hoje n\u00e3o enganou: com um percurso tendencialmente em descida, salpicado por subidas pontuais que s\u00e3o facilmente transponiveis, foi poss\u00edvel fazer uma etapa sem grande stress ou dificuldade.<\/p>\n<p>O despertar foi antecipado em 15 minutos (4h30 da manh\u00e3, hora portuguesa), para permitir estar a rolar aos primeiros raios de luz. A log\u00edstica de arrumar a mochila, preparar e tomar o pequeno almo\u00e7o e tratar de pequenos pormenores da bicicleta tomam sempre 1h a 1h15, da\u00ed que antecipa\u00e7\u00e3o. Al\u00e9m do mais \u00e9 j\u00e1 um exerc\u00edcio de prepara\u00e7\u00e3o para o pr\u00f3ximo dia 24, em que deverei come\u00e7ar a pedalar por volta das 4h da manh\u00e3 (com a ajuda de um kit de luzes), para a grande etapa.<\/p>\n<p>Hoje foram-se poucos os peregrinos com que me cruzei. Contudo, numa das plan\u00edcies (longas plan\u00edcies) que esta etapa tem cruzei-me com um peregrino que est\u00e1 a fazer a Via de la Plata desde Sevilha e com quem troquei uns minutos de conversa.<\/p>\n<p>Pelo meio, salvo erro a caminho de Mombuey, passei naquilo que deve ser o para\u00edso dos coelhos :). \u00c0 minha frente estavam constantemente a saltar e \u00e0 atravessar o caminho e aqueles que n\u00e3o se viam, faziam-se ouvir na vegeta\u00e7\u00e3o seca.<\/p>\n<p>A chegada a Santa Croya de Tera deu-se por volta das 12h e hoje, n\u00e3o obstante o facto de haver condi\u00e7\u00f5es para seguir (e poupar alguns quil\u00f3metros \u00e0 etapa de amanh\u00e3), tratando-se do albergue Casa Anita nem pensei em continuar. Este albergue tem sido sempre muito confort\u00e1vel e s\u00e3o sempre simp\u00e1ticos com os peregrinos. Ainda assim esteja ano parece ser um pouco at\u00edpico: o albergue tem bastante gente (at\u00e9 um peregrino de burro!), ao passo que ha exatamente um ano partilh\u00e1mos o quarto com apenas mais um ou dois peregrinos. Infelizmente o albergue j\u00e1 n\u00e3o serve refei\u00e7\u00f5es, que era um dos pontos fortes (para al\u00e9m de ser uma boa oportunidade para conversar com outros peregrinos, a comida era deliciosa!).<\/p>\n<p>Pelo albergue est\u00e3o hoje v\u00e1rios &#8220;bicigrinos&#8221;, acompanhados por viaturas de apoio, contrastando com a maioria dos bicigrinos que j\u00e1 vi ao longo deste Caminho.<\/p>\n<p>Por pontaria nas datas, hoje \u00e9 novamente dia de festa na freguesia (estive aqui h\u00e1 exatamente um ano). Por isso espera-se alguma anima\u00e7\u00e3o pelas povoa\u00e7\u00e3o. Seguimos porventura virem a fazer este Caminho nesta altura, n\u00e3o vos recomendo o albergue municipal, dado que fica no epicentro da festa (pelo ru\u00eddo e eventuais desacatos t\u00edpicos).<\/p>\n<p>J\u00e1 agora, Santa Croya de Tera tem uma praia fluvial espetacular. Se vierem com tempo e disposi\u00e7\u00e3o, tragam vestu\u00e1rio apropriado :), com este valor vale muito a pena!<\/p>\n<p>Bom Caminho<\/p>\n<p><img decoding=\"async\" class=\"wp-image-51 alignnone size-full\" src=\"https:\/\/www.rumoasantiago.com\/interioreinverno\/files\/2017\/06\/14977116986730.jpg\" \/><br \/>\n<img decoding=\"async\" class=\"wp-image-53 alignnone size-full\" src=\"https:\/\/www.rumoasantiago.com\/interioreinverno\/files\/2017\/06\/14977116988152.jpg\" \/><br \/>\n<img decoding=\"async\" class=\"wp-image-54 alignnone size-full\" src=\"https:\/\/www.rumoasantiago.com\/interioreinverno\/files\/2017\/06\/14977116988793.jpg\" \/><br \/>\n<img decoding=\"async\" class=\"wp-image-52 alignnone size-full\" src=\"https:\/\/www.rumoasantiago.com\/interioreinverno\/files\/2017\/06\/14977116987441.jpg\" \/><br \/>\n<img decoding=\"async\" class=\"wp-image-58 alignnone size-full\" src=\"https:\/\/www.rumoasantiago.com\/interioreinverno\/files\/2017\/06\/14977116992857.jpg\" \/><br \/>\n<img decoding=\"async\" class=\"wp-image-55 alignnone size-full\" src=\"https:\/\/www.rumoasantiago.com\/interioreinverno\/files\/2017\/06\/14977116989384.jpg\" \/><br \/>\n<img decoding=\"async\" class=\"wp-image-57 alignnone size-full\" src=\"https:\/\/www.rumoasantiago.com\/interioreinverno\/files\/2017\/06\/14977116992556.jpg\" \/><br \/>\n<img decoding=\"async\" class=\"wp-image-56 alignnone size-full\" src=\"https:\/\/www.rumoasantiago.com\/interioreinverno\/files\/2017\/06\/14977116992265.jpg\" \/><\/p>\n<div class=\"al2fb_like_button\"><div id=\"fb-root\"><\/div><script type=\"text\/javascript\">\n(function(d, s, id) {\n  var js, fjs = d.getElementsByTagName(s)[0];\n  if (d.getElementById(id)) return;\n  js = d.createElement(s); js.id = id;\n  js.src = \"\/\/connect.facebook.net\/en_US\/all.js#xfbml=1&appId=118672068213591\";\n  fjs.parentNode.insertBefore(js, fjs);\n}(document, \"script\", \"facebook-jssdk\"));\n<\/script>\n<fb:like href=\"http:\/\/www.rumoasantiago.com\/interioreinverno\/etapa-9-a-voar-pelas-planicies\/\" layout=\"button_count\" show_faces=\"true\" share=\"true\" width=\"450\" action=\"like\" font=\"arial\" colorscheme=\"light\" ref=\"AL2FB\"><\/fb:like><\/div>","protected":false},"excerpt":{"rendered":"<p>S\u00e1bado, 17 de Junho. O gr\u00e1fico de altimetria para hoje n\u00e3o enganou: com um percurso tendencialmente em descida, salpicado por subidas pontuais que s\u00e3o facilmente transponiveis, foi poss\u00edvel fazer uma etapa sem grande stress ou dificuldade. O despertar foi antecipado em 15 minutos (4h30 da manh\u00e3, hora portuguesa), para permitir estar a rolar aos primeiros [&hellip;]<\/p>\n","protected":false},"author":1,"featured_media":275,"comment_status":"open","ping_status":"open","sticky":false,"template":"","format":"standard","meta":[],"categories":[5,4,12,6],"tags":[],"yoast_head":"<!-- This site is optimized with the Yoast SEO plugin v20.10 - https:\/\/yoast.com\/wordpress\/plugins\/seo\/ -->\n<title>Etapa 9 - a voar pelas plan\u00edcies\u00a0 - Caminhos do Interior e de Inverno<\/title>\n<meta name=\"robots\" content=\"index, follow, max-snippet:-1, max-image-preview:large, max-video-preview:-1\" \/>\n<link rel=\"canonical\" href=\"http:\/\/www.rumoasantiago.com\/interioreinverno\/etapa-9-a-voar-pelas-planicies\/\" \/>\n<meta name=\"twitter:card\" content=\"summary_large_image\" \/>\n<meta name=\"twitter:title\" content=\"Etapa 9 - a voar pelas plan\u00edcies\u00a0 - Caminhos do Interior e de Inverno\" \/>\n<meta name=\"twitter:description\" content=\"S\u00e1bado, 17 de Junho. O gr\u00e1fico de altimetria para hoje n\u00e3o enganou: com um percurso tendencialmente em descida, salpicado por subidas pontuais que s\u00e3o facilmente transponiveis, foi poss\u00edvel fazer uma etapa sem grande stress ou dificuldade. O despertar foi antecipado em 15 minutos (4h30 da manh\u00e3, hora portuguesa), para permitir estar a rolar aos primeiros [&hellip;]\" \/>\n<meta name=\"twitter:image\" content=\"http:\/\/www.rumoasantiago.com\/interioreinverno\/files\/2017\/06\/14977116987441.jpg\" \/>\n<meta name=\"twitter:label1\" content=\"Written by\" \/>\n\t<meta name=\"twitter:data1\" content=\"norberto\" \/>\n\t<meta name=\"twitter:label2\" content=\"Est. reading time\" \/>\n\t<meta name=\"twitter:data2\" content=\"2 minutes\" \/>\n<script type=\"application\/ld+json\" class=\"yoast-schema-graph\">{\"@context\":\"https:\/\/schema.org\",\"@graph\":[{\"@type\":\"WebPage\",\"@id\":\"http:\/\/www.rumoasantiago.com\/interioreinverno\/etapa-9-a-voar-pelas-planicies\/\",\"url\":\"http:\/\/www.rumoasantiago.com\/interioreinverno\/etapa-9-a-voar-pelas-planicies\/\",\"name\":\"Etapa 9 - a voar pelas plan\u00edcies\u00a0 - Caminhos do Interior e de Inverno\",\"isPartOf\":{\"@id\":\"https:\/\/www.rumoasantiago.com\/interioreinverno\/#website\"},\"datePublished\":\"2017-06-17T15:07:49+00:00\",\"dateModified\":\"2017-06-17T15:11:46+00:00\",\"author\":{\"@id\":\"https:\/\/www.rumoasantiago.com\/interioreinverno\/#\/schema\/person\/72f32049b1b85d455e20c086d02608ee\"},\"breadcrumb\":{\"@id\":\"http:\/\/www.rumoasantiago.com\/interioreinverno\/etapa-9-a-voar-pelas-planicies\/#breadcrumb\"},\"inLanguage\":\"en-US\",\"potentialAction\":[{\"@type\":\"ReadAction\",\"target\":[\"http:\/\/www.rumoasantiago.com\/interioreinverno\/etapa-9-a-voar-pelas-planicies\/\"]}]},{\"@type\":\"BreadcrumbList\",\"@id\":\"http:\/\/www.rumoasantiago.com\/interioreinverno\/etapa-9-a-voar-pelas-planicies\/#breadcrumb\",\"itemListElement\":[{\"@type\":\"ListItem\",\"position\":1,\"name\":\"Home\",\"item\":\"https:\/\/www.rumoasantiago.com\/interioreinverno\/\"},{\"@type\":\"ListItem\",\"position\":2,\"name\":\"Etapa 9 &#8211; a voar pelas plan\u00edcies\u00a0\"}]},{\"@type\":\"WebSite\",\"@id\":\"https:\/\/www.rumoasantiago.com\/interioreinverno\/#website\",\"url\":\"https:\/\/www.rumoasantiago.com\/interioreinverno\/\",\"name\":\"Caminhos do Interior e de Inverno\",\"description\":\"Travessia dos Caminhos do Interior e Inverno\",\"potentialAction\":[{\"@type\":\"SearchAction\",\"target\":{\"@type\":\"EntryPoint\",\"urlTemplate\":\"https:\/\/www.rumoasantiago.com\/interioreinverno\/?s={search_term_string}\"},\"query-input\":\"required name=search_term_string\"}],\"inLanguage\":\"en-US\"},{\"@type\":\"Person\",\"@id\":\"https:\/\/www.rumoasantiago.com\/interioreinverno\/#\/schema\/person\/72f32049b1b85d455e20c086d02608ee\",\"name\":\"norberto\",\"image\":{\"@type\":\"ImageObject\",\"inLanguage\":\"en-US\",\"@id\":\"https:\/\/www.rumoasantiago.com\/interioreinverno\/#\/schema\/person\/image\/\",\"url\":\"http:\/\/2.gravatar.com\/avatar\/258e8e796306c4f0066b7a531bd3db2d?s=96&d=mm&r=g\",\"contentUrl\":\"http:\/\/2.gravatar.com\/avatar\/258e8e796306c4f0066b7a531bd3db2d?s=96&d=mm&r=g\",\"caption\":\"norberto\"},\"url\":\"http:\/\/www.rumoasantiago.com\/interioreinverno\/author\/norberto\/\"}]}<\/script>\n<!-- \/ Yoast SEO plugin. -->","yoast_head_json":{"title":"Etapa 9 - a voar pelas plan\u00edcies\u00a0 - Caminhos do Interior e de Inverno","robots":{"index":"index","follow":"follow","max-snippet":"max-snippet:-1","max-image-preview":"max-image-preview:large","max-video-preview":"max-video-preview:-1"},"canonical":"http:\/\/www.rumoasantiago.com\/interioreinverno\/etapa-9-a-voar-pelas-planicies\/","twitter_card":"summary_large_image","twitter_title":"Etapa 9 - a voar pelas plan\u00edcies\u00a0 - Caminhos do Interior e de Inverno","twitter_description":"S\u00e1bado, 17 de Junho. O gr\u00e1fico de altimetria para hoje n\u00e3o enganou: com um percurso tendencialmente em descida, salpicado por subidas pontuais que s\u00e3o facilmente transponiveis, foi poss\u00edvel fazer uma etapa sem grande stress ou dificuldade. O despertar foi antecipado em 15 minutos (4h30 da manh\u00e3, hora portuguesa), para permitir estar a rolar aos primeiros [&hellip;]","twitter_image":"http:\/\/www.rumoasantiago.com\/interioreinverno\/files\/2017\/06\/14977116987441.jpg","twitter_misc":{"Written by":"norberto","Est. reading time":"2 minutes"},"schema":{"@context":"https:\/\/schema.org","@graph":[{"@type":"WebPage","@id":"http:\/\/www.rumoasantiago.com\/interioreinverno\/etapa-9-a-voar-pelas-planicies\/","url":"http:\/\/www.rumoasantiago.com\/interioreinverno\/etapa-9-a-voar-pelas-planicies\/","name":"Etapa 9 - a voar pelas plan\u00edcies\u00a0 - Caminhos do Interior e de Inverno","isPartOf":{"@id":"https:\/\/www.rumoasantiago.com\/interioreinverno\/#website"},"datePublished":"2017-06-17T15:07:49+00:00","dateModified":"2017-06-17T15:11:46+00:00","author":{"@id":"https:\/\/www.rumoasantiago.com\/interioreinverno\/#\/schema\/person\/72f32049b1b85d455e20c086d02608ee"},"breadcrumb":{"@id":"http:\/\/www.rumoasantiago.com\/interioreinverno\/etapa-9-a-voar-pelas-planicies\/#breadcrumb"},"inLanguage":"en-US","potentialAction":[{"@type":"ReadAction","target":["http:\/\/www.rumoasantiago.com\/interioreinverno\/etapa-9-a-voar-pelas-planicies\/"]}]},{"@type":"BreadcrumbList","@id":"http:\/\/www.rumoasantiago.com\/interioreinverno\/etapa-9-a-voar-pelas-planicies\/#breadcrumb","itemListElement":[{"@type":"ListItem","position":1,"name":"Home","item":"https:\/\/www.rumoasantiago.com\/interioreinverno\/"},{"@type":"ListItem","position":2,"name":"Etapa 9 &#8211; a voar pelas plan\u00edcies\u00a0"}]},{"@type":"WebSite","@id":"https:\/\/www.rumoasantiago.com\/interioreinverno\/#website","url":"https:\/\/www.rumoasantiago.com\/interioreinverno\/","name":"Caminhos do Interior e de Inverno","description":"Travessia dos Caminhos do Interior e Inverno","potentialAction":[{"@type":"SearchAction","target":{"@type":"EntryPoint","urlTemplate":"https:\/\/www.rumoasantiago.com\/interioreinverno\/?s={search_term_string}"},"query-input":"required name=search_term_string"}],"inLanguage":"en-US"},{"@type":"Person","@id":"https:\/\/www.rumoasantiago.com\/interioreinverno\/#\/schema\/person\/72f32049b1b85d455e20c086d02608ee","name":"norberto","image":{"@type":"ImageObject","inLanguage":"en-US","@id":"https:\/\/www.rumoasantiago.com\/interioreinverno\/#\/schema\/person\/image\/","url":"http:\/\/2.gravatar.com\/avatar\/258e8e796306c4f0066b7a531bd3db2d?s=96&d=mm&r=g","contentUrl":"http:\/\/2.gravatar.com\/avatar\/258e8e796306c4f0066b7a531bd3db2d?s=96&d=mm&r=g","caption":"norberto"},"url":"http:\/\/www.rumoasantiago.com\/interioreinverno\/author\/norberto\/"}]}},"publishpress_future_action":{"enabled":false,"date":"0","action":"","terms":[],"taxonomy":""},"_links":{"self":[{"href":"http:\/\/www.rumoasantiago.com\/interioreinverno\/wp-json\/wp\/v2\/posts\/282"}],"collection":[{"href":"http:\/\/www.rumoasantiago.com\/interioreinverno\/wp-json\/wp\/v2\/posts"}],"about":[{"href":"http:\/\/www.rumoasantiago.com\/interioreinverno\/wp-json\/wp\/v2\/types\/post"}],"author":[{"embeddable":true,"href":"http:\/\/www.rumoasantiago.com\/interioreinverno\/wp-json\/wp\/v2\/users\/1"}],"replies":[{"embeddable":true,"href":"http:\/\/www.rumoasantiago.com\/interioreinverno\/wp-json\/wp\/v2\/comments?post=282"}],"version-history":[{"count":2,"href":"http:\/\/www.rumoasantiago.com\/interioreinverno\/wp-json\/wp\/v2\/posts\/282\/revisions"}],"predecessor-version":[{"id":284,"href":"http:\/\/www.rumoasantiago.com\/interioreinverno\/wp-json\/wp\/v2\/posts\/282\/revisions\/284"}],"wp:featuredmedia":[{"embeddable":true,"href":"http:\/\/www.rumoasantiago.com\/interioreinverno\/wp-json\/wp\/v2\/media\/275"}],"wp:attachment":[{"href":"http:\/\/www.rumoasantiago.com\/interioreinverno\/wp-json\/wp\/v2\/media?parent=282"}],"wp:term":[{"taxonomy":"category","embeddable":true,"href":"http:\/\/www.rumoasantiago.com\/interioreinverno\/wp-json\/wp\/v2\/categories?post=282"},{"taxonomy":"post_tag","embeddable":true,"href":"http:\/\/www.rumoasantiago.com\/interioreinverno\/wp-json\/wp\/v2\/tags?post=282"}],"curies":[{"name":"wp","href":"https:\/\/api.w.org\/{rel}","templated":true}]}}