{"id":247,"date":"2017-06-14T20:12:51","date_gmt":"2017-06-14T20:12:51","guid":{"rendered":"https:\/\/www.rumoasantiago.com\/interioreinverno\/?p=247"},"modified":"2017-06-14T20:21:46","modified_gmt":"2017-06-14T20:21:46","slug":"etapa-6-para-a-esquerda-ou-para-a-direita","status":"publish","type":"post","link":"http:\/\/www.rumoasantiago.com\/interioreinverno\/etapa-6-para-a-esquerda-ou-para-a-direita\/","title":{"rendered":"Etapa 6 &#8211; para a esquerda ou para a direita?\u00a0"},"content":{"rendered":"<p>14 de Junho, quarta feira.<\/p>\n<p>O acordar foi novamente bastante cedo. Contudo, hoje n\u00e3o me esperava chuva, tanto que o c\u00e9u se mostrava limpo e com o azul a surgir \u00e0 medida que o sol nascia.<\/p>\n<p>Os primeiros 3 quil\u00f3metros foram &#8220;excelentes&#8221; para aquecer: o alcatr\u00e3o que abandona a aldeia depressa deu lugar a um estrad\u00e3o \u00edngreme que melhor aproximou da povoa\u00e7\u00e3o do Assento, onde a primeira paragem aconteceu para saldar a d\u00edvida do albergue \/ jantar no Centro Paroquial de Santa Eul\u00e1lia.<\/p>\n<p>Da\u00ed o percurso desce vertiginosamente (com todas as letras!) at\u00e9 ao vale onde encontro novamente vinhas. Aqui surge a primeira confus\u00e3o com o trilho: 30 metros pelo estrad\u00e3o da vinha depressa mostraram que esses n\u00e3o era o caminho. Contudo, ao subir esse pequeno trajeto n\u00e3o avistei nem setas&#8230; nem trilho. Se n\u00e3o fosse um senhor que estava por perto a tratar da horta, iria ter dificuldade em perceber que o Caminho era o muro!<\/p>\n<p>Foram larfis metros entre equilibrismo e desbaste de vegeta\u00e7\u00e3o para progredir.<\/p>\n<p>Mais \u00e0 frente na vinha, e at\u00e9 alcan\u00e7ar a estrada, foi um reviver d\u00e1 chegada a Bertelo: uma encosta \u00edngreme, a empurrar a bicicleta.<\/p>\n<p>O percurso de hoje teria mais algumas surpresas deste g\u00e9nero, incluindo um trilho de pedra pelo qual corria \u00e1gua.<\/p>\n<p>De qualquer modo uma boa parte dos trilhos de hoje eram cicl\u00e1veis, em particular o percurso final que \u00e9 feito sobre uma antiga linha de comboio, tamb\u00e9m reformulada como ecopista.<\/p>\n<p>Feitas as contas, a chegada a Parada de Aguiar aconteceu bastante antes do inicialmente previsto. Aqui ainda ponderei continuar, mas como a cidade de Chaves n\u00e3o disp\u00f5e de albergue e como o albergue de Parada de Aguiar \u00e9 uma refer\u00eancia (merecida, diga-se) no Caminho do Interior, dei o dia por terminado.<\/p>\n<p>Dum modo geral esta devem ter sido a etapa onde a sinaliza\u00e7\u00e3o esteve menos bem. Aparte de n\u00e3o existirem alternativas marcadas para ciclistas, existem v\u00e1rios pontos que requerem muita aten\u00e7\u00e3o para garantir que se est\u00e1 no Caminho. Com GPS essa parte \u00e9 relativamente f\u00e1cil, mas sem \u00e0 tecnologia d\u00e3o-ze casos como o de uma peregrina que esteve no albergue de Parada de Aguiar h\u00e1 dois dias atr\u00e1s e que se perdeu no Caminho, o que resultou numa caminhada entre Vila Real e Parada desde as 7h da manh\u00e3 at\u00e9 \u00e0s 22h30.<\/p>\n<p>Como nota: n\u00e3o s\u00f3 o albergue \u00e9 mesmo muito bom, como as pessoas desta aldeia s\u00e3o muito acolhedoras. A D. Adelaide \u00e9 uma j\u00f3ia de pessoa, chegando inclusivamente a sugerir dar-me comida se eu n\u00e3o quisesse sair da zona do albergue (o restaurante mais pr\u00f3ximo fica a alguns quil\u00f3metros de dist\u00e2ncia). At\u00e9 o senhor que passa pela aldeia para vender congelados me quis oferecer os gelados que pretendia comprar, por n\u00e3o ter o troco necess\u00e1rio para me dar. Enfim, s\u00e3o estas pequenas coisas que se levam do Caminho!<\/p>\n<p>Amanh\u00e3 finalmente cruzo a fronteira. O destino ser\u00e1 Verin e espero que a\u00ed comece finalmente a ver peregrinos. Depois disso s\u00f3 voltarei a pisar terras lusitanas no dia 24, quando regressar a Braga na etapa final.<\/p>\n<p>Bom Caminho!<\/p>\n<p><img decoding=\"async\" class=\"wp-image-266 alignnone size-full\" src=\"https:\/\/www.rumoasantiago.com\/interioreinverno\/files\/2017\/06\/14974707312690.jpg\" \/><br \/>\n<img decoding=\"async\" class=\"wp-image-267 alignnone size-full\" src=\"https:\/\/www.rumoasantiago.com\/interioreinverno\/files\/2017\/06\/14974707313961.jpg\" \/><br \/>\n<img decoding=\"async\" class=\"wp-image-269 alignnone size-full\" src=\"https:\/\/www.rumoasantiago.com\/interioreinverno\/files\/2017\/06\/14974707320423.jpg\" \/><br \/>\n<img decoding=\"async\" class=\"wp-image-268 alignnone size-full\" src=\"https:\/\/www.rumoasantiago.com\/interioreinverno\/files\/2017\/06\/14974707318562.jpg\" \/><br \/>\n<img decoding=\"async\" class=\"wp-image-272 alignnone size-full\" src=\"https:\/\/www.rumoasantiago.com\/interioreinverno\/files\/2017\/06\/14974707324196.jpg\" \/><br \/>\n<img decoding=\"async\" class=\"wp-image-274 alignnone size-full\" src=\"https:\/\/www.rumoasantiago.com\/interioreinverno\/files\/2017\/06\/14974707324898.jpg\" \/><br \/>\n<img decoding=\"async\" class=\"wp-image-273 alignnone size-full\" src=\"https:\/\/www.rumoasantiago.com\/interioreinverno\/files\/2017\/06\/14974707324577.jpg\" \/><br \/>\n<img decoding=\"async\" class=\"wp-image-275 alignnone size-full\" src=\"https:\/\/www.rumoasantiago.com\/interioreinverno\/files\/2017\/06\/14974707325219.jpg\" \/><br \/>\n<img decoding=\"async\" class=\"wp-image-271 alignnone size-full\" src=\"https:\/\/www.rumoasantiago.com\/interioreinverno\/files\/2017\/06\/14974707323865.jpg\" \/><br \/>\n<img decoding=\"async\" class=\"wp-image-270 alignnone size-full\" src=\"https:\/\/www.rumoasantiago.com\/interioreinverno\/files\/2017\/06\/14974707323554.jpg\" \/><br \/>\n<img decoding=\"async\" class=\"wp-image-276 alignnone size-full\" src=\"https:\/\/www.rumoasantiago.com\/interioreinverno\/files\/2017\/06\/14974707325610.jpg\" \/><br \/>\n<img decoding=\"async\" class=\"wp-image-277 alignnone size-full\" src=\"https:\/\/www.rumoasantiago.com\/interioreinverno\/files\/2017\/06\/14974707325931.jpg\" \/><br \/>\n<img decoding=\"async\" class=\"wp-image-279 alignnone size-full\" src=\"https:\/\/www.rumoasantiago.com\/interioreinverno\/files\/2017\/06\/14974707328693.jpg\" \/><br \/>\n<img decoding=\"async\" class=\"wp-image-278 alignnone size-full\" src=\"https:\/\/www.rumoasantiago.com\/interioreinverno\/files\/2017\/06\/14974707326222.jpg\" \/><\/p>\n<div class=\"al2fb_like_button\"><div id=\"fb-root\"><\/div><script type=\"text\/javascript\">\n(function(d, s, id) {\n  var js, fjs = d.getElementsByTagName(s)[0];\n  if (d.getElementById(id)) return;\n  js = d.createElement(s); js.id = id;\n  js.src = \"\/\/connect.facebook.net\/en_US\/all.js#xfbml=1&appId=118672068213591\";\n  fjs.parentNode.insertBefore(js, fjs);\n}(document, \"script\", \"facebook-jssdk\"));\n<\/script>\n<fb:like href=\"http:\/\/www.rumoasantiago.com\/interioreinverno\/etapa-6-para-a-esquerda-ou-para-a-direita\/\" layout=\"button_count\" show_faces=\"true\" share=\"true\" width=\"450\" action=\"like\" font=\"arial\" colorscheme=\"light\" ref=\"AL2FB\"><\/fb:like><\/div>","protected":false},"excerpt":{"rendered":"<p>14 de Junho, quarta feira. O acordar foi novamente bastante cedo. Contudo, hoje n\u00e3o me esperava chuva, tanto que o c\u00e9u se mostrava limpo e com o azul a surgir \u00e0 medida que o sol nascia. Os primeiros 3 quil\u00f3metros foram &#8220;excelentes&#8221; para aquecer: o alcatr\u00e3o que abandona a aldeia depressa deu lugar a um [&hellip;]<\/p>\n","protected":false},"author":1,"featured_media":238,"comment_status":"open","ping_status":"open","sticky":false,"template":"","format":"standard","meta":[],"categories":[5,4,12,6],"tags":[],"yoast_head":"<!-- This site is optimized with the Yoast SEO plugin v20.10 - https:\/\/yoast.com\/wordpress\/plugins\/seo\/ -->\n<title>Etapa 6 - para a esquerda ou para a direita?\u00a0 - Caminhos do Interior e de Inverno<\/title>\n<meta name=\"robots\" content=\"index, follow, max-snippet:-1, max-image-preview:large, max-video-preview:-1\" \/>\n<link rel=\"canonical\" href=\"https:\/\/www.rumoasantiago.com\/interioreinverno\/etapa-6-para-a-esquerda-ou-para-a-direita\/\" \/>\n<meta name=\"twitter:card\" content=\"summary_large_image\" \/>\n<meta name=\"twitter:title\" content=\"Etapa 6 - para a esquerda ou para a direita?\u00a0 - Caminhos do Interior e de Inverno\" \/>\n<meta name=\"twitter:description\" content=\"14 de Junho, quarta feira. O acordar foi novamente bastante cedo. Contudo, hoje n\u00e3o me esperava chuva, tanto que o c\u00e9u se mostrava limpo e com o azul a surgir \u00e0 medida que o sol nascia. Os primeiros 3 quil\u00f3metros foram &#8220;excelentes&#8221; para aquecer: o alcatr\u00e3o que abandona a aldeia depressa deu lugar a um [&hellip;]\" \/>\n<meta name=\"twitter:image\" content=\"http:\/\/www.rumoasantiago.com\/interioreinverno\/files\/2017\/06\/14974707325931.jpg\" \/>\n<meta name=\"twitter:label1\" content=\"Written by\" \/>\n\t<meta name=\"twitter:data1\" content=\"norberto\" \/>\n\t<meta name=\"twitter:label2\" content=\"Est. reading time\" \/>\n\t<meta name=\"twitter:data2\" content=\"3 minutes\" \/>\n<script type=\"application\/ld+json\" class=\"yoast-schema-graph\">{\"@context\":\"https:\/\/schema.org\",\"@graph\":[{\"@type\":\"WebPage\",\"@id\":\"https:\/\/www.rumoasantiago.com\/interioreinverno\/etapa-6-para-a-esquerda-ou-para-a-direita\/\",\"url\":\"https:\/\/www.rumoasantiago.com\/interioreinverno\/etapa-6-para-a-esquerda-ou-para-a-direita\/\",\"name\":\"Etapa 6 - para a esquerda ou para a direita?\u00a0 - Caminhos do Interior e de Inverno\",\"isPartOf\":{\"@id\":\"https:\/\/www.rumoasantiago.com\/interioreinverno\/#website\"},\"datePublished\":\"2017-06-14T20:12:51+00:00\",\"dateModified\":\"2017-06-14T20:21:46+00:00\",\"author\":{\"@id\":\"https:\/\/www.rumoasantiago.com\/interioreinverno\/#\/schema\/person\/72f32049b1b85d455e20c086d02608ee\"},\"breadcrumb\":{\"@id\":\"https:\/\/www.rumoasantiago.com\/interioreinverno\/etapa-6-para-a-esquerda-ou-para-a-direita\/#breadcrumb\"},\"inLanguage\":\"en-US\",\"potentialAction\":[{\"@type\":\"ReadAction\",\"target\":[\"https:\/\/www.rumoasantiago.com\/interioreinverno\/etapa-6-para-a-esquerda-ou-para-a-direita\/\"]}]},{\"@type\":\"BreadcrumbList\",\"@id\":\"https:\/\/www.rumoasantiago.com\/interioreinverno\/etapa-6-para-a-esquerda-ou-para-a-direita\/#breadcrumb\",\"itemListElement\":[{\"@type\":\"ListItem\",\"position\":1,\"name\":\"Home\",\"item\":\"https:\/\/www.rumoasantiago.com\/interioreinverno\/\"},{\"@type\":\"ListItem\",\"position\":2,\"name\":\"Etapa 6 &#8211; para a esquerda ou para a direita?\u00a0\"}]},{\"@type\":\"WebSite\",\"@id\":\"https:\/\/www.rumoasantiago.com\/interioreinverno\/#website\",\"url\":\"https:\/\/www.rumoasantiago.com\/interioreinverno\/\",\"name\":\"Caminhos do Interior e de Inverno\",\"description\":\"Travessia dos Caminhos do Interior e Inverno\",\"potentialAction\":[{\"@type\":\"SearchAction\",\"target\":{\"@type\":\"EntryPoint\",\"urlTemplate\":\"https:\/\/www.rumoasantiago.com\/interioreinverno\/?s={search_term_string}\"},\"query-input\":\"required name=search_term_string\"}],\"inLanguage\":\"en-US\"},{\"@type\":\"Person\",\"@id\":\"https:\/\/www.rumoasantiago.com\/interioreinverno\/#\/schema\/person\/72f32049b1b85d455e20c086d02608ee\",\"name\":\"norberto\",\"image\":{\"@type\":\"ImageObject\",\"inLanguage\":\"en-US\",\"@id\":\"https:\/\/www.rumoasantiago.com\/interioreinverno\/#\/schema\/person\/image\/\",\"url\":\"http:\/\/2.gravatar.com\/avatar\/258e8e796306c4f0066b7a531bd3db2d?s=96&d=mm&r=g\",\"contentUrl\":\"http:\/\/2.gravatar.com\/avatar\/258e8e796306c4f0066b7a531bd3db2d?s=96&d=mm&r=g\",\"caption\":\"norberto\"},\"url\":\"http:\/\/www.rumoasantiago.com\/interioreinverno\/author\/norberto\/\"}]}<\/script>\n<!-- \/ Yoast SEO plugin. -->","yoast_head_json":{"title":"Etapa 6 - para a esquerda ou para a direita?\u00a0 - Caminhos do Interior e de Inverno","robots":{"index":"index","follow":"follow","max-snippet":"max-snippet:-1","max-image-preview":"max-image-preview:large","max-video-preview":"max-video-preview:-1"},"canonical":"https:\/\/www.rumoasantiago.com\/interioreinverno\/etapa-6-para-a-esquerda-ou-para-a-direita\/","twitter_card":"summary_large_image","twitter_title":"Etapa 6 - para a esquerda ou para a direita?\u00a0 - Caminhos do Interior e de Inverno","twitter_description":"14 de Junho, quarta feira. O acordar foi novamente bastante cedo. Contudo, hoje n\u00e3o me esperava chuva, tanto que o c\u00e9u se mostrava limpo e com o azul a surgir \u00e0 medida que o sol nascia. Os primeiros 3 quil\u00f3metros foram &#8220;excelentes&#8221; para aquecer: o alcatr\u00e3o que abandona a aldeia depressa deu lugar a um [&hellip;]","twitter_image":"http:\/\/www.rumoasantiago.com\/interioreinverno\/files\/2017\/06\/14974707325931.jpg","twitter_misc":{"Written by":"norberto","Est. reading time":"3 minutes"},"schema":{"@context":"https:\/\/schema.org","@graph":[{"@type":"WebPage","@id":"https:\/\/www.rumoasantiago.com\/interioreinverno\/etapa-6-para-a-esquerda-ou-para-a-direita\/","url":"https:\/\/www.rumoasantiago.com\/interioreinverno\/etapa-6-para-a-esquerda-ou-para-a-direita\/","name":"Etapa 6 - para a esquerda ou para a direita?\u00a0 - Caminhos do Interior e de Inverno","isPartOf":{"@id":"https:\/\/www.rumoasantiago.com\/interioreinverno\/#website"},"datePublished":"2017-06-14T20:12:51+00:00","dateModified":"2017-06-14T20:21:46+00:00","author":{"@id":"https:\/\/www.rumoasantiago.com\/interioreinverno\/#\/schema\/person\/72f32049b1b85d455e20c086d02608ee"},"breadcrumb":{"@id":"https:\/\/www.rumoasantiago.com\/interioreinverno\/etapa-6-para-a-esquerda-ou-para-a-direita\/#breadcrumb"},"inLanguage":"en-US","potentialAction":[{"@type":"ReadAction","target":["https:\/\/www.rumoasantiago.com\/interioreinverno\/etapa-6-para-a-esquerda-ou-para-a-direita\/"]}]},{"@type":"BreadcrumbList","@id":"https:\/\/www.rumoasantiago.com\/interioreinverno\/etapa-6-para-a-esquerda-ou-para-a-direita\/#breadcrumb","itemListElement":[{"@type":"ListItem","position":1,"name":"Home","item":"https:\/\/www.rumoasantiago.com\/interioreinverno\/"},{"@type":"ListItem","position":2,"name":"Etapa 6 &#8211; para a esquerda ou para a direita?\u00a0"}]},{"@type":"WebSite","@id":"https:\/\/www.rumoasantiago.com\/interioreinverno\/#website","url":"https:\/\/www.rumoasantiago.com\/interioreinverno\/","name":"Caminhos do Interior e de Inverno","description":"Travessia dos Caminhos do Interior e Inverno","potentialAction":[{"@type":"SearchAction","target":{"@type":"EntryPoint","urlTemplate":"https:\/\/www.rumoasantiago.com\/interioreinverno\/?s={search_term_string}"},"query-input":"required name=search_term_string"}],"inLanguage":"en-US"},{"@type":"Person","@id":"https:\/\/www.rumoasantiago.com\/interioreinverno\/#\/schema\/person\/72f32049b1b85d455e20c086d02608ee","name":"norberto","image":{"@type":"ImageObject","inLanguage":"en-US","@id":"https:\/\/www.rumoasantiago.com\/interioreinverno\/#\/schema\/person\/image\/","url":"http:\/\/2.gravatar.com\/avatar\/258e8e796306c4f0066b7a531bd3db2d?s=96&d=mm&r=g","contentUrl":"http:\/\/2.gravatar.com\/avatar\/258e8e796306c4f0066b7a531bd3db2d?s=96&d=mm&r=g","caption":"norberto"},"url":"http:\/\/www.rumoasantiago.com\/interioreinverno\/author\/norberto\/"}]}},"publishpress_future_action":{"enabled":false,"date":"0","action":"","terms":[],"taxonomy":""},"_links":{"self":[{"href":"http:\/\/www.rumoasantiago.com\/interioreinverno\/wp-json\/wp\/v2\/posts\/247"}],"collection":[{"href":"http:\/\/www.rumoasantiago.com\/interioreinverno\/wp-json\/wp\/v2\/posts"}],"about":[{"href":"http:\/\/www.rumoasantiago.com\/interioreinverno\/wp-json\/wp\/v2\/types\/post"}],"author":[{"embeddable":true,"href":"http:\/\/www.rumoasantiago.com\/interioreinverno\/wp-json\/wp\/v2\/users\/1"}],"replies":[{"embeddable":true,"href":"http:\/\/www.rumoasantiago.com\/interioreinverno\/wp-json\/wp\/v2\/comments?post=247"}],"version-history":[{"count":2,"href":"http:\/\/www.rumoasantiago.com\/interioreinverno\/wp-json\/wp\/v2\/posts\/247\/revisions"}],"predecessor-version":[{"id":249,"href":"http:\/\/www.rumoasantiago.com\/interioreinverno\/wp-json\/wp\/v2\/posts\/247\/revisions\/249"}],"wp:featuredmedia":[{"embeddable":true,"href":"http:\/\/www.rumoasantiago.com\/interioreinverno\/wp-json\/wp\/v2\/media\/238"}],"wp:attachment":[{"href":"http:\/\/www.rumoasantiago.com\/interioreinverno\/wp-json\/wp\/v2\/media?parent=247"}],"wp:term":[{"taxonomy":"category","embeddable":true,"href":"http:\/\/www.rumoasantiago.com\/interioreinverno\/wp-json\/wp\/v2\/categories?post=247"},{"taxonomy":"post_tag","embeddable":true,"href":"http:\/\/www.rumoasantiago.com\/interioreinverno\/wp-json\/wp\/v2\/tags?post=247"}],"curies":[{"name":"wp","href":"https:\/\/api.w.org\/{rel}","templated":true}]}}