{"id":231,"date":"2017-06-13T20:50:38","date_gmt":"2017-06-13T20:50:38","guid":{"rendered":"https:\/\/www.rumoasantiago.com\/interioreinverno\/?p=231"},"modified":"2017-06-13T20:52:58","modified_gmt":"2017-06-13T20:52:58","slug":"etapa-5-encosta-atras-de-encosta-acima","status":"publish","type":"post","link":"http:\/\/www.rumoasantiago.com\/interioreinverno\/etapa-5-encosta-atras-de-encosta-acima\/","title":{"rendered":"Etapa 5 &#8211; encosta atr\u00e1s de encosta&#8230; Acima!\u00a0"},"content":{"rendered":"<p>Ter\u00e7a feira, dia 13. Hora de alvorada: 5:00. Hora de partida: 6:15.<\/p>\n<p>Depois do sacrif\u00edcio dos dias anteriores, o plano de hoje foi antecipar a partida em uma hora face ao que tinha planeado, para desse modo conseguir usufruir do tempo fresco o mais poss\u00edvel.&nbsp;<\/p>\n<p>Bem&#8230; L\u00e1 fresco estava&#8230; Ao passar Castro Daire (passei por l\u00e1 para evitar a longa fila de pedras espa\u00e7adas entre si que permitem travessia do rio Paiva) a chuva come\u00e7ou a cair e a menos de 2 segundos do local onde eu estava na altura caiu um rel\u00e2mpago ensurdecedor. Ora n\u00e3o tendo eu a pretens\u00e3o de virar p\u00e1ra raios, decidi abrigar-me da chuva antes de ganhar altitude.&nbsp;<\/p>\n<p>Na verdade o tempo fresco e at\u00e9 ventoso durou uma boa parte da manh\u00e3, o que foi fant\u00e1stico para conseguir chegar a Bigorne (o ponto mais alto das etapa de hoje).&nbsp;<\/p>\n<p>O percurso da manh\u00e3 incluiu um misto de estrad\u00e3o com single tracks e trilhos que se assemelham mais a &#8220;vegeta\u00e7\u00e3o onde por acaso muito de vez em quando passa algu\u00e9m&#8221;. Por isso parte das tarefas de hoje foi periodicamente retirar a vegeta\u00e7\u00e3o que ia levando comigo no guiador junto \u00e0s extremidades \ud83d\ude42 e sacudir exaustivamente as pernas para garantir que n\u00e3o levava comigo algum passageiro indesej\u00e1vel.&nbsp;<\/p>\n<p>O corpo come\u00e7a j\u00e1 a mostrar sinais de se estar a adaptar ao n\u00edvel de esfor\u00e7o necess\u00e1rio e mesmo que lentamente, a maior parte das subidas cicl\u00e1veis foram feitas \u00e0 pedalar.&nbsp;<\/p>\n<p>Ao chegar a Bigorne aproveitei para repousar um pouco e tomar algo no caf\u00e9 que fica \u00e0 entrada da povoa\u00e7\u00e3o (diga-se de passagem, pelo que me cobraram pelo que tomei, s\u00f3 com a minha despesa devem ter feito o dia \ud83d\ude42 ). Foi a\u00ed que percebi que existe um percurso novo at\u00e9 Lamego diferente do que tinha planeado. O meu percurso segue essencialmente pela N2, numa descida empolgante em que se gasta toda a energia potencial e mais alguma que foi acumulada nesse dia e no anterior. J\u00e1 o percurso novo segue pelo monte em dire\u00e7\u00e3o ao parque e\u00f3lico que se avista no topo do monte. Em anos anteriores a escolha seria \u00f3bvia: pelo monte e seguindo o mote &#8220;Caminho \u00e9 Caminho&#8221;. Contudo, o facto de estar a fazer o Caminho sozinho em bicicleta e a incerteza do que iria encontrar inibiram-me de tomar essa decis\u00e3o, em prol da seguran\u00e7a e de garantir uma hora de chegada confort\u00e1vel.&nbsp;<\/p>\n<p>Por isso at\u00e9 Peso da R\u00e9gua o percurso foi essencialmente serpentear N2 abaixo. Da\u00ed para a frente as subidas cobraram uma boa parte do descanso que foi a descida. Nada que subir em ziguezague n\u00e3o resolvesse!&nbsp;<\/p>\n<p>Nota especial para a paisagem: vinhas por todo o lado! \u00c9 muito bonito ver todas aquelas encostas cobertas com vinhas.&nbsp;<\/p>\n<p>Ap\u00f3s a \u00faltima descida digna desse nome deparei-me com um ribeiro atravessado por uma ponte de cimento. Ap\u00f3s atravessar a ponte tive akguna dificuldade em encontrar a continua\u00e7\u00e3o do Caminho, pois o que parecia caminho \u00f3bvio era apenas algo sem sa\u00edda. S\u00f3 passados alguns minutos \u00e9 que me apercebi de que o muro que delimita a margem do rio d\u00e1 acesso a um estreito trilho por onde segue o Caminho. Foram cerca de 700 metros a subir degraus e a fazer um jogo de equil\u00edbrio para circular no trilho e ao mesmo tempo garantir que n\u00e3o fazia uma visita repentina ao terreno desnivelado v\u00e1rios metros abaixo de mim \u00e0 minha esquerda, isto num trilho que n\u00e3o ter\u00e1 muito mais do que 30cm de largura.&nbsp;<\/p>\n<p>N\u00e3o poderia terminar uma etapa destas sem deitar c\u00e1 para fora um dos meus pulm\u00f5es. Os \u00faltimos 900 metros percorrem vinhas at\u00e9 \u00e0 aldeia, num caminho super inclinado e que se torna martirizante de fazer com a bicicleta \u00e0 m\u00e3o (pedalar ent\u00e3o est\u00e1 fora de hip\u00f3tese). Aos p\u00e1ra arranca fui subindo at\u00e9 que finalmente alcancei a aldeia.&nbsp;<\/p>\n<p>O albergue fica situado j\u00e1 na sa\u00edda da povoa\u00e7\u00e3o, relativamente afastado da mesma. Depois de v\u00e1rias voltas \u00e0 procura dele, consegui encontr\u00e1-lo &#8220;escondido&#8221; \u00e0 minha direita na estrada que segue para al\u00e9m da povoa\u00e7\u00e3o.&nbsp;<\/p>\n<p>Aqui fui super bem recebido pela senhora que representa a institui\u00e7\u00e3o que faz a gest\u00e3o do albergue, que emana simpatia e disponibilidade para ajudar. Mas h\u00e1 mais: caso os peregrinos assim o desejem, trazem o jantar e pequeno almo\u00e7o. Tendo em conta que isto est\u00e1 no meio do nada, sem qualquer mini mercado ou restaurante por perto, vale bem a pena!&nbsp;<\/p>\n<p>O albergue em si \u00e9 muito bom&#8230; Excelentes instala\u00e7\u00f5es e bastante confort\u00e1veis. \u00c9 mesmo uma pena que haja pouca gente a fazer este Caminho, pois tem excelentes condi\u00e7\u00f5es nos albergues.&nbsp;<\/p>\n<p>Amanh\u00e3 espera-me Parada de Aguiar, onde consta que est\u00e1 o albergue mais ic\u00f3nico deste Caminho. Estou curioso!&nbsp;<\/p>\n<p><img decoding=\"async\" src=\"https:\/\/www.rumoasantiago.com\/interioreinverno\/files\/2017\/06\/14973845449026.jpg\" class=\"wp-image-220 alignnone size-full\"><\/p>\n<p><img decoding=\"async\" src=\"https:\/\/www.rumoasantiago.com\/interioreinverno\/files\/2017\/06\/14973845440870.jpg\" class=\"wp-image-226 alignnone size-full\"><\/p>\n<p><img decoding=\"async\" src=\"https:\/\/www.rumoasantiago.com\/interioreinverno\/files\/2017\/06\/14973845446852.jpg\" class=\"wp-image-224 alignnone size-full\"><\/p>\n<p><img decoding=\"async\" src=\"https:\/\/www.rumoasantiago.com\/interioreinverno\/files\/2017\/06\/14973845444901.jpg\" class=\"wp-image-225 alignnone size-full\"><\/p>\n<p><img decoding=\"async\" src=\"https:\/\/www.rumoasantiago.com\/interioreinverno\/files\/2017\/06\/14973845447303.jpg\" class=\"wp-image-223 alignnone size-full\"><\/p>\n<p><img decoding=\"async\" src=\"https:\/\/www.rumoasantiago.com\/interioreinverno\/files\/2017\/06\/14973845475190.jpg\" class=\"wp-image-216 alignnone size-full\"><\/p>\n<p><img decoding=\"async\" src=\"https:\/\/www.rumoasantiago.com\/interioreinverno\/files\/2017\/06\/14973845449967.jpg\" class=\"wp-image-219 alignnone size-full\"><\/p>\n<p><img decoding=\"async\" src=\"https:\/\/www.rumoasantiago.com\/interioreinverno\/files\/2017\/06\/14973845479752.jpg\" class=\"wp-image-214 alignnone size-full\"><\/p>\n<p><img decoding=\"async\" src=\"https:\/\/www.rumoasantiago.com\/interioreinverno\/files\/2017\/06\/14973845480504.jpg\" class=\"wp-image-212 alignnone size-full\"><\/p>\n<p><img decoding=\"async\" src=\"https:\/\/www.rumoasantiago.com\/interioreinverno\/files\/2017\/06\/14973845480073.jpg\" class=\"wp-image-213 alignnone size-full\"><\/p>\n<p><img decoding=\"async\" src=\"https:\/\/www.rumoasantiago.com\/interioreinverno\/files\/2017\/06\/14973845479431.jpg\" class=\"wp-image-215 alignnone size-full\"><\/p>\n<p><img decoding=\"async\" src=\"https:\/\/www.rumoasantiago.com\/interioreinverno\/files\/2017\/06\/14973845481895.jpg\" class=\"wp-image-211 alignnone size-full\"><\/p>\n<p><img decoding=\"async\" src=\"https:\/\/www.rumoasantiago.com\/interioreinverno\/files\/2017\/06\/14973848985550.jpg\" class=\"wp-image-207 alignnone size-full\"><\/p>\n<p><img decoding=\"async\" src=\"https:\/\/www.rumoasantiago.com\/interioreinverno\/files\/2017\/06\/14973848987041.jpg\" class=\"wp-image-206 alignnone size-full\"><\/p>\n<p><img decoding=\"async\" src=\"https:\/\/www.rumoasantiago.com\/interioreinverno\/files\/2017\/06\/14973845485846.jpg\" class=\"wp-image-210 alignnone size-full\"><\/p>\n<p><img decoding=\"async\" src=\"https:\/\/www.rumoasantiago.com\/interioreinverno\/files\/2017\/06\/14973845488358.jpg\" class=\"wp-image-208 alignnone size-full\"><\/p>\n<p><img decoding=\"async\" src=\"https:\/\/www.rumoasantiago.com\/interioreinverno\/files\/2017\/06\/14973845467488.jpg\" class=\"wp-image-218 alignnone size-full\"><\/p>\n<p><img decoding=\"async\" src=\"https:\/\/www.rumoasantiago.com\/interioreinverno\/files\/2017\/06\/14973845447624.jpg\" class=\"wp-image-222 alignnone size-full\"><\/p>\n<p><img decoding=\"async\" src=\"https:\/\/www.rumoasantiago.com\/interioreinverno\/files\/2017\/06\/14973845486987.jpg\" class=\"wp-image-209 alignnone size-full\"><\/p>\n<p><img decoding=\"async\" src=\"https:\/\/www.rumoasantiago.com\/interioreinverno\/files\/2017\/06\/14973845448505.jpg\" class=\"wp-image-221 alignnone size-full\"><\/p>\n<p><img decoding=\"async\" loading=\"lazy\" width=\"480\" height=\"640\" src=\"https:\/\/www.rumoasantiago.com\/interioreinverno\/files\/2017\/06\/14973845474839.jpg\" class=\"wp-image-217 alignnone size-full\" srcset=\"http:\/\/www.rumoasantiago.com\/interioreinverno\/files\/2017\/06\/14973845474839.jpg 480w, http:\/\/www.rumoasantiago.com\/interioreinverno\/files\/2017\/06\/14973845474839-225x300.jpg 225w\" sizes=\"(max-width: 480px) 100vw, 480px\" \/><\/p>\n<p><img decoding=\"async\" src=\"https:\/\/www.rumoasantiago.com\/interioreinverno\/files\/2017\/06\/14973848987472.jpg\" class=\"wp-image-205 alignnone size-full\"><\/p>\n<p><img decoding=\"async\" src=\"https:\/\/www.rumoasantiago.com\/interioreinverno\/files\/2017\/06\/14973848987903.jpg\" class=\"wp-image-204 alignnone size-full\"><\/p>\n<div class=\"al2fb_like_button\"><div id=\"fb-root\"><\/div><script type=\"text\/javascript\">\n(function(d, s, id) {\n  var js, fjs = d.getElementsByTagName(s)[0];\n  if (d.getElementById(id)) return;\n  js = d.createElement(s); js.id = id;\n  js.src = \"\/\/connect.facebook.net\/en_US\/all.js#xfbml=1&appId=118672068213591\";\n  fjs.parentNode.insertBefore(js, fjs);\n}(document, \"script\", \"facebook-jssdk\"));\n<\/script>\n<fb:like href=\"http:\/\/www.rumoasantiago.com\/interioreinverno\/etapa-5-encosta-atras-de-encosta-acima\/\" layout=\"button_count\" show_faces=\"true\" share=\"true\" width=\"450\" action=\"like\" font=\"arial\" colorscheme=\"light\" ref=\"AL2FB\"><\/fb:like><\/div>","protected":false},"excerpt":{"rendered":"<p>Ter\u00e7a feira, dia 13. Hora de alvorada: 5:00. Hora de partida: 6:15. Depois do sacrif\u00edcio dos dias anteriores, o plano de hoje foi antecipar a partida em uma hora face ao que tinha planeado, para desse modo conseguir usufruir do tempo fresco o mais poss\u00edvel.&nbsp; Bem&#8230; L\u00e1 fresco estava&#8230; Ao passar Castro Daire (passei por [&hellip;]<\/p>\n","protected":false},"author":1,"featured_media":225,"comment_status":"open","ping_status":"open","sticky":false,"template":"","format":"standard","meta":[],"categories":[5,4,12,6],"tags":[],"yoast_head":"<!-- This site is optimized with the Yoast SEO plugin v20.10 - https:\/\/yoast.com\/wordpress\/plugins\/seo\/ -->\n<title>Etapa 5 - encosta atr\u00e1s de encosta... Acima!\u00a0 - Caminhos do Interior e de Inverno<\/title>\n<meta name=\"robots\" content=\"index, follow, max-snippet:-1, max-image-preview:large, max-video-preview:-1\" \/>\n<link rel=\"canonical\" href=\"https:\/\/www.rumoasantiago.com\/interioreinverno\/etapa-5-encosta-atras-de-encosta-acima\/\" \/>\n<meta name=\"twitter:card\" content=\"summary_large_image\" \/>\n<meta name=\"twitter:title\" content=\"Etapa 5 - encosta atr\u00e1s de encosta... Acima!\u00a0 - Caminhos do Interior e de Inverno\" \/>\n<meta name=\"twitter:description\" content=\"Ter\u00e7a feira, dia 13. Hora de alvorada: 5:00. Hora de partida: 6:15. Depois do sacrif\u00edcio dos dias anteriores, o plano de hoje foi antecipar a partida em uma hora face ao que tinha planeado, para desse modo conseguir usufruir do tempo fresco o mais poss\u00edvel.&nbsp; Bem&#8230; L\u00e1 fresco estava&#8230; Ao passar Castro Daire (passei por [&hellip;]\" \/>\n<meta name=\"twitter:image\" content=\"http:\/\/www.rumoasantiago.com\/interioreinverno\/files\/2017\/06\/14973845486987.jpg\" \/>\n<meta name=\"twitter:label1\" content=\"Written by\" \/>\n\t<meta name=\"twitter:data1\" content=\"norberto\" \/>\n\t<meta name=\"twitter:label2\" content=\"Est. reading time\" \/>\n\t<meta name=\"twitter:data2\" content=\"4 minutes\" \/>\n<script type=\"application\/ld+json\" class=\"yoast-schema-graph\">{\"@context\":\"https:\/\/schema.org\",\"@graph\":[{\"@type\":\"WebPage\",\"@id\":\"https:\/\/www.rumoasantiago.com\/interioreinverno\/etapa-5-encosta-atras-de-encosta-acima\/\",\"url\":\"https:\/\/www.rumoasantiago.com\/interioreinverno\/etapa-5-encosta-atras-de-encosta-acima\/\",\"name\":\"Etapa 5 - encosta atr\u00e1s de encosta... Acima!\u00a0 - Caminhos do Interior e de Inverno\",\"isPartOf\":{\"@id\":\"https:\/\/www.rumoasantiago.com\/interioreinverno\/#website\"},\"datePublished\":\"2017-06-13T20:50:38+00:00\",\"dateModified\":\"2017-06-13T20:52:58+00:00\",\"author\":{\"@id\":\"https:\/\/www.rumoasantiago.com\/interioreinverno\/#\/schema\/person\/72f32049b1b85d455e20c086d02608ee\"},\"breadcrumb\":{\"@id\":\"https:\/\/www.rumoasantiago.com\/interioreinverno\/etapa-5-encosta-atras-de-encosta-acima\/#breadcrumb\"},\"inLanguage\":\"en-US\",\"potentialAction\":[{\"@type\":\"ReadAction\",\"target\":[\"https:\/\/www.rumoasantiago.com\/interioreinverno\/etapa-5-encosta-atras-de-encosta-acima\/\"]}]},{\"@type\":\"BreadcrumbList\",\"@id\":\"https:\/\/www.rumoasantiago.com\/interioreinverno\/etapa-5-encosta-atras-de-encosta-acima\/#breadcrumb\",\"itemListElement\":[{\"@type\":\"ListItem\",\"position\":1,\"name\":\"Home\",\"item\":\"https:\/\/www.rumoasantiago.com\/interioreinverno\/\"},{\"@type\":\"ListItem\",\"position\":2,\"name\":\"Etapa 5 &#8211; encosta atr\u00e1s de encosta&#8230; Acima!\u00a0\"}]},{\"@type\":\"WebSite\",\"@id\":\"https:\/\/www.rumoasantiago.com\/interioreinverno\/#website\",\"url\":\"https:\/\/www.rumoasantiago.com\/interioreinverno\/\",\"name\":\"Caminhos do Interior e de Inverno\",\"description\":\"Travessia dos Caminhos do Interior e Inverno\",\"potentialAction\":[{\"@type\":\"SearchAction\",\"target\":{\"@type\":\"EntryPoint\",\"urlTemplate\":\"https:\/\/www.rumoasantiago.com\/interioreinverno\/?s={search_term_string}\"},\"query-input\":\"required name=search_term_string\"}],\"inLanguage\":\"en-US\"},{\"@type\":\"Person\",\"@id\":\"https:\/\/www.rumoasantiago.com\/interioreinverno\/#\/schema\/person\/72f32049b1b85d455e20c086d02608ee\",\"name\":\"norberto\",\"image\":{\"@type\":\"ImageObject\",\"inLanguage\":\"en-US\",\"@id\":\"https:\/\/www.rumoasantiago.com\/interioreinverno\/#\/schema\/person\/image\/\",\"url\":\"http:\/\/2.gravatar.com\/avatar\/258e8e796306c4f0066b7a531bd3db2d?s=96&d=mm&r=g\",\"contentUrl\":\"http:\/\/2.gravatar.com\/avatar\/258e8e796306c4f0066b7a531bd3db2d?s=96&d=mm&r=g\",\"caption\":\"norberto\"},\"url\":\"http:\/\/www.rumoasantiago.com\/interioreinverno\/author\/norberto\/\"}]}<\/script>\n<!-- \/ Yoast SEO plugin. -->","yoast_head_json":{"title":"Etapa 5 - encosta atr\u00e1s de encosta... Acima!\u00a0 - Caminhos do Interior e de Inverno","robots":{"index":"index","follow":"follow","max-snippet":"max-snippet:-1","max-image-preview":"max-image-preview:large","max-video-preview":"max-video-preview:-1"},"canonical":"https:\/\/www.rumoasantiago.com\/interioreinverno\/etapa-5-encosta-atras-de-encosta-acima\/","twitter_card":"summary_large_image","twitter_title":"Etapa 5 - encosta atr\u00e1s de encosta... Acima!\u00a0 - Caminhos do Interior e de Inverno","twitter_description":"Ter\u00e7a feira, dia 13. Hora de alvorada: 5:00. Hora de partida: 6:15. Depois do sacrif\u00edcio dos dias anteriores, o plano de hoje foi antecipar a partida em uma hora face ao que tinha planeado, para desse modo conseguir usufruir do tempo fresco o mais poss\u00edvel.&nbsp; Bem&#8230; L\u00e1 fresco estava&#8230; Ao passar Castro Daire (passei por [&hellip;]","twitter_image":"http:\/\/www.rumoasantiago.com\/interioreinverno\/files\/2017\/06\/14973845486987.jpg","twitter_misc":{"Written by":"norberto","Est. reading time":"4 minutes"},"schema":{"@context":"https:\/\/schema.org","@graph":[{"@type":"WebPage","@id":"https:\/\/www.rumoasantiago.com\/interioreinverno\/etapa-5-encosta-atras-de-encosta-acima\/","url":"https:\/\/www.rumoasantiago.com\/interioreinverno\/etapa-5-encosta-atras-de-encosta-acima\/","name":"Etapa 5 - encosta atr\u00e1s de encosta... Acima!\u00a0 - Caminhos do Interior e de Inverno","isPartOf":{"@id":"https:\/\/www.rumoasantiago.com\/interioreinverno\/#website"},"datePublished":"2017-06-13T20:50:38+00:00","dateModified":"2017-06-13T20:52:58+00:00","author":{"@id":"https:\/\/www.rumoasantiago.com\/interioreinverno\/#\/schema\/person\/72f32049b1b85d455e20c086d02608ee"},"breadcrumb":{"@id":"https:\/\/www.rumoasantiago.com\/interioreinverno\/etapa-5-encosta-atras-de-encosta-acima\/#breadcrumb"},"inLanguage":"en-US","potentialAction":[{"@type":"ReadAction","target":["https:\/\/www.rumoasantiago.com\/interioreinverno\/etapa-5-encosta-atras-de-encosta-acima\/"]}]},{"@type":"BreadcrumbList","@id":"https:\/\/www.rumoasantiago.com\/interioreinverno\/etapa-5-encosta-atras-de-encosta-acima\/#breadcrumb","itemListElement":[{"@type":"ListItem","position":1,"name":"Home","item":"https:\/\/www.rumoasantiago.com\/interioreinverno\/"},{"@type":"ListItem","position":2,"name":"Etapa 5 &#8211; encosta atr\u00e1s de encosta&#8230; Acima!\u00a0"}]},{"@type":"WebSite","@id":"https:\/\/www.rumoasantiago.com\/interioreinverno\/#website","url":"https:\/\/www.rumoasantiago.com\/interioreinverno\/","name":"Caminhos do Interior e de Inverno","description":"Travessia dos Caminhos do Interior e Inverno","potentialAction":[{"@type":"SearchAction","target":{"@type":"EntryPoint","urlTemplate":"https:\/\/www.rumoasantiago.com\/interioreinverno\/?s={search_term_string}"},"query-input":"required name=search_term_string"}],"inLanguage":"en-US"},{"@type":"Person","@id":"https:\/\/www.rumoasantiago.com\/interioreinverno\/#\/schema\/person\/72f32049b1b85d455e20c086d02608ee","name":"norberto","image":{"@type":"ImageObject","inLanguage":"en-US","@id":"https:\/\/www.rumoasantiago.com\/interioreinverno\/#\/schema\/person\/image\/","url":"http:\/\/2.gravatar.com\/avatar\/258e8e796306c4f0066b7a531bd3db2d?s=96&d=mm&r=g","contentUrl":"http:\/\/2.gravatar.com\/avatar\/258e8e796306c4f0066b7a531bd3db2d?s=96&d=mm&r=g","caption":"norberto"},"url":"http:\/\/www.rumoasantiago.com\/interioreinverno\/author\/norberto\/"}]}},"publishpress_future_action":{"enabled":false,"date":"0","action":"","terms":[],"taxonomy":""},"_links":{"self":[{"href":"http:\/\/www.rumoasantiago.com\/interioreinverno\/wp-json\/wp\/v2\/posts\/231"}],"collection":[{"href":"http:\/\/www.rumoasantiago.com\/interioreinverno\/wp-json\/wp\/v2\/posts"}],"about":[{"href":"http:\/\/www.rumoasantiago.com\/interioreinverno\/wp-json\/wp\/v2\/types\/post"}],"author":[{"embeddable":true,"href":"http:\/\/www.rumoasantiago.com\/interioreinverno\/wp-json\/wp\/v2\/users\/1"}],"replies":[{"embeddable":true,"href":"http:\/\/www.rumoasantiago.com\/interioreinverno\/wp-json\/wp\/v2\/comments?post=231"}],"version-history":[{"count":1,"href":"http:\/\/www.rumoasantiago.com\/interioreinverno\/wp-json\/wp\/v2\/posts\/231\/revisions"}],"predecessor-version":[{"id":232,"href":"http:\/\/www.rumoasantiago.com\/interioreinverno\/wp-json\/wp\/v2\/posts\/231\/revisions\/232"}],"wp:featuredmedia":[{"embeddable":true,"href":"http:\/\/www.rumoasantiago.com\/interioreinverno\/wp-json\/wp\/v2\/media\/225"}],"wp:attachment":[{"href":"http:\/\/www.rumoasantiago.com\/interioreinverno\/wp-json\/wp\/v2\/media?parent=231"}],"wp:term":[{"taxonomy":"category","embeddable":true,"href":"http:\/\/www.rumoasantiago.com\/interioreinverno\/wp-json\/wp\/v2\/categories?post=231"},{"taxonomy":"post_tag","embeddable":true,"href":"http:\/\/www.rumoasantiago.com\/interioreinverno\/wp-json\/wp\/v2\/tags?post=231"}],"curies":[{"name":"wp","href":"https:\/\/api.w.org\/{rel}","templated":true}]}}