{"id":902,"date":"2011-08-12T02:41:13","date_gmt":"2011-08-12T01:41:13","guid":{"rendered":"http:\/\/www.rumoasantiago.com\/?p=902"},"modified":"2012-05-21T23:56:10","modified_gmt":"2012-05-21T23:56:10","slug":"rescaldo-da-etapa-11","status":"publish","type":"post","link":"http:\/\/www.rumoasantiago.com\/frances\/2011\/08\/12\/rescaldo-da-etapa-11\/","title":{"rendered":"Rescaldo da Etapa 11"},"content":{"rendered":"<p>E como tudo o que \u00e9 bom, a nossa aventura chegou ao fim. Eram cerca de 18h00 locais quando entr\u00e1mos na Pra\u00e7a do Obradoiro, na derradeira etapa da viagem que nos ocupou as mentes (e as pernas) nos \u00faltimos 11 dias.<\/p>\n<p>Come\u00e7\u00e1mos o dia relativamente cedo, pois \u00e0 semelhan\u00e7a do que se passa em todos os albergues, a maior parte dos peregrinos levanta-se sempre muito cedo. Como desta vez o nosso quarto estava praticamente cheio com jovens do mesmo grupo, levantaram-se todos ao mesmo tempo, por volta das 5h da manh\u00e3.<\/p>\n<p>Vir\u00e1mos a cara para o outro lado e continu\u00e1mos a dormir mais um pouco. Eram cerca de 7h45 quando o sentido de obriga\u00e7\u00e3o de nos levantarmos falou mais alto e come\u00e7\u00e1mos a preparar as coisas para a \u00faltima etapa.<\/p>\n<p>A manh\u00e3 fazia-se sentir bem gelada, pelo que pela \u00faltima vez recorremos aos casacos. No entanto mais tarde percebemos que n\u00e3o lhes ir\u00edamos dar muito uso, uma vez que fic\u00e1mos &#8220;retidos&#8221; em Palas de Rei durante algum tempo.<\/p>\n<p>Circul\u00e1mos um pouco pela vila para procurar um supermercado, a fim de aviarmos as compras da manh\u00e3 para um pequeno almo\u00e7o econ\u00f3mico. Par\u00e1mos numa pequena pra\u00e7a, onde o \u00d3scar tratou de ir dividindo a ra\u00e7\u00e3o de bolo que t\u00ednhamos entretanto comprado. Pouco tempo depois somos surpreendidos por um grande grupo de freiras que transportavam mochilas \u00e0s costas. N\u00e3o deixou de ser uma cena curiosa, uma vez que n\u00e3o \u00e9 algo que se veja todos os dias.<\/p>\n<p>Foi nessa altura que o Ricardo se apercebeu mais uma vez que os trav\u00f5es da sua bicicleta continuavam a manifestar muito pouca efic\u00e1cia (na realidade j\u00e1 praticamente que n\u00e3o travavam). O \u00d3scar perguntou por uma loja de bicicletas, a que lhe deram umas indica\u00e7\u00f5es de um s\u00edtio a 500 metros de onde est\u00e1vamos que poderia servir-nos de ajuda.<\/p>\n<p>Quando cheg\u00e1mos \u00e0 loja, fic\u00e1mos com alguma d\u00favida se nos iriam ajudar, uma vez que n\u00e3o era uma loja especializada em bicicletas, mas sim em ferramentas mec\u00e2nicas (moto-serras, m\u00e1quinas de jardinagem, etc) e pe\u00e7as para autom\u00f3veis. Contudo, as poucas bicicletas BH que estavam penduradas na montra deram-nos alguma\u00a0r\u00e9stia\u00a0de esperan\u00e7a.<\/p>\n<p>Fomos atendidos por um rapazinho muito novo, que se prontificou a tentar ajudar-nos da melhor forma. Recolheu a bicicleta para dentro da oficina e o primeiro diagn\u00f3stico mais exaustivo foi&#8230; falta de \u00f3leo no circuito. Este diagn\u00f3stico espantou-nos, dado que o mec\u00e2nico de Le\u00f3n tinha dado a entender que n\u00e3o seria esse o problema. A verdade \u00e9 que, passadas cerca de duas horas, o Ricardo tinha finalmente trav\u00f5es minimamente decentes na bicicleta.<\/p>\n<p>Sa\u00edmos por volta das 11h30, um pouco apressados, uma vez que n\u00e3o cont\u00e1vamos com este pequeno precal\u00e7o.<\/p>\n<p>Volt\u00e1mos a fazer imensos trilhos fant\u00e1sticos, num constante sobe e desce &#8220;rompe piernas&#8221; tremendamente divertido. A ideia que ficou foi a de que estes trilhos merecem a pena serem feitos novamente, mesmo que n\u00e3o seja no \u00e2mbito do Caminho, pela qualidade e divers\u00e3o dos mesmos.<\/p>\n<p>O Caminho estava hoje &#8220;saturado&#8221; de pessoas. Estamos j\u00e1 muito pr\u00f3ximos de Santiago e a quantidade de gente a circular no Caminho tem aumentado exponencialmente. A nossa sorte foi, qui\u00e7\u00e1, termos partido mais tarde do que o habitual, o que nos permitiu evitar as horas de maior enchente.<\/p>\n<p>\u00c0 semelhan\u00e7a dos \u00faltimos dias, eu fui acompanhando o \u00d3scar no percurso e o Ricardo foi adiantando-se um pouco. Quando faltavam 27 quil\u00f3metros para Santiago, o \u00d3scar j\u00e1 sentia alguma fraqueza que merecia ser compensada pela refei\u00e7\u00e3o do almo\u00e7o. Decidimos, por isso, parar na povoa\u00e7\u00e3o onde nos encontr\u00e1vamos e comer qualquer coisa.<\/p>\n<p>Fomos a um pequeno snack-bar onde o propriet\u00e1rio, muito engra\u00e7ado e falador, nos aconselhou um chouri\u00e7o t\u00edpico da zona e com cujo produtor ou distribuidor j\u00e1 trabalha h\u00e1 cerca de 15 anos. A verdade \u00e9 que esse chouri\u00e7o frito dentro de uma bela baguette de p\u00e3o galego, acompanhado por uma bela Estrella Galicia, soube-nos pela vida.<\/p>\n<p>O Ricardo aguardava-nos 4 quil\u00f3metros mais adiante, pelo que nos reunimos de novo pouco tempo depois.<\/p>\n<p>Continu\u00e1mos pelo Caminho, num percurso sem grandes pormenores t\u00e9cnicos, que mais tarde deram lugar a caminhos semi alcatroados ao longo do aeroporto de Santiago de Compostela.<\/p>\n<p>Por volta das 17h25 entr\u00e1mos finalmente na cidade de Santiago, momento que ficou registado em fotografia junto \u00e0 placa informativa com o nome da cidade. Nesse momento estavam tr\u00eas peregrinas a chegar a Santiago a p\u00e9, que nos informaram que tinham iniciado o Caminho tamb\u00e9m em Saint Jean Pied de Port, mas h\u00e1 30 dias atr\u00e1s.<\/p>\n<p>Registada a foto, seguimos caminho at\u00e9 nos depararmos com uma rua que faz parte da entrada do Caminho Franc\u00eas e que est\u00e1 barrada a bicicletas (pelo menos tem o sinal de tr\u00e2nsito proibido a bicicletas). Decidimos respeitar o sinal e contorn\u00e1mos a zona hist\u00f3rica da cidade pelo lado direito.<\/p>\n<p>Depois de umas quantas voltas, acab\u00e1mos por optar pelo il\u00edcito e entr\u00e1mos no centro atrav\u00e9s de alguns sentidos proibidos. Afinal de contas \u00e9ramos peregrinos e est\u00e1vamos convencidos de que a pol\u00edcia teria alguma toler\u00e2ncia. E assim foi e ao fim de meia d\u00fazia de curvas, est\u00e1vamos na Pra\u00e7a!<\/p>\n<p><a href=\"http:\/\/www.rumoasantiago.com\/wp-content\/blogs.dir\/3\/files\/2011\/08\/IMG_7222.jpg\"><img decoding=\"async\" loading=\"lazy\" class=\"alignleft size-medium wp-image-915\" title=\"IMG_7222\" src=\"http:\/\/www.rumoasantiago.com\/wp-content\/blogs.dir\/3\/files\/2011\/08\/IMG_7222-300x225.jpg\" alt=\"\" width=\"300\" height=\"225\" srcset=\"http:\/\/www.rumoasantiago.com\/frances\/files\/2011\/08\/IMG_7222-300x225.jpg 300w, http:\/\/www.rumoasantiago.com\/frances\/files\/2011\/08\/IMG_7222-1024x768.jpg 1024w\" sizes=\"(max-width: 300px) 100vw, 300px\" \/><\/a> <a href=\"http:\/\/www.rumoasantiago.com\/wp-content\/blogs.dir\/3\/files\/2011\/08\/IMG_7150-e1313112557264.jpg\"><img decoding=\"async\" loading=\"lazy\" class=\"alignleft size-medium wp-image-903\" title=\"IMG_7150\" src=\"http:\/\/www.rumoasantiago.com\/wp-content\/blogs.dir\/3\/files\/2011\/08\/IMG_7150-e1313112557264-225x300.jpg\" alt=\"\" width=\"225\" height=\"300\" srcset=\"http:\/\/www.rumoasantiago.com\/frances\/files\/2011\/08\/IMG_7150-e1313112557264-225x300.jpg 225w, http:\/\/www.rumoasantiago.com\/frances\/files\/2011\/08\/IMG_7150-e1313112557264-768x1024.jpg 768w\" sizes=\"(max-width: 225px) 100vw, 225px\" \/><\/a><\/p>\n<p><img decoding=\"async\" loading=\"lazy\" class=\"alignleft size-medium wp-image-904\" title=\"IMG_7152\" src=\"http:\/\/www.rumoasantiago.com\/wp-content\/blogs.dir\/3\/files\/2011\/08\/IMG_7152-300x225.jpg\" alt=\"\" width=\"300\" height=\"225\" srcset=\"http:\/\/www.rumoasantiago.com\/frances\/files\/2011\/08\/IMG_7152-300x225.jpg 300w, http:\/\/www.rumoasantiago.com\/frances\/files\/2011\/08\/IMG_7152-1024x768.jpg 1024w\" sizes=\"(max-width: 300px) 100vw, 300px\" \/><br \/>\n<img decoding=\"async\" loading=\"lazy\" class=\"alignleft size-medium wp-image-905\" title=\"IMG_7156\" src=\"http:\/\/www.rumoasantiago.com\/wp-content\/blogs.dir\/3\/files\/2011\/08\/IMG_7156-e1313112552886-225x300.jpg\" alt=\"\" width=\"225\" height=\"300\" srcset=\"http:\/\/www.rumoasantiago.com\/frances\/files\/2011\/08\/IMG_7156-e1313112552886-225x300.jpg 225w, http:\/\/www.rumoasantiago.com\/frances\/files\/2011\/08\/IMG_7156-e1313112552886-768x1024.jpg 768w\" sizes=\"(max-width: 225px) 100vw, 225px\" \/><br \/>\n<img decoding=\"async\" loading=\"lazy\" class=\"alignleft size-medium wp-image-906\" title=\"IMG_7168\" src=\"http:\/\/www.rumoasantiago.com\/wp-content\/blogs.dir\/3\/files\/2011\/08\/IMG_7168-300x225.jpg\" alt=\"\" width=\"300\" height=\"225\" srcset=\"http:\/\/www.rumoasantiago.com\/frances\/files\/2011\/08\/IMG_7168-300x225.jpg 300w, http:\/\/www.rumoasantiago.com\/frances\/files\/2011\/08\/IMG_7168-1024x768.jpg 1024w\" sizes=\"(max-width: 300px) 100vw, 300px\" \/><br \/>\n<img decoding=\"async\" loading=\"lazy\" class=\"alignleft size-medium wp-image-907\" title=\"IMG_7174\" src=\"http:\/\/www.rumoasantiago.com\/wp-content\/blogs.dir\/3\/files\/2011\/08\/IMG_7174-e1313112545156-225x300.jpg\" alt=\"\" width=\"225\" height=\"300\" srcset=\"http:\/\/www.rumoasantiago.com\/frances\/files\/2011\/08\/IMG_7174-e1313112545156-225x300.jpg 225w, http:\/\/www.rumoasantiago.com\/frances\/files\/2011\/08\/IMG_7174-e1313112545156-768x1024.jpg 768w\" sizes=\"(max-width: 225px) 100vw, 225px\" \/><br \/>\n<img decoding=\"async\" loading=\"lazy\" class=\"alignleft size-medium wp-image-908\" title=\"IMG_7182\" src=\"http:\/\/www.rumoasantiago.com\/wp-content\/blogs.dir\/3\/files\/2011\/08\/IMG_7182-e1313112682246-225x300.jpg\" alt=\"\" width=\"225\" height=\"300\" srcset=\"http:\/\/www.rumoasantiago.com\/frances\/files\/2011\/08\/IMG_7182-e1313112682246-225x300.jpg 225w, http:\/\/www.rumoasantiago.com\/frances\/files\/2011\/08\/IMG_7182-e1313112682246-768x1024.jpg 768w\" sizes=\"(max-width: 225px) 100vw, 225px\" \/><br \/>\n<img decoding=\"async\" loading=\"lazy\" class=\"alignleft size-medium wp-image-909\" title=\"IMG_7190\" src=\"http:\/\/www.rumoasantiago.com\/wp-content\/blogs.dir\/3\/files\/2011\/08\/IMG_7190-300x225.jpg\" alt=\"\" width=\"300\" height=\"225\" srcset=\"http:\/\/www.rumoasantiago.com\/frances\/files\/2011\/08\/IMG_7190-300x225.jpg 300w, http:\/\/www.rumoasantiago.com\/frances\/files\/2011\/08\/IMG_7190-1024x768.jpg 1024w\" sizes=\"(max-width: 300px) 100vw, 300px\" \/><br \/>\n<img decoding=\"async\" loading=\"lazy\" class=\"alignleft size-medium wp-image-910\" title=\"IMG_7194\" src=\"http:\/\/www.rumoasantiago.com\/wp-content\/blogs.dir\/3\/files\/2011\/08\/IMG_7194-e1313112537361-225x300.jpg\" alt=\"\" width=\"225\" height=\"300\" srcset=\"http:\/\/www.rumoasantiago.com\/frances\/files\/2011\/08\/IMG_7194-e1313112537361-225x300.jpg 225w, http:\/\/www.rumoasantiago.com\/frances\/files\/2011\/08\/IMG_7194-e1313112537361-768x1024.jpg 768w\" sizes=\"(max-width: 225px) 100vw, 225px\" \/><br \/>\n<img decoding=\"async\" loading=\"lazy\" class=\"alignleft size-medium wp-image-911\" title=\"IMG_7196\" src=\"http:\/\/www.rumoasantiago.com\/wp-content\/blogs.dir\/3\/files\/2011\/08\/IMG_7196-e1313112532642-225x300.jpg\" alt=\"\" width=\"225\" height=\"300\" srcset=\"http:\/\/www.rumoasantiago.com\/frances\/files\/2011\/08\/IMG_7196-e1313112532642-225x300.jpg 225w, http:\/\/www.rumoasantiago.com\/frances\/files\/2011\/08\/IMG_7196-e1313112532642-768x1024.jpg 768w\" sizes=\"(max-width: 225px) 100vw, 225px\" \/><br \/>\n<img decoding=\"async\" loading=\"lazy\" class=\"alignleft size-medium wp-image-913\" title=\"IMG_7209\" src=\"http:\/\/www.rumoasantiago.com\/wp-content\/blogs.dir\/3\/files\/2011\/08\/IMG_7209-300x225.jpg\" alt=\"\" width=\"300\" height=\"225\" srcset=\"http:\/\/www.rumoasantiago.com\/frances\/files\/2011\/08\/IMG_7209-300x225.jpg 300w, http:\/\/www.rumoasantiago.com\/frances\/files\/2011\/08\/IMG_7209-1024x768.jpg 1024w\" sizes=\"(max-width: 300px) 100vw, 300px\" \/><br \/>\n<img decoding=\"async\" loading=\"lazy\" class=\"alignleft size-medium wp-image-914\" title=\"IMG_7220\" src=\"http:\/\/www.rumoasantiago.com\/wp-content\/blogs.dir\/3\/files\/2011\/08\/IMG_7220-300x225.jpg\" alt=\"\" width=\"300\" height=\"225\" srcset=\"http:\/\/www.rumoasantiago.com\/frances\/files\/2011\/08\/IMG_7220-300x225.jpg 300w, http:\/\/www.rumoasantiago.com\/frances\/files\/2011\/08\/IMG_7220-1024x768.jpg 1024w\" sizes=\"(max-width: 300px) 100vw, 300px\" \/><\/p>\n<p><img decoding=\"async\" loading=\"lazy\" class=\"alignleft size-medium wp-image-916\" title=\"IMG_7225\" src=\"http:\/\/www.rumoasantiago.com\/wp-content\/blogs.dir\/3\/files\/2011\/08\/IMG_7225-e1313112480503-225x300.jpg\" alt=\"\" width=\"225\" height=\"300\" srcset=\"http:\/\/www.rumoasantiago.com\/frances\/files\/2011\/08\/IMG_7225-e1313112480503-225x300.jpg 225w, http:\/\/www.rumoasantiago.com\/frances\/files\/2011\/08\/IMG_7225-e1313112480503-768x1024.jpg 768w\" sizes=\"(max-width: 225px) 100vw, 225px\" \/><\/p>\n<div class=\"al2fb_like_button\"><div id=\"fb-root\"><\/div><script type=\"text\/javascript\">\n(function(d, s, id) {\n  var js, fjs = d.getElementsByTagName(s)[0];\n  if (d.getElementById(id)) return;\n  js = d.createElement(s); js.id = id;\n  js.src = \"\/\/connect.facebook.net\/pt_PT\/all.js#xfbml=1&appId=118672068213591\";\n  fjs.parentNode.insertBefore(js, fjs);\n}(document, \"script\", \"facebook-jssdk\"));\n<\/script>\n<fb:like href=\"http:\/\/www.rumoasantiago.com\/frances\/2011\/08\/12\/rescaldo-da-etapa-11\/\" layout=\"button_count\" show_faces=\"true\" share=\"false\" width=\"450\" action=\"like\" font=\"arial\" colorscheme=\"light\" ref=\"AL2FB\"><\/fb:like><\/div>","protected":false},"excerpt":{"rendered":"<p>E como tudo o que \u00e9 bom, a nossa aventura chegou ao fim. Eram cerca de 18h00 locais quando entr\u00e1mos na Pra\u00e7a do Obradoiro, na derradeira etapa da viagem que nos ocupou as mentes (e as pernas) nos \u00faltimos 11 dias. Come\u00e7\u00e1mos o dia relativamente cedo, pois \u00e0 semelhan\u00e7a do que se passa em todos [&hellip;]<\/p>\n","protected":false},"author":1,"featured_media":915,"comment_status":"open","ping_status":"open","sticky":false,"template":"","format":"standard","meta":[],"categories":[1,5,7,20],"tags":[],"yoast_head":"<!-- This site is optimized with the Yoast SEO plugin v20.10 - https:\/\/yoast.com\/wordpress\/plugins\/seo\/ -->\n<title>Rescaldo da Etapa 11 - Caminho Franc\u00eas de Santiago<\/title>\n<meta name=\"robots\" content=\"index, follow, max-snippet:-1, max-image-preview:large, max-video-preview:-1\" \/>\n<link rel=\"canonical\" href=\"http:\/\/www.rumoasantiago.com\/frances\/2011\/08\/12\/rescaldo-da-etapa-11\/\" \/>\n<meta name=\"twitter:card\" content=\"summary_large_image\" \/>\n<meta name=\"twitter:title\" content=\"Rescaldo da Etapa 11 - Caminho Franc\u00eas de Santiago\" \/>\n<meta name=\"twitter:description\" content=\"E como tudo o que \u00e9 bom, a nossa aventura chegou ao fim. Eram cerca de 18h00 locais quando entr\u00e1mos na Pra\u00e7a do Obradoiro, na derradeira etapa da viagem que nos ocupou as mentes (e as pernas) nos \u00faltimos 11 dias. Come\u00e7\u00e1mos o dia relativamente cedo, pois \u00e0 semelhan\u00e7a do que se passa em todos [&hellip;]\" \/>\n<meta name=\"twitter:image\" content=\"http:\/\/www.rumoasantiago.com\/frances\/files\/2011\/08\/IMG_7222.jpg\" \/>\n<meta name=\"twitter:label1\" content=\"Escrito por\" \/>\n\t<meta name=\"twitter:data1\" content=\"norberto\" \/>\n\t<meta name=\"twitter:label2\" content=\"Tempo estimado de leitura\" \/>\n\t<meta name=\"twitter:data2\" content=\"5 minutos\" \/>\n<script type=\"application\/ld+json\" class=\"yoast-schema-graph\">{\"@context\":\"https:\/\/schema.org\",\"@graph\":[{\"@type\":\"WebPage\",\"@id\":\"http:\/\/www.rumoasantiago.com\/frances\/2011\/08\/12\/rescaldo-da-etapa-11\/\",\"url\":\"http:\/\/www.rumoasantiago.com\/frances\/2011\/08\/12\/rescaldo-da-etapa-11\/\",\"name\":\"Rescaldo da Etapa 11 - Caminho Franc\u00eas de Santiago\",\"isPartOf\":{\"@id\":\"http:\/\/www.rumoasantiago.com\/frances\/#website\"},\"datePublished\":\"2011-08-12T01:41:13+00:00\",\"dateModified\":\"2012-05-21T23:56:10+00:00\",\"author\":{\"@id\":\"http:\/\/www.rumoasantiago.com\/frances\/#\/schema\/person\/72f32049b1b85d455e20c086d02608ee\"},\"breadcrumb\":{\"@id\":\"http:\/\/www.rumoasantiago.com\/frances\/2011\/08\/12\/rescaldo-da-etapa-11\/#breadcrumb\"},\"inLanguage\":\"pt-PT\",\"potentialAction\":[{\"@type\":\"ReadAction\",\"target\":[\"http:\/\/www.rumoasantiago.com\/frances\/2011\/08\/12\/rescaldo-da-etapa-11\/\"]}]},{\"@type\":\"BreadcrumbList\",\"@id\":\"http:\/\/www.rumoasantiago.com\/frances\/2011\/08\/12\/rescaldo-da-etapa-11\/#breadcrumb\",\"itemListElement\":[{\"@type\":\"ListItem\",\"position\":1,\"name\":\"Home\",\"item\":\"http:\/\/www.rumoasantiago.com\/frances\/\"},{\"@type\":\"ListItem\",\"position\":2,\"name\":\"Rescaldo da Etapa 11\"}]},{\"@type\":\"WebSite\",\"@id\":\"http:\/\/www.rumoasantiago.com\/frances\/#website\",\"url\":\"http:\/\/www.rumoasantiago.com\/frances\/\",\"name\":\"Caminho Franc\u00eas de Santiago\",\"description\":\"Travessia do Caminho Franc\u00eas\",\"potentialAction\":[{\"@type\":\"SearchAction\",\"target\":{\"@type\":\"EntryPoint\",\"urlTemplate\":\"http:\/\/www.rumoasantiago.com\/frances\/?s={search_term_string}\"},\"query-input\":\"required name=search_term_string\"}],\"inLanguage\":\"pt-PT\"},{\"@type\":\"Person\",\"@id\":\"http:\/\/www.rumoasantiago.com\/frances\/#\/schema\/person\/72f32049b1b85d455e20c086d02608ee\",\"name\":\"norberto\",\"image\":{\"@type\":\"ImageObject\",\"inLanguage\":\"pt-PT\",\"@id\":\"http:\/\/www.rumoasantiago.com\/frances\/#\/schema\/person\/image\/\",\"url\":\"http:\/\/2.gravatar.com\/avatar\/258e8e796306c4f0066b7a531bd3db2d?s=96&d=mm&r=g\",\"contentUrl\":\"http:\/\/2.gravatar.com\/avatar\/258e8e796306c4f0066b7a531bd3db2d?s=96&d=mm&r=g\",\"caption\":\"norberto\"},\"url\":\"http:\/\/www.rumoasantiago.com\/frances\/author\/norberto\/\"}]}<\/script>\n<!-- \/ Yoast SEO plugin. -->","yoast_head_json":{"title":"Rescaldo da Etapa 11 - Caminho Franc\u00eas de Santiago","robots":{"index":"index","follow":"follow","max-snippet":"max-snippet:-1","max-image-preview":"max-image-preview:large","max-video-preview":"max-video-preview:-1"},"canonical":"http:\/\/www.rumoasantiago.com\/frances\/2011\/08\/12\/rescaldo-da-etapa-11\/","twitter_card":"summary_large_image","twitter_title":"Rescaldo da Etapa 11 - Caminho Franc\u00eas de Santiago","twitter_description":"E como tudo o que \u00e9 bom, a nossa aventura chegou ao fim. Eram cerca de 18h00 locais quando entr\u00e1mos na Pra\u00e7a do Obradoiro, na derradeira etapa da viagem que nos ocupou as mentes (e as pernas) nos \u00faltimos 11 dias. Come\u00e7\u00e1mos o dia relativamente cedo, pois \u00e0 semelhan\u00e7a do que se passa em todos [&hellip;]","twitter_image":"http:\/\/www.rumoasantiago.com\/frances\/files\/2011\/08\/IMG_7222.jpg","twitter_misc":{"Escrito por":"norberto","Tempo estimado de leitura":"5 minutos"},"schema":{"@context":"https:\/\/schema.org","@graph":[{"@type":"WebPage","@id":"http:\/\/www.rumoasantiago.com\/frances\/2011\/08\/12\/rescaldo-da-etapa-11\/","url":"http:\/\/www.rumoasantiago.com\/frances\/2011\/08\/12\/rescaldo-da-etapa-11\/","name":"Rescaldo da Etapa 11 - Caminho Franc\u00eas de Santiago","isPartOf":{"@id":"http:\/\/www.rumoasantiago.com\/frances\/#website"},"datePublished":"2011-08-12T01:41:13+00:00","dateModified":"2012-05-21T23:56:10+00:00","author":{"@id":"http:\/\/www.rumoasantiago.com\/frances\/#\/schema\/person\/72f32049b1b85d455e20c086d02608ee"},"breadcrumb":{"@id":"http:\/\/www.rumoasantiago.com\/frances\/2011\/08\/12\/rescaldo-da-etapa-11\/#breadcrumb"},"inLanguage":"pt-PT","potentialAction":[{"@type":"ReadAction","target":["http:\/\/www.rumoasantiago.com\/frances\/2011\/08\/12\/rescaldo-da-etapa-11\/"]}]},{"@type":"BreadcrumbList","@id":"http:\/\/www.rumoasantiago.com\/frances\/2011\/08\/12\/rescaldo-da-etapa-11\/#breadcrumb","itemListElement":[{"@type":"ListItem","position":1,"name":"Home","item":"http:\/\/www.rumoasantiago.com\/frances\/"},{"@type":"ListItem","position":2,"name":"Rescaldo da Etapa 11"}]},{"@type":"WebSite","@id":"http:\/\/www.rumoasantiago.com\/frances\/#website","url":"http:\/\/www.rumoasantiago.com\/frances\/","name":"Caminho Franc\u00eas de Santiago","description":"Travessia do Caminho Franc\u00eas","potentialAction":[{"@type":"SearchAction","target":{"@type":"EntryPoint","urlTemplate":"http:\/\/www.rumoasantiago.com\/frances\/?s={search_term_string}"},"query-input":"required name=search_term_string"}],"inLanguage":"pt-PT"},{"@type":"Person","@id":"http:\/\/www.rumoasantiago.com\/frances\/#\/schema\/person\/72f32049b1b85d455e20c086d02608ee","name":"norberto","image":{"@type":"ImageObject","inLanguage":"pt-PT","@id":"http:\/\/www.rumoasantiago.com\/frances\/#\/schema\/person\/image\/","url":"http:\/\/2.gravatar.com\/avatar\/258e8e796306c4f0066b7a531bd3db2d?s=96&d=mm&r=g","contentUrl":"http:\/\/2.gravatar.com\/avatar\/258e8e796306c4f0066b7a531bd3db2d?s=96&d=mm&r=g","caption":"norberto"},"url":"http:\/\/www.rumoasantiago.com\/frances\/author\/norberto\/"}]}},"publishpress_future_action":{"enabled":false,"date":"0","action":"","terms":[],"taxonomy":""},"_links":{"self":[{"href":"http:\/\/www.rumoasantiago.com\/frances\/wp-json\/wp\/v2\/posts\/902"}],"collection":[{"href":"http:\/\/www.rumoasantiago.com\/frances\/wp-json\/wp\/v2\/posts"}],"about":[{"href":"http:\/\/www.rumoasantiago.com\/frances\/wp-json\/wp\/v2\/types\/post"}],"author":[{"embeddable":true,"href":"http:\/\/www.rumoasantiago.com\/frances\/wp-json\/wp\/v2\/users\/1"}],"replies":[{"embeddable":true,"href":"http:\/\/www.rumoasantiago.com\/frances\/wp-json\/wp\/v2\/comments?post=902"}],"version-history":[{"count":5,"href":"http:\/\/www.rumoasantiago.com\/frances\/wp-json\/wp\/v2\/posts\/902\/revisions"}],"predecessor-version":[{"id":918,"href":"http:\/\/www.rumoasantiago.com\/frances\/wp-json\/wp\/v2\/posts\/902\/revisions\/918"}],"wp:featuredmedia":[{"embeddable":true,"href":"http:\/\/www.rumoasantiago.com\/frances\/wp-json\/wp\/v2\/media\/915"}],"wp:attachment":[{"href":"http:\/\/www.rumoasantiago.com\/frances\/wp-json\/wp\/v2\/media?parent=902"}],"wp:term":[{"taxonomy":"category","embeddable":true,"href":"http:\/\/www.rumoasantiago.com\/frances\/wp-json\/wp\/v2\/categories?post=902"},{"taxonomy":"post_tag","embeddable":true,"href":"http:\/\/www.rumoasantiago.com\/frances\/wp-json\/wp\/v2\/tags?post=902"}],"curies":[{"name":"wp","href":"https:\/\/api.w.org\/{rel}","templated":true}]}}