{"id":899,"date":"2011-08-09T21:39:37","date_gmt":"2011-08-09T20:39:37","guid":{"rendered":"http:\/\/www.rumoasantiago.com\/2011\/08\/09\/rescaldo-da-etapa-10\/"},"modified":"2012-05-21T23:56:18","modified_gmt":"2012-05-21T23:56:18","slug":"rescaldo-da-etapa-10","status":"publish","type":"post","link":"http:\/\/www.rumoasantiago.com\/frances\/2011\/08\/09\/rescaldo-da-etapa-10\/","title":{"rendered":"Rescaldo da Etapa 10"},"content":{"rendered":"<p>A etapa de hoje resume-se a uma palavra: fant\u00e1stica! Se houvesse um dicion\u00e1rio do Caminho, Galiza seria sin\u00f3nimo de verde e de sobe e desce.<br \/>\nA sa\u00edda de Triacastela foi particularmente gelada, com uma temperatura particularmente baixa. Tom\u00e1mos o pequeno almo\u00e7o num pequeno caf\u00e9 perto do albergue, onde reencontr\u00e1mos dois sul coreanos que tinham passado pelo nosso albergue no dia anterior, \u00e0 procura de sitio para dormir. N\u00e3o conseguiram lugar no nosso albergue, mas de alguma forma conseguiram dormir na localidade.<br \/>\nFomos descendo pela estrada, que ia alternando com percursos em terra. Ali\u00e1s, a etapa de hoje foi muito neste g\u00e9nero.<br \/>\nA certa altura tivemos de fazer uma nova op\u00e7\u00e3o de caminho e dado que o que consta \u00e9 que o percurso de Samos \u00e9 muito mais bonito que o de San Xil, fomos por a\u00ed.<br \/>\nAs descidas foram fant\u00e1sticas, em trilhos que s\u00e3o do melhor que pode haver.<br \/>\nSamos tem um mosteiro fant\u00e1stico, embelezado pelo rio Sarria que passa pela localidade. Ap\u00f3s uma breve volta ao monumento para o registar em foto, seguimos viagem.<br \/>\nMais tarde, quando eu e o Ricardo abord\u00e1mos um trilho que estava marcado no track gps que t\u00ednhamos carregado e que era uma alternativa ao alcatr\u00e3o, separ\u00e1mo-nos do \u00d3scar. E como n\u00e3o seguimos em frente em certa parte do percurso alternativo, acab\u00e1mos por andar \u00e0s voltas num monte que aparentemente n\u00e3o tinha sa\u00edda. Volt\u00e1mos para tr\u00e1s e seguimos caminho pela estrada.<br \/>\nMais adiante, enquanto o Ricardo seguia um pouco adiantado em rela\u00e7\u00e3o a mim, n\u00e3o se apercebeu de uma marca\u00e7\u00e3o do caminho e que indicava para a direita. Ainda chamei por ele, mas como seguiu assumi, tivesse optado por seguir pelo alcatr\u00e3o, dado que os trav\u00f5es quer da frente quer de tr\u00e1s da bicicleta do Ricardo j\u00e1 viram melhores dias.<br \/>\nSegui viagem por trilhos fabulosos, com v\u00e1rios single tracks de cortar a respira\u00e7\u00e3o. Tenho imensa pena que a GoPro s\u00f3 chegue no fim do m\u00eas, porque n\u00e3o h\u00e1 palavras ou fotografias de descrevam estes trilhos. Acabei por me encontrar com o \u00d3scar mais tarde, na localidade de Sarria, junto a uma loja de bicicletas. Como tinha ficado mais ou menos assente que \u00edamos tentar a repara\u00e7\u00e3o dos trav\u00f5es nesta localidade, esper\u00e1mos cerca de 1 hora pelo Ricardo. Na realidade ele j\u00e1 ia mais adiantado, dado que foi seguindo o track que t\u00ednhamos para a etapa de hoje e como aparentemente este passa por caminhos que est\u00e3o inutilizados de momento, acabou por passar longe de Sarria.<br \/>\nAcab\u00e1mos por reencontrar o Ricardo em Porto Marin, numa altura em que eu e o \u00d3scar est\u00e1vamos a tratar da sa\u00fade a uma empanada de atum e a duas coca colas para o almo\u00e7o.<br \/>\nNo caminho at\u00e9 Porto Marin pass\u00e1mos por um grupo portugu\u00eas de jovens que, ao verem a bandeira portuguesa que trago na mochila, me reconheceram como portugu\u00eas. Fizeram uma festa enorme, enquanto lhes acenei e os perdi de vista na valente descida por onde seguia.<br \/>\nDepois da terminado o almo\u00e7o, o Ricardo seguiu viagem. Eu e o \u00d3scar opt\u00e1mos pela instaurada siesta digestiva e sa\u00edmos de Porto Marin um pouco antes das 16h.<br \/>\nPorto Marin foi o ponto mais baixo do dia em termos geogr\u00e1ficos, pelo que j\u00e1 se adivinhava uma bela subida at\u00e9 ao nosso destino.<br \/>\nAtravess\u00e1mos a ponte que passa por cima do rio Minho (o &#8220;nosso&#8221; Minho que faz a fronteira entre Valen\u00e7a e Tui) e come\u00e7\u00e1mos logo a esticar as pernas numa subida acentuada, num trilho alternativo ao original, uma vez que este \u00faltimo se encontra de momento encerrado para obras.<br \/>\nO restante percurso foi pac\u00edfico, com subidas progressivas ora por caminho, ora por alcatr\u00e3o.<br \/>\nCheg\u00e1mos a Palas de Rei por volta das 17h20, e ap\u00f3s um merecido banho fomos dar uma volta na povoa\u00e7\u00e3o em busca de um s\u00edtio para jantar.<br \/>\nComo o frio que se faz sentir n\u00e3o apela muito ao passeio na rua e como a vontade de descansar \u00e9 consider\u00e1vel, retir\u00e1mo-nos aos nossos aposentos naquela que ser\u00e1 a \u00faltima noite em albergue. Creio que mesmo tendo em conta as vezes que partilh\u00e1mos a divis\u00e3o com v\u00e1rios peregrinos e os roncares e outros ru\u00eddos indiscretos que se fizeram ouvir de vez em quando, vamos sentir saudades desta rotina di\u00e1ria.<br \/>\nAmanh\u00e3 partiremos Rumo a Santiago, na derradeira etapa desta grande odisseia. Faltam cerca de 65 quil\u00f3metros para o nosso destino e embora a hora de chegada seja sempre uma inc\u00f3gnita, esperamos entrar na Pra\u00e7a do Obradoiro entre as 17 ou 18 horas locais. Podem acompanhar o nosso progresso, como sempre, no mapa din\u00e2mico do nosso site e com um pouco de sorte e pontaria no olhar, pode ser que nos vejam na webcam que est\u00e1 instalada na Pra\u00e7a e cujo feed podem encontrar na nossa sec\u00e7\u00e3o de multim\u00e9dia.<\/p>\n<p>ULTREIA<\/p>\n<p><img decoding=\"async\" style=\"display: block; margin-right: auto; margin-left: auto;\" src=\"http:\/\/www.rumoasantiago.com\/wp-content\/blogs.dir\/3\/files\/2011\/08\/wpid-IMG_7126-1.jpg\" alt=\"image\" \/><br \/>\n<img decoding=\"async\" style=\"display: block; margin-right: auto; margin-left: auto;\" src=\"http:\/\/www.rumoasantiago.com\/wp-content\/blogs.dir\/3\/files\/2011\/08\/wpid-IMG_7034-1.jpg\" alt=\"image\" \/><br \/>\n<img decoding=\"async\" style=\"display: block; margin-right: auto; margin-left: auto;\" src=\"http:\/\/www.rumoasantiago.com\/wp-content\/blogs.dir\/3\/files\/2011\/08\/wpid-IMG_7040-1.jpg\" alt=\"image\" \/><br \/>\n<img decoding=\"async\" style=\"display: block; margin-right: auto; margin-left: auto;\" src=\"http:\/\/www.rumoasantiago.com\/wp-content\/blogs.dir\/3\/files\/2011\/08\/wpid-IMG_7048-1.jpg\" alt=\"image\" \/><br \/>\n<img decoding=\"async\" style=\"display: block; margin-right: auto; margin-left: auto;\" src=\"http:\/\/www.rumoasantiago.com\/wp-content\/blogs.dir\/3\/files\/2011\/08\/wpid-IMG_7056-1.jpg\" alt=\"image\" \/><br \/>\n<img decoding=\"async\" style=\"display: block; margin-right: auto; margin-left: auto;\" src=\"http:\/\/www.rumoasantiago.com\/wp-content\/blogs.dir\/3\/files\/2011\/08\/wpid-IMG_7057-1.jpg\" alt=\"image\" \/><br \/>\n<img decoding=\"async\" style=\"display: block; margin-right: auto; margin-left: auto;\" src=\"http:\/\/www.rumoasantiago.com\/wp-content\/blogs.dir\/3\/files\/2011\/08\/wpid-IMG_7073-1.jpg\" alt=\"image\" \/><br \/>\n<img decoding=\"async\" style=\"display: block; margin-right: auto; margin-left: auto;\" src=\"http:\/\/www.rumoasantiago.com\/wp-content\/blogs.dir\/3\/files\/2011\/08\/wpid-IMG_7078-1.jpg\" alt=\"image\" \/><br \/>\n<img decoding=\"async\" style=\"display: block; margin-right: auto; margin-left: auto;\" src=\"http:\/\/www.rumoasantiago.com\/wp-content\/blogs.dir\/3\/files\/2011\/08\/wpid-IMG_7079-1.jpg\" alt=\"image\" \/><br \/>\n<img decoding=\"async\" style=\"display: block; margin-right: auto; margin-left: auto;\" src=\"http:\/\/www.rumoasantiago.com\/wp-content\/blogs.dir\/3\/files\/2011\/08\/wpid-IMG_7083.jpg\" alt=\"image\" \/><br \/>\n<img decoding=\"async\" style=\"display: block; margin-right: auto; margin-left: auto;\" src=\"http:\/\/www.rumoasantiago.com\/wp-content\/blogs.dir\/3\/files\/2011\/08\/wpid-IMG_7090-1.jpg\" alt=\"image\" \/><br \/>\n<img decoding=\"async\" style=\"display: block; margin-right: auto; margin-left: auto;\" src=\"http:\/\/www.rumoasantiago.com\/wp-content\/blogs.dir\/3\/files\/2011\/08\/wpid-IMG_7105-1.jpg\" alt=\"image\" \/><br \/>\n<img decoding=\"async\" style=\"display: block; margin-right: auto; margin-left: auto;\" src=\"http:\/\/www.rumoasantiago.com\/wp-content\/blogs.dir\/3\/files\/2011\/08\/wpid-IMG_7110-1.jpg\" alt=\"image\" \/><br \/>\n<img decoding=\"async\" style=\"display: block; margin-right: auto; margin-left: auto;\" src=\"http:\/\/www.rumoasantiago.com\/wp-content\/blogs.dir\/3\/files\/2011\/08\/wpid-IMG_7118-1.jpg\" alt=\"image\" \/><br \/>\n<img decoding=\"async\" style=\"display: block; margin-right: auto; margin-left: auto;\" src=\"http:\/\/www.rumoasantiago.com\/wp-content\/blogs.dir\/3\/files\/2011\/08\/wpid-IMG_7126-11.jpg\" alt=\"image\" \/><br \/>\n<img decoding=\"async\" style=\"display: block; margin-right: auto; margin-left: auto;\" src=\"http:\/\/www.rumoasantiago.com\/wp-content\/blogs.dir\/3\/files\/2011\/08\/wpid-IMG_7128-1.jpg\" alt=\"image\" \/><br \/>\n<img decoding=\"async\" style=\"display: block; margin-right: auto; margin-left: auto;\" src=\"http:\/\/www.rumoasantiago.com\/wp-content\/blogs.dir\/3\/files\/2011\/08\/wpid-IMG_7135-1.jpg\" alt=\"image\" \/><br \/>\n<img decoding=\"async\" style=\"display: block; margin-right: auto; margin-left: auto;\" src=\"http:\/\/www.rumoasantiago.com\/wp-content\/blogs.dir\/3\/files\/2011\/08\/wpid-IMG_7139-1.jpg\" alt=\"image\" \/><\/p>\n<div class=\"al2fb_like_button\"><div id=\"fb-root\"><\/div><script type=\"text\/javascript\">\n(function(d, s, id) {\n  var js, fjs = d.getElementsByTagName(s)[0];\n  if (d.getElementById(id)) return;\n  js = d.createElement(s); js.id = id;\n  js.src = \"\/\/connect.facebook.net\/pt_PT\/all.js#xfbml=1&appId=118672068213591\";\n  fjs.parentNode.insertBefore(js, fjs);\n}(document, \"script\", \"facebook-jssdk\"));\n<\/script>\n<fb:like href=\"http:\/\/www.rumoasantiago.com\/frances\/2011\/08\/09\/rescaldo-da-etapa-10\/\" layout=\"button_count\" show_faces=\"true\" share=\"false\" width=\"450\" action=\"like\" font=\"arial\" colorscheme=\"light\" ref=\"AL2FB\"><\/fb:like><\/div>","protected":false},"excerpt":{"rendered":"<p>A etapa de hoje resume-se a uma palavra: fant\u00e1stica! Se houvesse um dicion\u00e1rio do Caminho, Galiza seria sin\u00f3nimo de verde e de sobe e desce. A sa\u00edda de Triacastela foi particularmente gelada, com uma temperatura particularmente baixa. Tom\u00e1mos o pequeno almo\u00e7o num pequeno caf\u00e9 perto do albergue, onde reencontr\u00e1mos dois sul coreanos que tinham passado [&hellip;]<\/p>\n","protected":false},"author":1,"featured_media":0,"comment_status":"open","ping_status":"open","sticky":false,"template":"","format":"standard","meta":[],"categories":[1,5,7,20],"tags":[],"yoast_head":"<!-- This site is optimized with the Yoast SEO plugin v20.10 - https:\/\/yoast.com\/wordpress\/plugins\/seo\/ -->\n<title>Rescaldo da Etapa 10 - Caminho Franc\u00eas de Santiago<\/title>\n<meta name=\"robots\" content=\"index, follow, max-snippet:-1, max-image-preview:large, max-video-preview:-1\" \/>\n<link rel=\"canonical\" href=\"http:\/\/www.rumoasantiago.com\/frances\/2011\/08\/09\/rescaldo-da-etapa-10\/\" \/>\n<meta name=\"twitter:card\" content=\"summary_large_image\" \/>\n<meta name=\"twitter:title\" content=\"Rescaldo da Etapa 10 - Caminho Franc\u00eas de Santiago\" \/>\n<meta name=\"twitter:description\" content=\"A etapa de hoje resume-se a uma palavra: fant\u00e1stica! Se houvesse um dicion\u00e1rio do Caminho, Galiza seria sin\u00f3nimo de verde e de sobe e desce. A sa\u00edda de Triacastela foi particularmente gelada, com uma temperatura particularmente baixa. Tom\u00e1mos o pequeno almo\u00e7o num pequeno caf\u00e9 perto do albergue, onde reencontr\u00e1mos dois sul coreanos que tinham passado [&hellip;]\" \/>\n<meta name=\"twitter:image\" content=\"http:\/\/www.rumoasantiago.com\/wp-content\/blogs.dir\/3\/files\/2011\/08\/wpid-IMG_7126-1.jpg\" \/>\n<meta name=\"twitter:label1\" content=\"Escrito por\" \/>\n\t<meta name=\"twitter:data1\" content=\"norberto\" \/>\n\t<meta name=\"twitter:label2\" content=\"Tempo estimado de leitura\" \/>\n\t<meta name=\"twitter:data2\" content=\"4 minutos\" \/>\n<script type=\"application\/ld+json\" class=\"yoast-schema-graph\">{\"@context\":\"https:\/\/schema.org\",\"@graph\":[{\"@type\":\"WebPage\",\"@id\":\"http:\/\/www.rumoasantiago.com\/frances\/2011\/08\/09\/rescaldo-da-etapa-10\/\",\"url\":\"http:\/\/www.rumoasantiago.com\/frances\/2011\/08\/09\/rescaldo-da-etapa-10\/\",\"name\":\"Rescaldo da Etapa 10 - Caminho Franc\u00eas de Santiago\",\"isPartOf\":{\"@id\":\"https:\/\/www.rumoasantiago.com\/frances\/#website\"},\"datePublished\":\"2011-08-09T20:39:37+00:00\",\"dateModified\":\"2012-05-21T23:56:18+00:00\",\"author\":{\"@id\":\"https:\/\/www.rumoasantiago.com\/frances\/#\/schema\/person\/72f32049b1b85d455e20c086d02608ee\"},\"breadcrumb\":{\"@id\":\"http:\/\/www.rumoasantiago.com\/frances\/2011\/08\/09\/rescaldo-da-etapa-10\/#breadcrumb\"},\"inLanguage\":\"pt-PT\",\"potentialAction\":[{\"@type\":\"ReadAction\",\"target\":[\"http:\/\/www.rumoasantiago.com\/frances\/2011\/08\/09\/rescaldo-da-etapa-10\/\"]}]},{\"@type\":\"BreadcrumbList\",\"@id\":\"http:\/\/www.rumoasantiago.com\/frances\/2011\/08\/09\/rescaldo-da-etapa-10\/#breadcrumb\",\"itemListElement\":[{\"@type\":\"ListItem\",\"position\":1,\"name\":\"Home\",\"item\":\"https:\/\/www.rumoasantiago.com\/frances\/\"},{\"@type\":\"ListItem\",\"position\":2,\"name\":\"Rescaldo da Etapa 10\"}]},{\"@type\":\"WebSite\",\"@id\":\"https:\/\/www.rumoasantiago.com\/frances\/#website\",\"url\":\"https:\/\/www.rumoasantiago.com\/frances\/\",\"name\":\"Caminho Franc\u00eas de Santiago\",\"description\":\"Travessia do Caminho Franc\u00eas\",\"potentialAction\":[{\"@type\":\"SearchAction\",\"target\":{\"@type\":\"EntryPoint\",\"urlTemplate\":\"https:\/\/www.rumoasantiago.com\/frances\/?s={search_term_string}\"},\"query-input\":\"required name=search_term_string\"}],\"inLanguage\":\"pt-PT\"},{\"@type\":\"Person\",\"@id\":\"https:\/\/www.rumoasantiago.com\/frances\/#\/schema\/person\/72f32049b1b85d455e20c086d02608ee\",\"name\":\"norberto\",\"image\":{\"@type\":\"ImageObject\",\"inLanguage\":\"pt-PT\",\"@id\":\"https:\/\/www.rumoasantiago.com\/frances\/#\/schema\/person\/image\/\",\"url\":\"http:\/\/2.gravatar.com\/avatar\/258e8e796306c4f0066b7a531bd3db2d?s=96&d=mm&r=g\",\"contentUrl\":\"http:\/\/2.gravatar.com\/avatar\/258e8e796306c4f0066b7a531bd3db2d?s=96&d=mm&r=g\",\"caption\":\"norberto\"},\"url\":\"http:\/\/www.rumoasantiago.com\/frances\/author\/norberto\/\"}]}<\/script>\n<!-- \/ Yoast SEO plugin. -->","yoast_head_json":{"title":"Rescaldo da Etapa 10 - Caminho Franc\u00eas de Santiago","robots":{"index":"index","follow":"follow","max-snippet":"max-snippet:-1","max-image-preview":"max-image-preview:large","max-video-preview":"max-video-preview:-1"},"canonical":"http:\/\/www.rumoasantiago.com\/frances\/2011\/08\/09\/rescaldo-da-etapa-10\/","twitter_card":"summary_large_image","twitter_title":"Rescaldo da Etapa 10 - Caminho Franc\u00eas de Santiago","twitter_description":"A etapa de hoje resume-se a uma palavra: fant\u00e1stica! Se houvesse um dicion\u00e1rio do Caminho, Galiza seria sin\u00f3nimo de verde e de sobe e desce. A sa\u00edda de Triacastela foi particularmente gelada, com uma temperatura particularmente baixa. Tom\u00e1mos o pequeno almo\u00e7o num pequeno caf\u00e9 perto do albergue, onde reencontr\u00e1mos dois sul coreanos que tinham passado [&hellip;]","twitter_image":"http:\/\/www.rumoasantiago.com\/wp-content\/blogs.dir\/3\/files\/2011\/08\/wpid-IMG_7126-1.jpg","twitter_misc":{"Escrito por":"norberto","Tempo estimado de leitura":"4 minutos"},"schema":{"@context":"https:\/\/schema.org","@graph":[{"@type":"WebPage","@id":"http:\/\/www.rumoasantiago.com\/frances\/2011\/08\/09\/rescaldo-da-etapa-10\/","url":"http:\/\/www.rumoasantiago.com\/frances\/2011\/08\/09\/rescaldo-da-etapa-10\/","name":"Rescaldo da Etapa 10 - Caminho Franc\u00eas de Santiago","isPartOf":{"@id":"https:\/\/www.rumoasantiago.com\/frances\/#website"},"datePublished":"2011-08-09T20:39:37+00:00","dateModified":"2012-05-21T23:56:18+00:00","author":{"@id":"https:\/\/www.rumoasantiago.com\/frances\/#\/schema\/person\/72f32049b1b85d455e20c086d02608ee"},"breadcrumb":{"@id":"http:\/\/www.rumoasantiago.com\/frances\/2011\/08\/09\/rescaldo-da-etapa-10\/#breadcrumb"},"inLanguage":"pt-PT","potentialAction":[{"@type":"ReadAction","target":["http:\/\/www.rumoasantiago.com\/frances\/2011\/08\/09\/rescaldo-da-etapa-10\/"]}]},{"@type":"BreadcrumbList","@id":"http:\/\/www.rumoasantiago.com\/frances\/2011\/08\/09\/rescaldo-da-etapa-10\/#breadcrumb","itemListElement":[{"@type":"ListItem","position":1,"name":"Home","item":"https:\/\/www.rumoasantiago.com\/frances\/"},{"@type":"ListItem","position":2,"name":"Rescaldo da Etapa 10"}]},{"@type":"WebSite","@id":"https:\/\/www.rumoasantiago.com\/frances\/#website","url":"https:\/\/www.rumoasantiago.com\/frances\/","name":"Caminho Franc\u00eas de Santiago","description":"Travessia do Caminho Franc\u00eas","potentialAction":[{"@type":"SearchAction","target":{"@type":"EntryPoint","urlTemplate":"https:\/\/www.rumoasantiago.com\/frances\/?s={search_term_string}"},"query-input":"required name=search_term_string"}],"inLanguage":"pt-PT"},{"@type":"Person","@id":"https:\/\/www.rumoasantiago.com\/frances\/#\/schema\/person\/72f32049b1b85d455e20c086d02608ee","name":"norberto","image":{"@type":"ImageObject","inLanguage":"pt-PT","@id":"https:\/\/www.rumoasantiago.com\/frances\/#\/schema\/person\/image\/","url":"http:\/\/2.gravatar.com\/avatar\/258e8e796306c4f0066b7a531bd3db2d?s=96&d=mm&r=g","contentUrl":"http:\/\/2.gravatar.com\/avatar\/258e8e796306c4f0066b7a531bd3db2d?s=96&d=mm&r=g","caption":"norberto"},"url":"http:\/\/www.rumoasantiago.com\/frances\/author\/norberto\/"}]}},"publishpress_future_action":{"enabled":false,"date":"0","action":"","terms":[],"taxonomy":""},"_links":{"self":[{"href":"http:\/\/www.rumoasantiago.com\/frances\/wp-json\/wp\/v2\/posts\/899"}],"collection":[{"href":"http:\/\/www.rumoasantiago.com\/frances\/wp-json\/wp\/v2\/posts"}],"about":[{"href":"http:\/\/www.rumoasantiago.com\/frances\/wp-json\/wp\/v2\/types\/post"}],"author":[{"embeddable":true,"href":"http:\/\/www.rumoasantiago.com\/frances\/wp-json\/wp\/v2\/users\/1"}],"replies":[{"embeddable":true,"href":"http:\/\/www.rumoasantiago.com\/frances\/wp-json\/wp\/v2\/comments?post=899"}],"version-history":[{"count":3,"href":"http:\/\/www.rumoasantiago.com\/frances\/wp-json\/wp\/v2\/posts\/899\/revisions"}],"predecessor-version":[{"id":1036,"href":"http:\/\/www.rumoasantiago.com\/frances\/wp-json\/wp\/v2\/posts\/899\/revisions\/1036"}],"wp:attachment":[{"href":"http:\/\/www.rumoasantiago.com\/frances\/wp-json\/wp\/v2\/media?parent=899"}],"wp:term":[{"taxonomy":"category","embeddable":true,"href":"http:\/\/www.rumoasantiago.com\/frances\/wp-json\/wp\/v2\/categories?post=899"},{"taxonomy":"post_tag","embeddable":true,"href":"http:\/\/www.rumoasantiago.com\/frances\/wp-json\/wp\/v2\/tags?post=899"}],"curies":[{"name":"wp","href":"https:\/\/api.w.org\/{rel}","templated":true}]}}