{"id":784,"date":"2011-08-02T21:20:21","date_gmt":"2011-08-02T20:20:21","guid":{"rendered":"http:\/\/www.rumoasantiago.com\/2011\/08\/02\/rescaldo-da-etapa-3\/"},"modified":"2012-05-21T23:57:12","modified_gmt":"2012-05-21T23:57:12","slug":"rescaldo-da-etapa-3","status":"publish","type":"post","link":"http:\/\/www.rumoasantiago.com\/frances\/2011\/08\/02\/rescaldo-da-etapa-3\/","title":{"rendered":"Rescaldo da Etapa 3"},"content":{"rendered":"<p>Hoje tivemos uma etapa relativamente acess\u00edvel, o que foi perfeito para relaxar um pouco do esfor\u00e7o inicial das primeiras etapas.<br \/>\nA noite foi um pouco desconfort\u00e1vel. O quarto estava muito quente e como t\u00ednhamos a janela fechada, o calor tornou-se um pouco inc\u00f3modo.<br \/>\nDe madrugada acord\u00e1mos com uma trovoada como nunca tinha visto (ou ouvido, para ser mais preciso) e com uma chuva torrencial. Ainda meio a dormir peguei no foco de luz e fui a correr ao p\u00e1tio do albergue para recolher a roupa que tinha deixado estendida. Para al\u00e9m da molha que apanhei, a roupa ficou um pouco molhada e o resto da noite n\u00e3o foi suficiente para secar completamente.<br \/>\nO pequeno almo\u00e7o foi tomado no albergue, onde os propriet\u00e1rios deixaram p\u00e3o, doces, manteiga, entre outros \u00e0 disposi\u00e7\u00e3o. Deix\u00e1mos um pequeno donativo para agradecer pela refei\u00e7\u00e3o.<br \/>\nDado que no dia anterior pass\u00e1mos por trilhos muito secos, demos um jeito \u00e0s bicicletas limpando a transmiss\u00e3o e aplicando algum \u00f3leo.<br \/>\nEnquanto eu e o Ricardo trat\u00e1mos das bicicletas, o \u00d3scar foi buscar os mantimentos para o almo\u00e7o de hoje: a receita vencedora de ontem, p\u00e3o de baguette, presunto e queijo (hoje sem tomate, por esquecimento).<br \/>\nCom tudo isto acab\u00e1mos por sair a pouco mais de 10 minutos para as 11, francamente tarde.<br \/>\nA viagem ficou cedo marcada por um problema mec\u00e2nico no trav\u00e3o frontal da bicicleta do Ricardo, que j\u00e1 tinha dado sinal no dia anterior. Tendo em conta o comportamento, ser\u00e1 alguma fuga de \u00f3leo do circuito hidr\u00e1ulico, mas estamos j\u00e1 a fazer figas para que n\u00e3o seja isso.<br \/>\nNuma tentativa de testar os trav\u00f5es numa ponte de madeira, tivemos a primeira queda da viagem, digna dessa classifica\u00e7\u00e3o. Felizmente n\u00e3o passou de um susto e de uns pequenos arranh\u00f5es que fazem muitas vezes parte at\u00e9 das voltinhas de domingo.<br \/>\nO ponto alto da viagem foi na Fonte de Irache, a famosa fonte de vinho. Um pequeno gole para a foto e seguimos viagem.<br \/>\nO restante percurso da viagem foi pac\u00edfico, predominantemente em grandes estrad\u00f5es, com uma ou outra subida que deu mais luta.<br \/>\nCheg\u00e1mos a Viana por voltas das 14h20, a cerca de 10 quil\u00f3metros de Logro\u00f1o. Foi a altura perfeita para fazermos os nossos bocadillos e descansar um pouco \u00e0 sombra das \u00e1rvores.<br \/>\nUm pouco antes de arrancamos reencontr\u00e1mos um casal de cerca de 50 e poucos anos, de Barcelona, e que estavam no mesmo albergue que n\u00f3s.<br \/>\nPedal\u00e1mos com um ritmo certinho nos quil\u00f3metros finais, num percurso especialmente rolante.<br \/>\nAo chegarmos a Logro\u00f1o tivemos alguma dificuldade para encontrar o albergue, dado que n\u00e3o fica no caminho. Uma consulta r\u00e1pida ao GPS e cheg\u00e1mos ao albergue num \u00e1pice.<br \/>\nDesta vez vamos partilhar a divis\u00e3o com mais peregrinos, dado que s\u00f3 h\u00e1 uma divis\u00e3o no albergue. Se ficar completo (que \u00e9 bastante prov\u00e1vel), seremos 40 pessoas ao todo numa divis\u00e3o de cerca de 70 metros quadrados. A verdadeira experi\u00eancia do peregrino :).<br \/>\nAmanh\u00e3 esperam-nos 70 quil\u00f3metros, quase sempre a subir, ainda que se for ligeira. O esperamos que o jantar de massa italiana seja suficiente para aguentar a etapa.<\/p>\n<p>rumoasantiago.com<\/p>\n<p><img decoding=\"async\" style=\"display: block; margin-right: auto; margin-left: auto;\" src=\"http:\/\/www.rumoasantiago.com\/wp-content\/blogs.dir\/3\/files\/2011\/08\/wpid-IMG_6210-1.jpg\" alt=\"image\" \/><\/p>\n<div class=\"al2fb_like_button\"><div id=\"fb-root\"><\/div><script type=\"text\/javascript\">\n(function(d, s, id) {\n  var js, fjs = d.getElementsByTagName(s)[0];\n  if (d.getElementById(id)) return;\n  js = d.createElement(s); js.id = id;\n  js.src = \"\/\/connect.facebook.net\/pt_PT\/all.js#xfbml=1&appId=118672068213591\";\n  fjs.parentNode.insertBefore(js, fjs);\n}(document, \"script\", \"facebook-jssdk\"));\n<\/script>\n<fb:like href=\"http:\/\/www.rumoasantiago.com\/frances\/2011\/08\/02\/rescaldo-da-etapa-3\/\" layout=\"button_count\" show_faces=\"true\" share=\"false\" width=\"450\" action=\"like\" font=\"arial\" colorscheme=\"light\" ref=\"AL2FB\"><\/fb:like><\/div>","protected":false},"excerpt":{"rendered":"<p>Hoje tivemos uma etapa relativamente acess\u00edvel, o que foi perfeito para relaxar um pouco do esfor\u00e7o inicial das primeiras etapas. A noite foi um pouco desconfort\u00e1vel. O quarto estava muito quente e como t\u00ednhamos a janela fechada, o calor tornou-se um pouco inc\u00f3modo. De madrugada acord\u00e1mos com uma trovoada como nunca tinha visto (ou ouvido, [&hellip;]<\/p>\n","protected":false},"author":1,"featured_media":0,"comment_status":"open","ping_status":"open","sticky":false,"template":"","format":"standard","meta":[],"categories":[1,5,7,20],"tags":[],"yoast_head":"<!-- This site is optimized with the Yoast SEO plugin v20.10 - https:\/\/yoast.com\/wordpress\/plugins\/seo\/ -->\n<title>Rescaldo da Etapa 3 - Caminho Franc\u00eas de Santiago<\/title>\n<meta name=\"robots\" content=\"index, follow, max-snippet:-1, max-image-preview:large, max-video-preview:-1\" \/>\n<link rel=\"canonical\" href=\"http:\/\/www.rumoasantiago.com\/frances\/2011\/08\/02\/rescaldo-da-etapa-3\/\" \/>\n<meta name=\"twitter:card\" content=\"summary_large_image\" \/>\n<meta name=\"twitter:title\" content=\"Rescaldo da Etapa 3 - Caminho Franc\u00eas de Santiago\" \/>\n<meta name=\"twitter:description\" content=\"Hoje tivemos uma etapa relativamente acess\u00edvel, o que foi perfeito para relaxar um pouco do esfor\u00e7o inicial das primeiras etapas. A noite foi um pouco desconfort\u00e1vel. O quarto estava muito quente e como t\u00ednhamos a janela fechada, o calor tornou-se um pouco inc\u00f3modo. De madrugada acord\u00e1mos com uma trovoada como nunca tinha visto (ou ouvido, [&hellip;]\" \/>\n<meta name=\"twitter:image\" content=\"http:\/\/www.rumoasantiago.com\/wp-content\/blogs.dir\/3\/files\/2011\/08\/wpid-IMG_6210-1.jpg\" \/>\n<meta name=\"twitter:label1\" content=\"Escrito por\" \/>\n\t<meta name=\"twitter:data1\" content=\"norberto\" \/>\n\t<meta name=\"twitter:label2\" content=\"Tempo estimado de leitura\" \/>\n\t<meta name=\"twitter:data2\" content=\"3 minutos\" \/>\n<script type=\"application\/ld+json\" class=\"yoast-schema-graph\">{\"@context\":\"https:\/\/schema.org\",\"@graph\":[{\"@type\":\"WebPage\",\"@id\":\"http:\/\/www.rumoasantiago.com\/frances\/2011\/08\/02\/rescaldo-da-etapa-3\/\",\"url\":\"http:\/\/www.rumoasantiago.com\/frances\/2011\/08\/02\/rescaldo-da-etapa-3\/\",\"name\":\"Rescaldo da Etapa 3 - Caminho Franc\u00eas de Santiago\",\"isPartOf\":{\"@id\":\"https:\/\/www.rumoasantiago.com\/frances\/#website\"},\"datePublished\":\"2011-08-02T20:20:21+00:00\",\"dateModified\":\"2012-05-21T23:57:12+00:00\",\"author\":{\"@id\":\"https:\/\/www.rumoasantiago.com\/frances\/#\/schema\/person\/72f32049b1b85d455e20c086d02608ee\"},\"breadcrumb\":{\"@id\":\"http:\/\/www.rumoasantiago.com\/frances\/2011\/08\/02\/rescaldo-da-etapa-3\/#breadcrumb\"},\"inLanguage\":\"pt-PT\",\"potentialAction\":[{\"@type\":\"ReadAction\",\"target\":[\"http:\/\/www.rumoasantiago.com\/frances\/2011\/08\/02\/rescaldo-da-etapa-3\/\"]}]},{\"@type\":\"BreadcrumbList\",\"@id\":\"http:\/\/www.rumoasantiago.com\/frances\/2011\/08\/02\/rescaldo-da-etapa-3\/#breadcrumb\",\"itemListElement\":[{\"@type\":\"ListItem\",\"position\":1,\"name\":\"Home\",\"item\":\"https:\/\/www.rumoasantiago.com\/frances\/\"},{\"@type\":\"ListItem\",\"position\":2,\"name\":\"Rescaldo da Etapa 3\"}]},{\"@type\":\"WebSite\",\"@id\":\"https:\/\/www.rumoasantiago.com\/frances\/#website\",\"url\":\"https:\/\/www.rumoasantiago.com\/frances\/\",\"name\":\"Caminho Franc\u00eas de Santiago\",\"description\":\"Travessia do Caminho Franc\u00eas\",\"potentialAction\":[{\"@type\":\"SearchAction\",\"target\":{\"@type\":\"EntryPoint\",\"urlTemplate\":\"https:\/\/www.rumoasantiago.com\/frances\/?s={search_term_string}\"},\"query-input\":\"required name=search_term_string\"}],\"inLanguage\":\"pt-PT\"},{\"@type\":\"Person\",\"@id\":\"https:\/\/www.rumoasantiago.com\/frances\/#\/schema\/person\/72f32049b1b85d455e20c086d02608ee\",\"name\":\"norberto\",\"image\":{\"@type\":\"ImageObject\",\"inLanguage\":\"pt-PT\",\"@id\":\"https:\/\/www.rumoasantiago.com\/frances\/#\/schema\/person\/image\/\",\"url\":\"http:\/\/2.gravatar.com\/avatar\/258e8e796306c4f0066b7a531bd3db2d?s=96&d=mm&r=g\",\"contentUrl\":\"http:\/\/2.gravatar.com\/avatar\/258e8e796306c4f0066b7a531bd3db2d?s=96&d=mm&r=g\",\"caption\":\"norberto\"},\"url\":\"http:\/\/www.rumoasantiago.com\/frances\/author\/norberto\/\"}]}<\/script>\n<!-- \/ Yoast SEO plugin. -->","yoast_head_json":{"title":"Rescaldo da Etapa 3 - Caminho Franc\u00eas de Santiago","robots":{"index":"index","follow":"follow","max-snippet":"max-snippet:-1","max-image-preview":"max-image-preview:large","max-video-preview":"max-video-preview:-1"},"canonical":"http:\/\/www.rumoasantiago.com\/frances\/2011\/08\/02\/rescaldo-da-etapa-3\/","twitter_card":"summary_large_image","twitter_title":"Rescaldo da Etapa 3 - Caminho Franc\u00eas de Santiago","twitter_description":"Hoje tivemos uma etapa relativamente acess\u00edvel, o que foi perfeito para relaxar um pouco do esfor\u00e7o inicial das primeiras etapas. A noite foi um pouco desconfort\u00e1vel. O quarto estava muito quente e como t\u00ednhamos a janela fechada, o calor tornou-se um pouco inc\u00f3modo. De madrugada acord\u00e1mos com uma trovoada como nunca tinha visto (ou ouvido, [&hellip;]","twitter_image":"http:\/\/www.rumoasantiago.com\/wp-content\/blogs.dir\/3\/files\/2011\/08\/wpid-IMG_6210-1.jpg","twitter_misc":{"Escrito por":"norberto","Tempo estimado de leitura":"3 minutos"},"schema":{"@context":"https:\/\/schema.org","@graph":[{"@type":"WebPage","@id":"http:\/\/www.rumoasantiago.com\/frances\/2011\/08\/02\/rescaldo-da-etapa-3\/","url":"http:\/\/www.rumoasantiago.com\/frances\/2011\/08\/02\/rescaldo-da-etapa-3\/","name":"Rescaldo da Etapa 3 - Caminho Franc\u00eas de Santiago","isPartOf":{"@id":"https:\/\/www.rumoasantiago.com\/frances\/#website"},"datePublished":"2011-08-02T20:20:21+00:00","dateModified":"2012-05-21T23:57:12+00:00","author":{"@id":"https:\/\/www.rumoasantiago.com\/frances\/#\/schema\/person\/72f32049b1b85d455e20c086d02608ee"},"breadcrumb":{"@id":"http:\/\/www.rumoasantiago.com\/frances\/2011\/08\/02\/rescaldo-da-etapa-3\/#breadcrumb"},"inLanguage":"pt-PT","potentialAction":[{"@type":"ReadAction","target":["http:\/\/www.rumoasantiago.com\/frances\/2011\/08\/02\/rescaldo-da-etapa-3\/"]}]},{"@type":"BreadcrumbList","@id":"http:\/\/www.rumoasantiago.com\/frances\/2011\/08\/02\/rescaldo-da-etapa-3\/#breadcrumb","itemListElement":[{"@type":"ListItem","position":1,"name":"Home","item":"https:\/\/www.rumoasantiago.com\/frances\/"},{"@type":"ListItem","position":2,"name":"Rescaldo da Etapa 3"}]},{"@type":"WebSite","@id":"https:\/\/www.rumoasantiago.com\/frances\/#website","url":"https:\/\/www.rumoasantiago.com\/frances\/","name":"Caminho Franc\u00eas de Santiago","description":"Travessia do Caminho Franc\u00eas","potentialAction":[{"@type":"SearchAction","target":{"@type":"EntryPoint","urlTemplate":"https:\/\/www.rumoasantiago.com\/frances\/?s={search_term_string}"},"query-input":"required name=search_term_string"}],"inLanguage":"pt-PT"},{"@type":"Person","@id":"https:\/\/www.rumoasantiago.com\/frances\/#\/schema\/person\/72f32049b1b85d455e20c086d02608ee","name":"norberto","image":{"@type":"ImageObject","inLanguage":"pt-PT","@id":"https:\/\/www.rumoasantiago.com\/frances\/#\/schema\/person\/image\/","url":"http:\/\/2.gravatar.com\/avatar\/258e8e796306c4f0066b7a531bd3db2d?s=96&d=mm&r=g","contentUrl":"http:\/\/2.gravatar.com\/avatar\/258e8e796306c4f0066b7a531bd3db2d?s=96&d=mm&r=g","caption":"norberto"},"url":"http:\/\/www.rumoasantiago.com\/frances\/author\/norberto\/"}]}},"publishpress_future_action":{"enabled":false,"date":"0","action":"","terms":[],"taxonomy":""},"_links":{"self":[{"href":"http:\/\/www.rumoasantiago.com\/frances\/wp-json\/wp\/v2\/posts\/784"}],"collection":[{"href":"http:\/\/www.rumoasantiago.com\/frances\/wp-json\/wp\/v2\/posts"}],"about":[{"href":"http:\/\/www.rumoasantiago.com\/frances\/wp-json\/wp\/v2\/types\/post"}],"author":[{"embeddable":true,"href":"http:\/\/www.rumoasantiago.com\/frances\/wp-json\/wp\/v2\/users\/1"}],"replies":[{"embeddable":true,"href":"http:\/\/www.rumoasantiago.com\/frances\/wp-json\/wp\/v2\/comments?post=784"}],"version-history":[{"count":3,"href":"http:\/\/www.rumoasantiago.com\/frances\/wp-json\/wp\/v2\/posts\/784\/revisions"}],"predecessor-version":[{"id":1044,"href":"http:\/\/www.rumoasantiago.com\/frances\/wp-json\/wp\/v2\/posts\/784\/revisions\/1044"}],"wp:attachment":[{"href":"http:\/\/www.rumoasantiago.com\/frances\/wp-json\/wp\/v2\/media?parent=784"}],"wp:term":[{"taxonomy":"category","embeddable":true,"href":"http:\/\/www.rumoasantiago.com\/frances\/wp-json\/wp\/v2\/categories?post=784"},{"taxonomy":"post_tag","embeddable":true,"href":"http:\/\/www.rumoasantiago.com\/frances\/wp-json\/wp\/v2\/tags?post=784"}],"curies":[{"name":"wp","href":"https:\/\/api.w.org\/{rel}","templated":true}]}}