{"id":431,"date":"2012-07-11T18:50:51","date_gmt":"2012-07-11T18:50:51","guid":{"rendered":"http:\/\/www.rumoasantiago.com\/?p=431"},"modified":"2013-05-13T15:16:43","modified_gmt":"2013-05-13T15:16:43","slug":"seleccao-de-albergues","status":"publish","type":"post","link":"http:\/\/www.rumoasantiago.com\/frances\/2012\/07\/11\/seleccao-de-albergues\/","title":{"rendered":"Selec\u00e7\u00e3o de albergues"},"content":{"rendered":"<p>Para fazermos esta travessia mais descansados relativamente ao alojamento, opt\u00e1mos por reservar antecipadamente uma s\u00e9rie de albergues.<\/p>\n<p>Como todos aqueles que j\u00e1 fizeram o caminho sabem, a reserva de lugar em albergues n\u00e3o \u00e9, por norma, poss\u00edvel. No entanto isso s\u00f3 acontece nos albergues municipais e o caminho franc\u00eas est\u00e1 repleto de albergues privados.<\/p>\n<p>Por isso pusemos m\u00e3os \u00e0 obra e procur\u00e1mos toda a informa\u00e7\u00e3o poss\u00edvel sobre as diversas ofertas de albergues privados. Em termos de pre\u00e7o, o custo \u00e9 normalmente mais elevado do que os cong\u00e9neres municipais (s\u00e3o, por norma, entre 2 a 4 euros mais caros).<\/p>\n<p>Alguns dos albergues que seleccion\u00e1mos pertencem \u00e0 rede Bikeline, uma rede de albergues definida pelo site <a href=\"http:\/\/www.bricigrino.com\" target=\"_blank\">bicigrino.com<\/a> e que inclui os albergues com as melhores condi\u00e7\u00f5es para quem faz o caminho de bicicleta.<\/p>\n<p>Aqui fica a nossa selec\u00e7\u00e3o para o alojamento:<\/p>\n<h1>Etapa 0 &#8211; Saint Jean Pied de Port<\/h1>\n<h2>Albergue Ultreia<\/h2>\n<p><strong><img decoding=\"async\" class=\"alignnone\" alt=\"\" src=\"http:\/\/www.ultreia64.fr\/wp-content\/uploads\/2012\/12\/Chambre-de-6-du-g%C3%AEte-Ultreia-Une-belle-chambre-de-6-sans-lit-superpos%C3%A92.jpg\" \/><br \/> <\/strong><\/p>\n<ul>\n<li><a href=\"http:\/\/www.ultreia64.fr\/\">http:\/\/www.ultreia64.fr\/<\/a><\/li>\n<li><a href=\"http:\/\/caminodesantiago.consumer.es\/albergue-ultreia-saint-jean\" target=\"_blank\">an\u00e1lise no site consumer.es<\/a><\/li>\n<li>Internet gratuita em PC e WiFi<\/li>\n<li>Bikeline<\/li>\n<li>15EUR\/cama<\/li>\n<\/ul>\n<p>&nbsp;<\/p>\n<h1>Etapa 1 &#8211; Zubiri<\/h1>\n<h2>Albergue Zaldiko<\/h2>\n<p><img decoding=\"async\" loading=\"lazy\" class=\"alignnone\" alt=\"\" src=\"http:\/\/static.consumer.es\/caminodesantiago\/camino-frances\/02\/imgs\/02-albergue-zaldiko.jpg\" width=\"315\" height=\"300\" \/><\/p>\n<ul>\n<li><a href=\"http:\/\/www.alberguezaldiko.com\/\">http:\/\/www.alberguezaldiko.com\/<\/a><\/li>\n<li><a href=\"http:\/\/caminodesantiago.consumer.es\/albergue-zaldiko\" target=\"_blank\">an\u00e1lise no site consumer.es<\/a><\/li>\n<li>Internet gr\u00e1tis, sem WiFi<\/li>\n<li>10EUR\/cama<\/li>\n<\/ul>\n<p>&nbsp;<\/p>\n<h1>Etapa 2 &#8211; Estella (Villatuerta)<\/h1>\n<h2>Albergue de Villatuerta<\/h2>\n<p><strong><img decoding=\"async\" loading=\"lazy\" class=\"alignnone\" alt=\"\" src=\"http:\/\/www.alberguevillatuerta.com\/images\/instalaciones\/recepcion-de-la-casa-magica.jpg\" width=\"384\" height=\"288\" \/><br \/> <\/strong><\/p>\n<ul>\n<li><a href=\"http:\/\/www.alberguevillatuerta.com\/\">http:\/\/www.alberguevillatuerta.com\/<\/a><\/li>\n<li><a href=\"http:\/\/caminodesantiago.consumer.es\/albergue-de-villatuerta\" target=\"_blank\">an\u00e1lise no site consumer.es<\/a><\/li>\n<li>Internet paga, sem WiFi<\/li>\n<li>10EUR\/cama<\/li>\n<\/ul>\n<p>&nbsp;<\/p>\n<h1>Etapa 3 &#8211; Logro\u00f1o<\/h1>\n<h2>Albergue de Peregrinos de Revellin<\/h2>\n<p><strong><img decoding=\"async\" loading=\"lazy\" class=\"alignnone\" alt=\"\" src=\"http:\/\/static.consumer.es\/caminodesantiago\/camino-frances\/07\/imgs\/04-albergue-puerta-del-revellin.jpg\" width=\"315\" height=\"315\" \/><br \/> <\/strong><\/p>\n<ul>\n<li><a href=\"http:\/\/www.alberguerevellin.es\/\">http:\/\/www.alberguerevellin.es\/<\/a><\/li>\n<li><a href=\"http:\/\/caminodesantiago.consumer.es\/albergue-de-peregrinos-puerta-del-revellin\" target=\"_blank\">an\u00e1lise no site consumer.es<\/a><\/li>\n<li>Internet paga e com WiFi (servi\u00e7o independente do albergue)<\/li>\n<li>11,5EUR\/cama<\/li>\n<\/ul>\n<p>&nbsp;<\/p>\n<h1>Etapa 4 &#8211; Belorado<\/h1>\n<h2>Albergue A Santiago<\/h2>\n<p><strong><img decoding=\"async\" loading=\"lazy\" class=\"alignnone\" alt=\"\" src=\"http:\/\/static.consumer.es\/caminodesantiago\/camino-frances\/10\/imgs\/06-albergue-a-santiago.jpg\" width=\"170\" height=\"114\" \/><br \/> <\/strong><\/p>\n<ul>\n<li><a href=\"http:\/\/www.a-santiago.es\/\">http:\/\/www.a-santiago.es\/<\/a><\/li>\n<li><a href=\"http:\/\/caminodesantiago.consumer.es\/albergue-a-santiago\" target=\"_blank\">an\u00e1lise no site consumer.es<\/a><\/li>\n<li>Bikeline<\/li>\n<li>Internet paga, sem WiFi<\/li>\n<li>14EUR\/cama<\/li>\n<\/ul>\n<p>&nbsp;<\/p>\n<h1>Etapa 5 &#8211; Hontanas<\/h1>\n<h2>Albergue Santa Br\u00edgida<\/h2>\n<p><strong><img decoding=\"async\" loading=\"lazy\" class=\"alignnone\" alt=\"\" src=\"http:\/\/www.bicigrino.info\/bikeline\/img\/p\/20-181-large.jpg\" width=\"300\" height=\"300\" \/><br \/> <\/strong><\/p>\n<ul>\n<li>sem site oficial<\/li>\n<li><a href=\"http:\/\/caminodesantiago.consumer.es\/albergue-santa-brigida\" target=\"_blank\">an\u00e1lise no site consumer.es<\/a><\/li>\n<li>Bikeline<\/li>\n<li>Sem Internet<\/li>\n<li>6EUR\/cama<\/li>\n<\/ul>\n<p>&nbsp;<\/p>\n<h1>Etapa 6 &#8211; Terradillos de los Templarios<\/h1>\n<h2>Albergue Los Templarios<\/h2>\n<p><strong><img decoding=\"async\" loading=\"lazy\" class=\"alignnone\" alt=\"\" src=\"http:\/\/static.consumer.es\/caminodesantiago\/camino-frances\/16\/imgs\/04-albergue-los-templarios.jpg\" width=\"315\" height=\"209\" \/><br \/> <\/strong><\/p>\n<ul>\n<li><a href=\"http:\/\/www.alberguelostemplarios.com\/\">http:\/\/www.alberguelostemplarios.com\/<\/a><\/li>\n<li><a href=\"http:\/\/caminodesantiago.consumer.es\/albergue-los-templarios\" target=\"_blank\">an\u00e1lise no site consumer.es<\/a><\/li>\n<li>Internet paga, sem WiFi<\/li>\n<li>7EUR\/cama<\/li>\n<\/ul>\n<p>&nbsp;<\/p>\n<h1>Etapa 7 &#8211; Villar de Mazarife<\/h1>\n<h2>Albergue San Antonio de Padua<\/h2>\n<p><strong><img decoding=\"async\" loading=\"lazy\" class=\"alignnone\" alt=\"\" src=\"http:\/\/static.consumer.es\/caminodesantiago\/camino-frances\/19\/imgs\/albergue-san-antonio-de-padua.jpg\" width=\"315\" height=\"236\" \/><br \/> <\/strong><\/p>\n<ul>\n<li>sem site oficial<\/li>\n<li><a href=\"http:\/\/caminodesantiago.consumer.es\/albergue-san-antonio-de-padua\" target=\"_blank\">an\u00e1lise no site consumer.es<\/a><\/li>\n<li>Internet paga, sem WiFi<\/li>\n<li>6EUR\/cama<\/li>\n<\/ul>\n<p>&nbsp;<\/p>\n<h1>Etapa 8 &#8211; Villa Franca de Bierzo<\/h1>\n<h2>Albergue de la Piedra<\/h2>\n<p><strong><img decoding=\"async\" loading=\"lazy\" class=\"alignnone\" alt=\"\" src=\"http:\/\/static.consumer.es\/caminodesantiago\/camino-frances\/23\/imgs\/albergue-de-la-piedra.jpg\" width=\"315\" height=\"300\" \/><br \/> <\/strong><\/p>\n<ul>\n<li><a href=\"http:\/\/www.alberguedelapiedra.com\/\">http:\/\/www.alberguedelapiedra.com\/<\/a><\/li>\n<li><a href=\"http:\/\/caminodesantiago.consumer.es\/albergue-de-la-piedra\" target=\"_blank\">an\u00e1lise no site consumer.es<\/a><\/li>\n<li>Internet com WiFi gr\u00e1tis<\/li>\n<li>20EUR\/quarto duplo<\/li>\n<\/ul>\n<p>&nbsp;<\/p>\n<h1>Etapa 9 &#8211; Triacastela<\/h1>\n<h2>Albergue Refugio del Oribio<\/h2>\n<p><strong><img decoding=\"async\" loading=\"lazy\" class=\"alignnone\" alt=\"\" src=\"http:\/\/static.consumer.es\/caminodesantiago\/camino-frances\/25\/imgs\/06-albergue-refugio-del-oribio.jpg\" width=\"315\" height=\"209\" \/><br \/> <\/strong><\/p>\n<ul>\n<li><a href=\"http:\/\/albergueoribio.netai.net\/\">http:\/\/albergueoribio.netai.net\/<\/a><\/li>\n<li><a href=\"http:\/\/caminodesantiago.consumer.es\/albergue-refugio-del-oribio\" target=\"_blank\">an\u00e1lise no site consumer.es<\/a><\/li>\n<li>Internet paga sem WiFi<\/li>\n<li>9EUR\/cama<\/li>\n<\/ul>\n<p>&nbsp;<\/p>\n<h1>Etapa 10 &#8211; Palas de Rei<\/h1>\n<h2>Albergue Mes\u00f3n del Benito<\/h2>\n<p><strong><img decoding=\"async\" loading=\"lazy\" class=\"alignnone\" alt=\"\" src=\"http:\/\/static.consumer.es\/caminodesantiago\/camino-frances\/28\/imgs\/meson-de-benito.jpg\" width=\"315\" height=\"315\" \/><br \/> <\/strong><\/p>\n<ul>\n<li><a href=\"http:\/\/www.alberguemesondebenito.com\/\">http:\/\/www.alberguemesondebenito.com\/<\/a><\/li>\n<li><a href=\"http:\/\/caminodesantiago.consumer.es\/albergue-meson-de-benito\" target=\"_blank\">an\u00e1lise no site consumer.es<\/a><\/li>\n<li>Internet com WiFi<\/li>\n<li>10EUR\/cama<\/li>\n<\/ul>\n<p>&nbsp;<\/p>\n<h1>Etapa 11 &#8211; Santiago de Compostela<\/h1>\n<p>Ainda estamos a decidir a melhor op\u00e7\u00e3o para o alojamento em Santiago. Contudo, a ideia \u00e9 recorrermos a um hotel nesta cidade, para um descanso merecido ao fim da viagem.<\/p>\n<div class=\"al2fb_like_button\"><div id=\"fb-root\"><\/div><script type=\"text\/javascript\">\n(function(d, s, id) {\n  var js, fjs = d.getElementsByTagName(s)[0];\n  if (d.getElementById(id)) return;\n  js = d.createElement(s); js.id = id;\n  js.src = \"\/\/connect.facebook.net\/pt_PT\/all.js#xfbml=1&appId=118672068213591\";\n  fjs.parentNode.insertBefore(js, fjs);\n}(document, \"script\", \"facebook-jssdk\"));\n<\/script>\n<fb:like href=\"http:\/\/www.rumoasantiago.com\/frances\/2012\/07\/11\/seleccao-de-albergues\/\" layout=\"button_count\" show_faces=\"true\" share=\"false\" width=\"450\" action=\"like\" font=\"arial\" colorscheme=\"light\" ref=\"AL2FB\"><\/fb:like><\/div>","protected":false},"excerpt":{"rendered":"<p>Para fazermos esta travessia mais descansados relativamente ao alojamento, opt\u00e1mos por reservar antecipadamente uma s\u00e9rie de albergues. Como todos aqueles que j\u00e1 fizeram o caminho sabem, a reserva de lugar em albergues n\u00e3o \u00e9, por norma, poss\u00edvel. No entanto isso s\u00f3 acontece nos albergues municipais e o caminho franc\u00eas est\u00e1 repleto de albergues privados. Por [&hellip;]<\/p>\n","protected":false},"author":1,"featured_media":0,"comment_status":"open","ping_status":"open","sticky":false,"template":"","format":"standard","meta":[],"categories":[1,20,14,6],"tags":[],"yoast_head":"<!-- This site is optimized with the Yoast SEO plugin v20.10 - https:\/\/yoast.com\/wordpress\/plugins\/seo\/ -->\n<title>Selec\u00e7\u00e3o de albergues - Caminho Franc\u00eas de Santiago<\/title>\n<meta name=\"robots\" content=\"index, follow, max-snippet:-1, max-image-preview:large, max-video-preview:-1\" \/>\n<link rel=\"canonical\" href=\"https:\/\/www.rumoasantiago.com\/frances\/2012\/07\/11\/seleccao-de-albergues\/\" \/>\n<meta name=\"twitter:card\" content=\"summary_large_image\" \/>\n<meta name=\"twitter:title\" content=\"Selec\u00e7\u00e3o de albergues - Caminho Franc\u00eas de Santiago\" \/>\n<meta name=\"twitter:description\" content=\"Para fazermos esta travessia mais descansados relativamente ao alojamento, opt\u00e1mos por reservar antecipadamente uma s\u00e9rie de albergues. Como todos aqueles que j\u00e1 fizeram o caminho sabem, a reserva de lugar em albergues n\u00e3o \u00e9, por norma, poss\u00edvel. No entanto isso s\u00f3 acontece nos albergues municipais e o caminho franc\u00eas est\u00e1 repleto de albergues privados. Por [&hellip;]\" \/>\n<meta name=\"twitter:image\" content=\"http:\/\/www.ultreia64.fr\/wp-content\/uploads\/2012\/12\/Chambre-de-6-du-g%C3%AEte-Ultreia-Une-belle-chambre-de-6-sans-lit-superpos%C3%A92.jpg\" \/>\n<meta name=\"twitter:label1\" content=\"Escrito por\" \/>\n\t<meta name=\"twitter:data1\" content=\"norberto\" \/>\n\t<meta name=\"twitter:label2\" content=\"Tempo estimado de leitura\" \/>\n\t<meta name=\"twitter:data2\" content=\"2 minutos\" \/>\n<script type=\"application\/ld+json\" class=\"yoast-schema-graph\">{\"@context\":\"https:\/\/schema.org\",\"@graph\":[{\"@type\":\"WebPage\",\"@id\":\"https:\/\/www.rumoasantiago.com\/frances\/2012\/07\/11\/seleccao-de-albergues\/\",\"url\":\"https:\/\/www.rumoasantiago.com\/frances\/2012\/07\/11\/seleccao-de-albergues\/\",\"name\":\"Selec\u00e7\u00e3o de albergues - Caminho Franc\u00eas de Santiago\",\"isPartOf\":{\"@id\":\"http:\/\/www.rumoasantiago.com\/frances\/#website\"},\"datePublished\":\"2012-07-11T18:50:51+00:00\",\"dateModified\":\"2013-05-13T15:16:43+00:00\",\"author\":{\"@id\":\"http:\/\/www.rumoasantiago.com\/frances\/#\/schema\/person\/72f32049b1b85d455e20c086d02608ee\"},\"breadcrumb\":{\"@id\":\"https:\/\/www.rumoasantiago.com\/frances\/2012\/07\/11\/seleccao-de-albergues\/#breadcrumb\"},\"inLanguage\":\"pt-PT\",\"potentialAction\":[{\"@type\":\"ReadAction\",\"target\":[\"https:\/\/www.rumoasantiago.com\/frances\/2012\/07\/11\/seleccao-de-albergues\/\"]}]},{\"@type\":\"BreadcrumbList\",\"@id\":\"https:\/\/www.rumoasantiago.com\/frances\/2012\/07\/11\/seleccao-de-albergues\/#breadcrumb\",\"itemListElement\":[{\"@type\":\"ListItem\",\"position\":1,\"name\":\"Home\",\"item\":\"http:\/\/www.rumoasantiago.com\/frances\/\"},{\"@type\":\"ListItem\",\"position\":2,\"name\":\"Selec\u00e7\u00e3o de albergues\"}]},{\"@type\":\"WebSite\",\"@id\":\"http:\/\/www.rumoasantiago.com\/frances\/#website\",\"url\":\"http:\/\/www.rumoasantiago.com\/frances\/\",\"name\":\"Caminho Franc\u00eas de Santiago\",\"description\":\"Travessia do Caminho Franc\u00eas\",\"potentialAction\":[{\"@type\":\"SearchAction\",\"target\":{\"@type\":\"EntryPoint\",\"urlTemplate\":\"http:\/\/www.rumoasantiago.com\/frances\/?s={search_term_string}\"},\"query-input\":\"required name=search_term_string\"}],\"inLanguage\":\"pt-PT\"},{\"@type\":\"Person\",\"@id\":\"http:\/\/www.rumoasantiago.com\/frances\/#\/schema\/person\/72f32049b1b85d455e20c086d02608ee\",\"name\":\"norberto\",\"image\":{\"@type\":\"ImageObject\",\"inLanguage\":\"pt-PT\",\"@id\":\"http:\/\/www.rumoasantiago.com\/frances\/#\/schema\/person\/image\/\",\"url\":\"http:\/\/2.gravatar.com\/avatar\/258e8e796306c4f0066b7a531bd3db2d?s=96&d=mm&r=g\",\"contentUrl\":\"http:\/\/2.gravatar.com\/avatar\/258e8e796306c4f0066b7a531bd3db2d?s=96&d=mm&r=g\",\"caption\":\"norberto\"},\"url\":\"http:\/\/www.rumoasantiago.com\/frances\/author\/norberto\/\"}]}<\/script>\n<!-- \/ Yoast SEO plugin. -->","yoast_head_json":{"title":"Selec\u00e7\u00e3o de albergues - Caminho Franc\u00eas de Santiago","robots":{"index":"index","follow":"follow","max-snippet":"max-snippet:-1","max-image-preview":"max-image-preview:large","max-video-preview":"max-video-preview:-1"},"canonical":"https:\/\/www.rumoasantiago.com\/frances\/2012\/07\/11\/seleccao-de-albergues\/","twitter_card":"summary_large_image","twitter_title":"Selec\u00e7\u00e3o de albergues - Caminho Franc\u00eas de Santiago","twitter_description":"Para fazermos esta travessia mais descansados relativamente ao alojamento, opt\u00e1mos por reservar antecipadamente uma s\u00e9rie de albergues. Como todos aqueles que j\u00e1 fizeram o caminho sabem, a reserva de lugar em albergues n\u00e3o \u00e9, por norma, poss\u00edvel. No entanto isso s\u00f3 acontece nos albergues municipais e o caminho franc\u00eas est\u00e1 repleto de albergues privados. Por [&hellip;]","twitter_image":"http:\/\/www.ultreia64.fr\/wp-content\/uploads\/2012\/12\/Chambre-de-6-du-g%C3%AEte-Ultreia-Une-belle-chambre-de-6-sans-lit-superpos%C3%A92.jpg","twitter_misc":{"Escrito por":"norberto","Tempo estimado de leitura":"2 minutos"},"schema":{"@context":"https:\/\/schema.org","@graph":[{"@type":"WebPage","@id":"https:\/\/www.rumoasantiago.com\/frances\/2012\/07\/11\/seleccao-de-albergues\/","url":"https:\/\/www.rumoasantiago.com\/frances\/2012\/07\/11\/seleccao-de-albergues\/","name":"Selec\u00e7\u00e3o de albergues - Caminho Franc\u00eas de Santiago","isPartOf":{"@id":"http:\/\/www.rumoasantiago.com\/frances\/#website"},"datePublished":"2012-07-11T18:50:51+00:00","dateModified":"2013-05-13T15:16:43+00:00","author":{"@id":"http:\/\/www.rumoasantiago.com\/frances\/#\/schema\/person\/72f32049b1b85d455e20c086d02608ee"},"breadcrumb":{"@id":"https:\/\/www.rumoasantiago.com\/frances\/2012\/07\/11\/seleccao-de-albergues\/#breadcrumb"},"inLanguage":"pt-PT","potentialAction":[{"@type":"ReadAction","target":["https:\/\/www.rumoasantiago.com\/frances\/2012\/07\/11\/seleccao-de-albergues\/"]}]},{"@type":"BreadcrumbList","@id":"https:\/\/www.rumoasantiago.com\/frances\/2012\/07\/11\/seleccao-de-albergues\/#breadcrumb","itemListElement":[{"@type":"ListItem","position":1,"name":"Home","item":"http:\/\/www.rumoasantiago.com\/frances\/"},{"@type":"ListItem","position":2,"name":"Selec\u00e7\u00e3o de albergues"}]},{"@type":"WebSite","@id":"http:\/\/www.rumoasantiago.com\/frances\/#website","url":"http:\/\/www.rumoasantiago.com\/frances\/","name":"Caminho Franc\u00eas de Santiago","description":"Travessia do Caminho Franc\u00eas","potentialAction":[{"@type":"SearchAction","target":{"@type":"EntryPoint","urlTemplate":"http:\/\/www.rumoasantiago.com\/frances\/?s={search_term_string}"},"query-input":"required name=search_term_string"}],"inLanguage":"pt-PT"},{"@type":"Person","@id":"http:\/\/www.rumoasantiago.com\/frances\/#\/schema\/person\/72f32049b1b85d455e20c086d02608ee","name":"norberto","image":{"@type":"ImageObject","inLanguage":"pt-PT","@id":"http:\/\/www.rumoasantiago.com\/frances\/#\/schema\/person\/image\/","url":"http:\/\/2.gravatar.com\/avatar\/258e8e796306c4f0066b7a531bd3db2d?s=96&d=mm&r=g","contentUrl":"http:\/\/2.gravatar.com\/avatar\/258e8e796306c4f0066b7a531bd3db2d?s=96&d=mm&r=g","caption":"norberto"},"url":"http:\/\/www.rumoasantiago.com\/frances\/author\/norberto\/"}]}},"publishpress_future_action":{"enabled":false,"date":"0","action":"","terms":[],"taxonomy":""},"_links":{"self":[{"href":"http:\/\/www.rumoasantiago.com\/frances\/wp-json\/wp\/v2\/posts\/431"}],"collection":[{"href":"http:\/\/www.rumoasantiago.com\/frances\/wp-json\/wp\/v2\/posts"}],"about":[{"href":"http:\/\/www.rumoasantiago.com\/frances\/wp-json\/wp\/v2\/types\/post"}],"author":[{"embeddable":true,"href":"http:\/\/www.rumoasantiago.com\/frances\/wp-json\/wp\/v2\/users\/1"}],"replies":[{"embeddable":true,"href":"http:\/\/www.rumoasantiago.com\/frances\/wp-json\/wp\/v2\/comments?post=431"}],"version-history":[{"count":20,"href":"http:\/\/www.rumoasantiago.com\/frances\/wp-json\/wp\/v2\/posts\/431\/revisions"}],"predecessor-version":[{"id":1073,"href":"http:\/\/www.rumoasantiago.com\/frances\/wp-json\/wp\/v2\/posts\/431\/revisions\/1073"}],"wp:attachment":[{"href":"http:\/\/www.rumoasantiago.com\/frances\/wp-json\/wp\/v2\/media?parent=431"}],"wp:term":[{"taxonomy":"category","embeddable":true,"href":"http:\/\/www.rumoasantiago.com\/frances\/wp-json\/wp\/v2\/categories?post=431"},{"taxonomy":"post_tag","embeddable":true,"href":"http:\/\/www.rumoasantiago.com\/frances\/wp-json\/wp\/v2\/tags?post=431"}],"curies":[{"name":"wp","href":"https:\/\/api.w.org\/{rel}","templated":true}]}}