{"id":325,"date":"2011-05-12T12:22:29","date_gmt":"2011-05-12T11:22:29","guid":{"rendered":"http:\/\/www.rumoasantiago.com\/?p=325"},"modified":"2012-03-09T21:37:22","modified_gmt":"2012-03-09T20:37:22","slug":"rumo-a-santiago-acompanhado-pela-bike-magazine","status":"publish","type":"post","link":"http:\/\/www.rumoasantiago.com\/frances\/2011\/05\/12\/rumo-a-santiago-acompanhado-pela-bike-magazine\/","title":{"rendered":"Rumo a Santiago acompanhado pela Bike Magazine"},"content":{"rendered":"<p><a href=\"www.bikemagazine.pt\" target=\"_blank\"><img decoding=\"async\" loading=\"lazy\" class=\"size-full wp-image-326  alignleft\" style=\"margin-right: 5px;\" title=\"Bike Magazine\" src=\"http:\/\/www.rumoasantiago.com\/wp-content\/blogs.dir\/3\/files\/2011\/05\/bike_magazine_logo.jpg\" alt=\"\" width=\"226\" height=\"105\" \/><\/a><\/p>\n<p>A partir do dia 30 de Julho a nossa viagem poder\u00e1 ser acompanhada diariamente no <a title=\"Facebook oficial da Bike Magazine\" href=\"http:\/\/www.facebook.com\/BikeMagazine.pt\" target=\"_blank\">Facebook da revista Bike Magazine<\/a>, bem como no respectivo <a title=\"S\u00edtio web da Bike Magazine\" href=\"http:\/\/www.bikemagazine.pt\/\" target=\"_blank\">s\u00edtio web<\/a>.<\/p>\n<p>Mantenham-se atentos!<\/p>\n<div class=\"al2fb_like_button\"><div id=\"fb-root\"><\/div><script type=\"text\/javascript\">\n(function(d, s, id) {\n  var js, fjs = d.getElementsByTagName(s)[0];\n  if (d.getElementById(id)) return;\n  js = d.createElement(s); js.id = id;\n  js.src = \"\/\/connect.facebook.net\/pt_PT\/all.js#xfbml=1&appId=118672068213591\";\n  fjs.parentNode.insertBefore(js, fjs);\n}(document, \"script\", \"facebook-jssdk\"));\n<\/script>\n<fb:like href=\"http:\/\/www.rumoasantiago.com\/frances\/2011\/05\/12\/rumo-a-santiago-acompanhado-pela-bike-magazine\/\" layout=\"button_count\" show_faces=\"true\" share=\"false\" width=\"450\" action=\"like\" font=\"arial\" colorscheme=\"light\" ref=\"AL2FB\"><\/fb:like><\/div>","protected":false},"excerpt":{"rendered":"<p>A partir do dia 30 de Julho a nossa viagem poder\u00e1 ser acompanhada diariamente no Facebook da revista Bike Magazine, bem como no respectivo s\u00edtio web. Mantenham-se atentos!<\/p>\n","protected":false},"author":1,"featured_media":0,"comment_status":"open","ping_status":"open","sticky":false,"template":"","format":"standard","meta":[],"categories":[16,1,20],"tags":[],"yoast_head":"<!-- This site is optimized with the Yoast SEO plugin v20.10 - https:\/\/yoast.com\/wordpress\/plugins\/seo\/ -->\n<title>Rumo a Santiago acompanhado pela Bike Magazine - Caminho Franc\u00eas de Santiago<\/title>\n<meta name=\"robots\" content=\"index, follow, max-snippet:-1, max-image-preview:large, max-video-preview:-1\" \/>\n<link rel=\"canonical\" href=\"http:\/\/www.rumoasantiago.com\/frances\/2011\/05\/12\/rumo-a-santiago-acompanhado-pela-bike-magazine\/\" \/>\n<meta name=\"twitter:card\" content=\"summary_large_image\" \/>\n<meta name=\"twitter:title\" content=\"Rumo a Santiago acompanhado pela Bike Magazine - Caminho Franc\u00eas de Santiago\" \/>\n<meta name=\"twitter:description\" content=\"A partir do dia 30 de Julho a nossa viagem poder\u00e1 ser acompanhada diariamente no Facebook da revista Bike Magazine, bem como no respectivo s\u00edtio web. Mantenham-se atentos!\" \/>\n<meta name=\"twitter:image\" content=\"http:\/\/www.rumoasantiago.com\/wp-content\/blogs.dir\/3\/files\/2011\/05\/bike_magazine_logo.jpg\" \/>\n<meta name=\"twitter:label1\" content=\"Escrito por\" \/>\n\t<meta name=\"twitter:data1\" content=\"norberto\" \/>\n<script type=\"application\/ld+json\" class=\"yoast-schema-graph\">{\"@context\":\"https:\/\/schema.org\",\"@graph\":[{\"@type\":\"WebPage\",\"@id\":\"http:\/\/www.rumoasantiago.com\/frances\/2011\/05\/12\/rumo-a-santiago-acompanhado-pela-bike-magazine\/\",\"url\":\"http:\/\/www.rumoasantiago.com\/frances\/2011\/05\/12\/rumo-a-santiago-acompanhado-pela-bike-magazine\/\",\"name\":\"Rumo a Santiago acompanhado pela Bike Magazine - Caminho Franc\u00eas de Santiago\",\"isPartOf\":{\"@id\":\"http:\/\/www.rumoasantiago.com\/frances\/#website\"},\"datePublished\":\"2011-05-12T11:22:29+00:00\",\"dateModified\":\"2012-03-09T20:37:22+00:00\",\"author\":{\"@id\":\"http:\/\/www.rumoasantiago.com\/frances\/#\/schema\/person\/72f32049b1b85d455e20c086d02608ee\"},\"breadcrumb\":{\"@id\":\"http:\/\/www.rumoasantiago.com\/frances\/2011\/05\/12\/rumo-a-santiago-acompanhado-pela-bike-magazine\/#breadcrumb\"},\"inLanguage\":\"pt-PT\",\"potentialAction\":[{\"@type\":\"ReadAction\",\"target\":[\"http:\/\/www.rumoasantiago.com\/frances\/2011\/05\/12\/rumo-a-santiago-acompanhado-pela-bike-magazine\/\"]}]},{\"@type\":\"BreadcrumbList\",\"@id\":\"http:\/\/www.rumoasantiago.com\/frances\/2011\/05\/12\/rumo-a-santiago-acompanhado-pela-bike-magazine\/#breadcrumb\",\"itemListElement\":[{\"@type\":\"ListItem\",\"position\":1,\"name\":\"Home\",\"item\":\"http:\/\/www.rumoasantiago.com\/frances\/\"},{\"@type\":\"ListItem\",\"position\":2,\"name\":\"Rumo a Santiago acompanhado pela Bike Magazine\"}]},{\"@type\":\"WebSite\",\"@id\":\"http:\/\/www.rumoasantiago.com\/frances\/#website\",\"url\":\"http:\/\/www.rumoasantiago.com\/frances\/\",\"name\":\"Caminho Franc\u00eas de Santiago\",\"description\":\"Travessia do Caminho Franc\u00eas\",\"potentialAction\":[{\"@type\":\"SearchAction\",\"target\":{\"@type\":\"EntryPoint\",\"urlTemplate\":\"http:\/\/www.rumoasantiago.com\/frances\/?s={search_term_string}\"},\"query-input\":\"required name=search_term_string\"}],\"inLanguage\":\"pt-PT\"},{\"@type\":\"Person\",\"@id\":\"http:\/\/www.rumoasantiago.com\/frances\/#\/schema\/person\/72f32049b1b85d455e20c086d02608ee\",\"name\":\"norberto\",\"image\":{\"@type\":\"ImageObject\",\"inLanguage\":\"pt-PT\",\"@id\":\"http:\/\/www.rumoasantiago.com\/frances\/#\/schema\/person\/image\/\",\"url\":\"http:\/\/2.gravatar.com\/avatar\/258e8e796306c4f0066b7a531bd3db2d?s=96&d=mm&r=g\",\"contentUrl\":\"http:\/\/2.gravatar.com\/avatar\/258e8e796306c4f0066b7a531bd3db2d?s=96&d=mm&r=g\",\"caption\":\"norberto\"},\"url\":\"http:\/\/www.rumoasantiago.com\/frances\/author\/norberto\/\"}]}<\/script>\n<!-- \/ Yoast SEO plugin. -->","yoast_head_json":{"title":"Rumo a Santiago acompanhado pela Bike Magazine - Caminho Franc\u00eas de Santiago","robots":{"index":"index","follow":"follow","max-snippet":"max-snippet:-1","max-image-preview":"max-image-preview:large","max-video-preview":"max-video-preview:-1"},"canonical":"http:\/\/www.rumoasantiago.com\/frances\/2011\/05\/12\/rumo-a-santiago-acompanhado-pela-bike-magazine\/","twitter_card":"summary_large_image","twitter_title":"Rumo a Santiago acompanhado pela Bike Magazine - Caminho Franc\u00eas de Santiago","twitter_description":"A partir do dia 30 de Julho a nossa viagem poder\u00e1 ser acompanhada diariamente no Facebook da revista Bike Magazine, bem como no respectivo s\u00edtio web. Mantenham-se atentos!","twitter_image":"http:\/\/www.rumoasantiago.com\/wp-content\/blogs.dir\/3\/files\/2011\/05\/bike_magazine_logo.jpg","twitter_misc":{"Escrito por":"norberto"},"schema":{"@context":"https:\/\/schema.org","@graph":[{"@type":"WebPage","@id":"http:\/\/www.rumoasantiago.com\/frances\/2011\/05\/12\/rumo-a-santiago-acompanhado-pela-bike-magazine\/","url":"http:\/\/www.rumoasantiago.com\/frances\/2011\/05\/12\/rumo-a-santiago-acompanhado-pela-bike-magazine\/","name":"Rumo a Santiago acompanhado pela Bike Magazine - Caminho Franc\u00eas de Santiago","isPartOf":{"@id":"http:\/\/www.rumoasantiago.com\/frances\/#website"},"datePublished":"2011-05-12T11:22:29+00:00","dateModified":"2012-03-09T20:37:22+00:00","author":{"@id":"http:\/\/www.rumoasantiago.com\/frances\/#\/schema\/person\/72f32049b1b85d455e20c086d02608ee"},"breadcrumb":{"@id":"http:\/\/www.rumoasantiago.com\/frances\/2011\/05\/12\/rumo-a-santiago-acompanhado-pela-bike-magazine\/#breadcrumb"},"inLanguage":"pt-PT","potentialAction":[{"@type":"ReadAction","target":["http:\/\/www.rumoasantiago.com\/frances\/2011\/05\/12\/rumo-a-santiago-acompanhado-pela-bike-magazine\/"]}]},{"@type":"BreadcrumbList","@id":"http:\/\/www.rumoasantiago.com\/frances\/2011\/05\/12\/rumo-a-santiago-acompanhado-pela-bike-magazine\/#breadcrumb","itemListElement":[{"@type":"ListItem","position":1,"name":"Home","item":"http:\/\/www.rumoasantiago.com\/frances\/"},{"@type":"ListItem","position":2,"name":"Rumo a Santiago acompanhado pela Bike Magazine"}]},{"@type":"WebSite","@id":"http:\/\/www.rumoasantiago.com\/frances\/#website","url":"http:\/\/www.rumoasantiago.com\/frances\/","name":"Caminho Franc\u00eas de Santiago","description":"Travessia do Caminho Franc\u00eas","potentialAction":[{"@type":"SearchAction","target":{"@type":"EntryPoint","urlTemplate":"http:\/\/www.rumoasantiago.com\/frances\/?s={search_term_string}"},"query-input":"required name=search_term_string"}],"inLanguage":"pt-PT"},{"@type":"Person","@id":"http:\/\/www.rumoasantiago.com\/frances\/#\/schema\/person\/72f32049b1b85d455e20c086d02608ee","name":"norberto","image":{"@type":"ImageObject","inLanguage":"pt-PT","@id":"http:\/\/www.rumoasantiago.com\/frances\/#\/schema\/person\/image\/","url":"http:\/\/2.gravatar.com\/avatar\/258e8e796306c4f0066b7a531bd3db2d?s=96&d=mm&r=g","contentUrl":"http:\/\/2.gravatar.com\/avatar\/258e8e796306c4f0066b7a531bd3db2d?s=96&d=mm&r=g","caption":"norberto"},"url":"http:\/\/www.rumoasantiago.com\/frances\/author\/norberto\/"}]}},"publishpress_future_action":{"enabled":false,"date":"0","action":"","terms":[],"taxonomy":""},"_links":{"self":[{"href":"http:\/\/www.rumoasantiago.com\/frances\/wp-json\/wp\/v2\/posts\/325"}],"collection":[{"href":"http:\/\/www.rumoasantiago.com\/frances\/wp-json\/wp\/v2\/posts"}],"about":[{"href":"http:\/\/www.rumoasantiago.com\/frances\/wp-json\/wp\/v2\/types\/post"}],"author":[{"embeddable":true,"href":"http:\/\/www.rumoasantiago.com\/frances\/wp-json\/wp\/v2\/users\/1"}],"replies":[{"embeddable":true,"href":"http:\/\/www.rumoasantiago.com\/frances\/wp-json\/wp\/v2\/comments?post=325"}],"version-history":[{"count":8,"href":"http:\/\/www.rumoasantiago.com\/frances\/wp-json\/wp\/v2\/posts\/325\/revisions"}],"predecessor-version":[{"id":999,"href":"http:\/\/www.rumoasantiago.com\/frances\/wp-json\/wp\/v2\/posts\/325\/revisions\/999"}],"wp:attachment":[{"href":"http:\/\/www.rumoasantiago.com\/frances\/wp-json\/wp\/v2\/media?parent=325"}],"wp:term":[{"taxonomy":"category","embeddable":true,"href":"http:\/\/www.rumoasantiago.com\/frances\/wp-json\/wp\/v2\/categories?post=325"},{"taxonomy":"post_tag","embeddable":true,"href":"http:\/\/www.rumoasantiago.com\/frances\/wp-json\/wp\/v2\/tags?post=325"}],"curies":[{"name":"wp","href":"https:\/\/api.w.org\/{rel}","templated":true}]}}